{"id":370695,"date":"2012-03-12T23:56:59","date_gmt":"2012-03-13T03:56:59","guid":{"rendered":"http:\/\/diarioelpopular.com\/?p=370695"},"modified":"2012-03-12T23:56:59","modified_gmt":"2012-03-13T03:56:59","slug":"messi-guardiola-es-mas-importante-que-yo-sin-el-todo-seria-diferente","status":"publish","type":"post","link":"https:\/\/diarioelpopular.com\/index.php\/2012\/03\/12\/messi-guardiola-es-mas-importante-que-yo-sin-el-todo-seria-diferente\/","title":{"rendered":"Messi: &#8220;Guardiola es m\u00e1s importante que yo. Sin \u00e9l, todo ser\u00eda diferente&#8221;"},"content":{"rendered":"<div id=\"attachment_370696\" style=\"width: 810px\" class=\"wp-caption aligncenter\"><a href=\"https:\/\/diarioelpopular.com\/wp-content\/uploads\/2012\/03\/ok.web_.messi_4.jpg\"><img loading=\"lazy\" decoding=\"async\" aria-describedby=\"caption-attachment-370696\" class=\"size-full wp-image-370696\" title=\"ok.web.messi\" src=\"https:\/\/diarioelpopular.com\/wp-content\/uploads\/2012\/03\/ok.web_.messi_4.jpg\" alt=\"\" width=\"800\" height=\"533\" \/><\/a><p id=\"caption-attachment-370696\" class=\"wp-caption-text\">BARCELONA.- El delantero argentino del Barcelona Leo Messi durante la presentaci\u00f3n de un proyecto solidario en el que ha asegurado que Pep Guardiola es mucho m\u00e1s importante que \u00e9l en un Barcelona que &quot;ser\u00eda muy diferente&quot; si el t\u00e9cnico decide no renovar y ha lamentado el &quot;perjuicio&quot; que han provocado las pol\u00e9micas arbitrales en las \u00faltimas temporadas.<\/p><\/div>\n<p><strong><em>Sant Joan Desp\u00ed (Barcelona).-<\/em><\/strong> El delantero azulgrana Lionel Messi ha asegurado este lunes que Pep Guardiola es mucho m\u00e1s importante que \u00e9l en un Barcelona que &#8220;ser\u00eda muy diferente&#8221; si el t\u00e9cnico decide no renovar, y ha lamentado el &#8220;perjuicio&#8221; que han provocado las pol\u00e9micas arbitrales en las \u00faltimas temporadas.<\/p>\n<p>En su primera rueda de prensa en la ciudad deportiva de Sant Joan Desp\u00ed desde que es jugador del Bar\u00e7a, motivo por el cual se han congregado una multitud de medios de comunicaci\u00f3n, Messi ha confiado en la continuidad del preparador azulgrana.<\/p>\n<p>&#8220;Obviamente el club va a seguir y nosotros tambi\u00e9n, pero ser\u00eda muy diferente sin \u00e9l. Primero ser\u00eda muy dif\u00edcil encontrar a otro entrenador que haga lo que consigui\u00f3 \u00e9l ac\u00e1, lo que gan\u00f3 y, m\u00e1s de lo que gan\u00f3, c\u00f3mo hizo jugar al equipo. Si el Bar\u00e7a juega as\u00ed desde hace cuatro a\u00f1os es porque \u00e9l lo hizo as\u00ed&#8221;, ha dicho el argentino.<\/p>\n<p>Por ello, en el vestuario barcelonista est\u00e1n &#8220;a la espera de que decida, cuando \u00e9l crea oportuno, si se quedar\u00e1 o no&#8221;. &#8220;Lo que dijimos, ya muchas veces, es que queremos que siga con nosotros por el bien de todos. De nosotros, del club y de la gente que as\u00ed lo quiere. Pero \u00e9l es quien decide y estamos tranquilos&#8221;, ha a\u00f1adido.<\/p>\n<p>Preguntado, en ese sentido, sobre si es m\u00e1s importante Guardiola que Messi en el Bar\u00e7a actual, el delantero argentino lo ha tenido claro: &#8220;Guardiola, sin duda. Desde que lleg\u00f3 \u00e9l cambi\u00f3 todo para nosotros, para el club. Se consigui\u00f3 todo lo que se consigui\u00f3 y para m\u00ed fue fundamental en todo este proyecto del Barcelona&#8221;.<\/p>\n<p>Por otro lado, la distancia respecto al Real Madrid en Liga y la pol\u00e9mica sobre las decisiones arbitrales en lo que va de curso tambi\u00e9n han centrado la comparecencia de Messi.<\/p>\n<p>&#8220;A todos nos gustar\u00eda estar m\u00e1s cerca o primeros&#8221;, ha admitido. &#8220;Esta muy complicada la Liga. Son diez puntos, cada vez quedan menos partidos y el Madrid no pierde puntos. Est\u00e1 dif\u00edcil hoy por hoy, pero se tiene que ganar por si se da la oportunidad&#8221;.<\/p>\n<p>En todo caso, no ha querido atribuir esa diferencia a las decisiones arbitrales adversas. &#8220;Me parece que en los \u00faltimos tiempos se le puso las cosas dif\u00edciles a los \u00e1rbitros, porque se habla continuamente de ellos. Para bien o para mal est\u00e1n todo el d\u00eda en la tele y, si ya es dif\u00edcil su trabajo, mucho m\u00e1s teniendo toda esa presi\u00f3n que viene de Madrid y Barcelona&#8221;.<\/p>\n<p>&#8220;Hablar mucho de los \u00e1rbitros ha perjudicado a los partidos&#8221;, ha a\u00f1adido, defendiendo en asimismo la intachable trayectoria de los azulgranas, ajena a cualquier tipo de favoritismo arbitral.<\/p>\n<p>&#8220;Creo que la imagen que dio el Bar\u00e7a durante estos cuatro a\u00f1os habla por s\u00ed sola, por el juego que hace y el reconocimiento en todo el mundo. No creo que haya tenido ayuda de nadie y por eso es reconocido como el mejor equipo del mundo y muchos dicen que el mejor de la historia. No hay que dar importancia&#8221;, ha matizado.<br \/>\nUn reconocimiento que se ha hecho extensible a Messi, del que muchos ya califican como el mejor de todos los tiempos. &#8220;No juego ni para ser el mejor de la historia, ni el mejor del momento, ni nada de eso. Juego para hacer las cosas bien, para el equipo, sea el Bar\u00e7a o Argentina, para la gente y sobre todo para m\u00ed&#8221;.<\/p>\n<p>Por ello, pese a reconocer la &#8220;felicidad y sensaci\u00f3n linda&#8221; que le produjeron los elogios de muchos futbolistas a su actuaci\u00f3n ante el Bayer Leverkusen, donde anot\u00f3 cinco tantos, el argentino ha recordado que &#8220;lo m\u00e1s importante es el grupo, el equipo&#8221;.<\/p>\n<p>&#8220;Despu\u00e9s -ha agregado- si se alcanza el r\u00e9cord goleador, el &#8216;pichichi&#8217; o la Bota de Oro, pues est\u00e1 de m\u00e1s para m\u00ed. Mis goles son lo de menos&#8221;.<\/p>\n<p>A\u00fan as\u00ed, ha afirmado que le motiva &#8220;estar tan cerca del reto de ser mucho m\u00e1s en la historia de un club tan grande como es el Bar\u00e7a&#8221;, en referencia a superar la cifra los 235 goles de C\u00e9sar, m\u00e1ximo goleador de la historia cul\u00e9, del que solo le separan cinco tantos. &#8220;No me pongo fecha para ello&#8221;.<\/p>\n<p>Por \u00faltimo, y en un acto en el que ha presentado un proyecto solidario de la Fundaci\u00f3n Leo Messi en el humilde barrio del Buen Pastor (Barcelona), as\u00ed como el videojuego &#8220;Fifa Street&#8221;, al que presta su imagen, Messi ha reconocido que &#8220;es m\u00e1s f\u00e1cil marcar en el videojuego cinco goles que en un partido. Es muy dif\u00edcil que se vuelva a repetir&#8221;.<\/p>\n","protected":false},"excerpt":{"rendered":"<p>El delantero azulgrana Lionel Messi ha asegurado este lunes que Pep Guardiola es mucho m\u00e1s importante que \u00e9l en un Barcelona que &#8220;ser\u00eda muy diferente&#8221; si el t\u00e9cnico decide no renovar, y ha lamentado el &#8220;perjuicio&#8221; que han provocado las pol\u00e9micas arbitrales en las \u00faltimas temporadas.<\/p>\n","protected":false},"author":1,"featured_media":370696,"comment_status":"open","ping_status":"open","sticky":false,"template":"","format":"standard","meta":{"footnotes":""},"categories":[28],"tags":[178,179,570,2513,571],"class_list":["post-370695","post","type-post","status-publish","format-standard","has-post-thumbnail","hentry","category-deportes","tag-barcelona","tag-futbol-2","tag-guardiola","tag-leo","tag-messi"],"_links":{"self":[{"href":"https:\/\/diarioelpopular.com\/index.php\/wp-json\/wp\/v2\/posts\/370695","targetHints":{"allow":["GET"]}}],"collection":[{"href":"https:\/\/diarioelpopular.com\/index.php\/wp-json\/wp\/v2\/posts"}],"about":[{"href":"https:\/\/diarioelpopular.com\/index.php\/wp-json\/wp\/v2\/types\/post"}],"author":[{"embeddable":true,"href":"https:\/\/diarioelpopular.com\/index.php\/wp-json\/wp\/v2\/users\/1"}],"replies":[{"embeddable":true,"href":"https:\/\/diarioelpopular.com\/index.php\/wp-json\/wp\/v2\/comments?post=370695"}],"version-history":[{"count":0,"href":"https:\/\/diarioelpopular.com\/index.php\/wp-json\/wp\/v2\/posts\/370695\/revisions"}],"wp:featuredmedia":[{"embeddable":true,"href":"https:\/\/diarioelpopular.com\/index.php\/wp-json\/"}],"wp:attachment":[{"href":"https:\/\/diarioelpopular.com\/index.php\/wp-json\/wp\/v2\/media?parent=370695"}],"wp:term":[{"taxonomy":"category","embeddable":true,"href":"https:\/\/diarioelpopular.com\/index.php\/wp-json\/wp\/v2\/categories?post=370695"},{"taxonomy":"post_tag","embeddable":true,"href":"https:\/\/diarioelpopular.com\/index.php\/wp-json\/wp\/v2\/tags?post=370695"}],"curies":[{"name":"wp","href":"https:\/\/api.w.org\/{rel}","templated":true}]}}