{"id":371057,"date":"2012-03-13T23:00:42","date_gmt":"2012-03-14T03:00:42","guid":{"rendered":"http:\/\/diarioelpopular.com\/?p=371057"},"modified":"2012-03-13T23:00:42","modified_gmt":"2012-03-14T03:00:42","slug":"xavi-admite-que-el-vestuario-no-esta-preparado-para-la-marcha-de-pep","status":"publish","type":"post","link":"https:\/\/diarioelpopular.com\/index.php\/2012\/03\/13\/xavi-admite-que-el-vestuario-no-esta-preparado-para-la-marcha-de-pep\/","title":{"rendered":"Xavi admite que el vestuario no est\u00e1 preparado para la marcha de Pep"},"content":{"rendered":"<div id=\"attachment_371058\" style=\"width: 801px\" class=\"wp-caption aligncenter\"><a href=\"https:\/\/diarioelpopular.com\/wp-content\/uploads\/2012\/03\/ok.web_.xavi_.jpg\"><img loading=\"lazy\" decoding=\"async\" aria-describedby=\"caption-attachment-371058\" class=\"size-full wp-image-371058\" title=\"ok.web.xavi\" src=\"https:\/\/diarioelpopular.com\/wp-content\/uploads\/2012\/03\/ok.web_.xavi_.jpg\" alt=\"\" width=\"791\" height=\"475\" \/><\/a><p id=\"caption-attachment-371058\" class=\"wp-caption-text\">BARCELONA.- El futbolista del Barcelona Xavi Hern\u00e1ndez durante la rueda de prensa que ofreci\u00f3 este martes en la que ha reconocido que el vestuario azulgrana no est\u00e1 preparado para la marcha de su t\u00e9cnico Pep Guardiola, que todav\u00eda no ha renovado su contrato y al que considera un &quot;l\u00edder&quot;.<\/p><\/div>\n<p><strong><em>Barcelona.-<\/em><\/strong> El futbolista del Barcelona Xavi Hern\u00e1ndez ha reconocido este martes que el vestuario azulgrana no est\u00e1 preparado para la marcha de su t\u00e9cnico Pep Guardiola, que todav\u00eda no ha renovado su contrato y al que considera un &#8220;l\u00edder&#8221;.<\/p>\n<p>&#8220;Espero, deseo y quiero que renueve, pero no estamos preparados (para su marcha). Nos gustar\u00eda que siguiera y por muchos a\u00f1os, este club es muy exigente y cuesta pero esperemos que contin\u00fae, yo lo deseo&#8221;, ha afirmado Xavi en un acto publicitario con la empresa de navegaci\u00f3n port\u00e1til GPS Garmin.<\/p>\n<p>El jugador ha explicado que la plantilla se tendr\u00eda que preparar para un &#8220;no&#8221;, pero ha desgranado la importancia de Guardiola en la consecuci\u00f3n de los t\u00edtulos del Bar\u00e7a en estos \u00faltimos a\u00f1os.<\/p>\n<p>&#8220;Porque es el l\u00edder del vestuario, porque es el que da orden, el que ha puesto una disciplina, el que nos ha dado este empaque para ganar, nos ha convertido en ganadores. En todo lo que hab\u00e9is visto en el terreno de juego. El trabajo que hace, t\u00e1cticamente, psicol\u00f3gicamente, todo&#8221;, ha indicado el centrocampista catal\u00e1n.<\/p>\n<p>En este sentido, el internacional espa\u00f1ol ha comentado que la renovaci\u00f3n depende \u00fanicamente de Guardiola y que no les importa si el t\u00e9cnico del Madrid Jos\u00e9 Mourinho tambi\u00e9n sigue en el banquillo blanco la pr\u00f3xima temporada: &#8220;porque no miramos a ning\u00fan otro lado&#8221;.<\/p>\n<p>Asimismo, Xavi Hern\u00e1ndez ha subrayado que la &#8220;guerra&#8221; que se ha vivido entre Barcelona y Real Madrid quiz\u00e1s no ha dejado ver los triunfos azulgranas en estos \u00faltimos a\u00f1os y no se han valorado tanto como en el extranjero.<\/p>\n<p>&#8220;Quiz\u00e1s la guerra Bar\u00e7a-Madrid que hay a nivel futbol\u00edstico pues no deja ver los triunfos del Bar\u00e7a en esto \u00faltimos a\u00f1os. Yo creo que nos valoran m\u00e1s fuera de Espa\u00f1a que en Espa\u00f1a&#8221;, ha dicho un Xavi que ha incidido que en Europa aprecian mucho m\u00e1s reconocimiento.<\/p>\n<p>El jugador catal\u00e1n ha seguido el camino marcado por Iniesta y Leo Messi y ha asegurado que se est\u00e1 hablando demasiado de los \u00e1rbitros, que no son los culpables de la actuaci\u00f3n posici\u00f3n en la liga de los azulgrana.<\/p>\n<p>&#8220;No queremos hablar de los \u00e1rbitros. Somos autocr\u00edticos y si estamos a 10 puntos es porque no estamos haciendo las cosas tan bien como en a\u00f1os anteriores&#8221;, ha sentenciado.<\/p>\n<p>Sobre el Madrid ha comentado que puede pinchar contra cualquier equipo, si bien ha manifestado que, como el propio Bar\u00e7a, est\u00e1n muy fuertes en casa, pero ha se\u00f1alado que seguir\u00e1n peleando por la liga hasta el final<\/p>\n<p>&#8220;Tanto al Madrid como al Barcelona nos est\u00e1 costando ganar partidos, y mas fuera de casa, en casa s\u00ed que se est\u00e1n ganando holgadamente&#8221;, ha manifestado.<\/p>\n<p>Xavi ha confirmado que el equipo ha recuperado en las \u00faltimas semanas el &#8220;nivel de juego alto&#8221; y ha asegurado que les espera un dif\u00edcil encuentro en el Pizju\u00e1n ante el Sevilla este fin de semana en liga.<\/p>\n","protected":false},"excerpt":{"rendered":"<p>El futbolista del Barcelona Xavi Hern\u00e1ndez ha reconocido este martes que el vestuario azulgrana no est\u00e1 preparado para la marcha de su t\u00e9cnico Pep Guardiola, que todav\u00eda no ha renovado su contrato y al que considera un &#8220;l\u00edder&#8221;.<\/p>\n","protected":false},"author":1,"featured_media":371058,"comment_status":"open","ping_status":"open","sticky":false,"template":"","format":"standard","meta":{"footnotes":""},"categories":[28],"tags":[178,179,2531],"class_list":["post-371057","post","type-post","status-publish","format-standard","has-post-thumbnail","hentry","category-deportes","tag-barcelona","tag-futbol-2","tag-xavi"],"_links":{"self":[{"href":"https:\/\/diarioelpopular.com\/index.php\/wp-json\/wp\/v2\/posts\/371057","targetHints":{"allow":["GET"]}}],"collection":[{"href":"https:\/\/diarioelpopular.com\/index.php\/wp-json\/wp\/v2\/posts"}],"about":[{"href":"https:\/\/diarioelpopular.com\/index.php\/wp-json\/wp\/v2\/types\/post"}],"author":[{"embeddable":true,"href":"https:\/\/diarioelpopular.com\/index.php\/wp-json\/wp\/v2\/users\/1"}],"replies":[{"embeddable":true,"href":"https:\/\/diarioelpopular.com\/index.php\/wp-json\/wp\/v2\/comments?post=371057"}],"version-history":[{"count":0,"href":"https:\/\/diarioelpopular.com\/index.php\/wp-json\/wp\/v2\/posts\/371057\/revisions"}],"wp:featuredmedia":[{"embeddable":true,"href":"https:\/\/diarioelpopular.com\/index.php\/wp-json\/"}],"wp:attachment":[{"href":"https:\/\/diarioelpopular.com\/index.php\/wp-json\/wp\/v2\/media?parent=371057"}],"wp:term":[{"taxonomy":"category","embeddable":true,"href":"https:\/\/diarioelpopular.com\/index.php\/wp-json\/wp\/v2\/categories?post=371057"},{"taxonomy":"post_tag","embeddable":true,"href":"https:\/\/diarioelpopular.com\/index.php\/wp-json\/wp\/v2\/tags?post=371057"}],"curies":[{"name":"wp","href":"https:\/\/api.w.org\/{rel}","templated":true}]}}