{"id":371063,"date":"2012-03-13T22:59:49","date_gmt":"2012-03-14T02:59:49","guid":{"rendered":"http:\/\/diarioelpopular.com\/?p=371063"},"modified":"2012-03-13T22:59:49","modified_gmt":"2012-03-14T02:59:49","slug":"mourinho-descarta-a-callejon-carvalho-y-altintop-ante-el-cska","status":"publish","type":"post","link":"https:\/\/diarioelpopular.com\/index.php\/2012\/03\/13\/mourinho-descarta-a-callejon-carvalho-y-altintop-ante-el-cska\/","title":{"rendered":"Mourinho descarta a Callej\u00f3n, Carvalho y Altintop ante el CSKA"},"content":{"rendered":"<div id=\"attachment_371064\" style=\"width: 737px\" class=\"wp-caption aligncenter\"><a href=\"https:\/\/diarioelpopular.com\/wp-content\/uploads\/2012\/03\/ok.web_.mourinho.jpg\"><img loading=\"lazy\" decoding=\"async\" aria-describedby=\"caption-attachment-371064\" class=\"size-full wp-image-371064\" title=\"ok.web.mourinho\" src=\"https:\/\/diarioelpopular.com\/wp-content\/uploads\/2012\/03\/ok.web_.mourinho.jpg\" alt=\"\" width=\"727\" height=\"436\" \/><\/a><p id=\"caption-attachment-371064\" class=\"wp-caption-text\">MADRID.- El t\u00e9cnico portugu\u00e9s Jose Mourinho (i) y su compatriota el delantero CristianoRonaldo durante la rueda de prensa que ofrecieron este martes tras el entrenamiento del Real Madrid ante el CSKA de Mosc\u00fa, en la vuelta de los octavos de final de la Liga de Campeones que se disputar\u00e1 en el estadio Santiago Bernab\u00e9u.<\/p><\/div>\n<p><strong><em>Madrid.-<\/em><\/strong> Jos\u00e9 Mourinho, t\u00e9cnico del Real Madrid, ha descartado por decisi\u00f3n t\u00e9cnica a Jos\u00e9 Callej\u00f3n, Ricardo Carvalho y Hamit Altintop para el encuentro de vuelta de los octavos de final de Liga de Campeones, que se pierden por lesi\u00f3n Fabio Coentrao y \u00c1ngel Di Mar\u00eda.<\/p>\n<p>El t\u00e9cnico del Real Madrid deb\u00eda realizar descartes para confeccionar una convocatoria de 18 futbolistas, que es de uno m\u00e1s para el hotel de concentraci\u00f3n por la presencia del portero canterano Tom\u00e1s Mej\u00edas que ser\u00e1 el \u00faltimo descarte.<\/p>\n<p>Con el regreso desde el \u00faltimo partido liguero del franc\u00e9s Karim Benzema, recuperado de su lesi\u00f3n muscular, y sin bajas por sanci\u00f3n, Mourinho ha tenido que descartar a Callej\u00f3n, Carvalho y Altintop.<\/p>\n<p>Destaca la ausencia de Callej\u00f3n, que era un cambio habitual en los partidos y lleg\u00f3 a ser titular. No figura en el parte m\u00e9dico, en el que tan solo aparecen el argentino Di Mar\u00eda, con una lesi\u00f3n muscular en recto anterior derecho, y el portugu\u00e9s Coentrao, por una rotura fibrilar del aductor largo de la pierna derecha.<\/p>\n<p>La lista de convocados la forman: Casillas, Ad\u00e1n, Tom\u00e1s Mej\u00edas, Arbeloa, Sergio Ramos, Pepe, Varane, Ra\u00fal Albiol, Marcelo, Lass, Khedira, Xabi Alonso, Granero, Sahin, \u00d6zil, Kak\u00e1, Cristiano Ronaldo, Higua\u00edn y Benzema.<\/p>\n<p>El equipo se concentr\u00f3 a las 20.30 horas de este martes. Los convocados est\u00e1n citados en el estadio Santiago Bernab\u00e9u, para desde all\u00ed dirigirse en el autob\u00fas oficial al hotel de concentraci\u00f3n.<\/p>\n<p>Tras el partido ante el CSKA, disfrutar\u00e1n del jueves libre para volver a los entrenamientos el viernes a las 11.00 horas en Valdebebas.<\/p>\n<p>&nbsp;<\/p>\n","protected":false},"excerpt":{"rendered":"<p>Jos\u00e9 Mourinho, t\u00e9cnico del Real Madrid, ha descartado por decisi\u00f3n t\u00e9cnica a Jos\u00e9 Callej\u00f3n, Ricardo Carvalho y Hamit Altintop para el encuentro de vuelta de los octavos de final de Liga de Campeones, que se pierden por lesi\u00f3n Fabio Coentrao y \u00c1ngel Di Mar\u00eda.<\/p>\n","protected":false},"author":1,"featured_media":371064,"comment_status":"open","ping_status":"open","sticky":false,"template":"","format":"standard","meta":{"footnotes":""},"categories":[28],"tags":[2455,2442,503,1956,2534,2432],"class_list":["post-371063","post","type-post","status-publish","format-standard","has-post-thumbnail","hentry","category-deportes","tag-campeones","tag-de","tag-liga","tag-madrid","tag-mourinho","tag-real"],"_links":{"self":[{"href":"https:\/\/diarioelpopular.com\/index.php\/wp-json\/wp\/v2\/posts\/371063","targetHints":{"allow":["GET"]}}],"collection":[{"href":"https:\/\/diarioelpopular.com\/index.php\/wp-json\/wp\/v2\/posts"}],"about":[{"href":"https:\/\/diarioelpopular.com\/index.php\/wp-json\/wp\/v2\/types\/post"}],"author":[{"embeddable":true,"href":"https:\/\/diarioelpopular.com\/index.php\/wp-json\/wp\/v2\/users\/1"}],"replies":[{"embeddable":true,"href":"https:\/\/diarioelpopular.com\/index.php\/wp-json\/wp\/v2\/comments?post=371063"}],"version-history":[{"count":0,"href":"https:\/\/diarioelpopular.com\/index.php\/wp-json\/wp\/v2\/posts\/371063\/revisions"}],"wp:featuredmedia":[{"embeddable":true,"href":"https:\/\/diarioelpopular.com\/index.php\/wp-json\/"}],"wp:attachment":[{"href":"https:\/\/diarioelpopular.com\/index.php\/wp-json\/wp\/v2\/media?parent=371063"}],"wp:term":[{"taxonomy":"category","embeddable":true,"href":"https:\/\/diarioelpopular.com\/index.php\/wp-json\/wp\/v2\/categories?post=371063"},{"taxonomy":"post_tag","embeddable":true,"href":"https:\/\/diarioelpopular.com\/index.php\/wp-json\/wp\/v2\/tags?post=371063"}],"curies":[{"name":"wp","href":"https:\/\/api.w.org\/{rel}","templated":true}]}}