{"id":371066,"date":"2012-03-13T22:59:32","date_gmt":"2012-03-14T02:59:32","guid":{"rendered":"http:\/\/diarioelpopular.com\/?p=371066"},"modified":"2012-03-13T22:59:32","modified_gmt":"2012-03-14T02:59:32","slug":"muere-timo-konietzka-autor-del-primer-gol-de-la-historia-de-la-bundesliga","status":"publish","type":"post","link":"https:\/\/diarioelpopular.com\/index.php\/2012\/03\/13\/muere-timo-konietzka-autor-del-primer-gol-de-la-historia-de-la-bundesliga\/","title":{"rendered":"Muere Timo Konietzka, autor del primer gol de la historia de la Bundesliga"},"content":{"rendered":"<div id=\"attachment_371067\" style=\"width: 799px\" class=\"wp-caption aligncenter\"><a href=\"https:\/\/diarioelpopular.com\/wp-content\/uploads\/2012\/03\/alemfutbol.jpg\"><img loading=\"lazy\" decoding=\"async\" aria-describedby=\"caption-attachment-371067\" class=\"size-full wp-image-371067\" title=\"alemfutbol\" src=\"https:\/\/diarioelpopular.com\/wp-content\/uploads\/2012\/03\/alemfutbol.jpg\" alt=\"\" width=\"789\" height=\"473\" \/><\/a><p id=\"caption-attachment-371067\" class=\"wp-caption-text\">KARLSRUHE (ALEMANIA).- Imagen de archivo tomada el 21 de septiembre de 1963 de Timo Konietzka del Borussia Dortmund frente a Willi Rihm del Karlsruhe (d) durante un partido de Bundesliga disputado en Karlsruhe, Alemania. El alem\u00e1n Timo Konietzka, autor del primer gol de la historia de la Bundesliga alemana, muri\u00f3 este martes a los 73 a\u00f1os, en su casa de Brunnen (Suiza), v\u00edctima del c\u00e1ncer.<\/p><\/div>\n<p><strong><em>Redacci\u00f3n deportes.-<\/em><\/strong> El alem\u00e1n Timo Konietzka, autor del primer gol de la historia de la Bundesliga alemana, muri\u00f3 a los 73 a\u00f1os, en su casa de Brunnen (Suiza), v\u00edctima del c\u00e1ncer.<\/p>\n<p>Konietzka militaba en las filas del Borussia cuando anot\u00f3 el primer gol en la historia de la Liga alemana, y lo hizo en el primer minuto del partido que el equipo de Dortmund disput\u00f3 contra el Werder Bremen el 24 de agosto de 1963.<\/p>\n<p>Ese mismo a\u00f1o gan\u00f3 la Bundesliga con el Borussia de Dortmund y de nuevo tres a\u00f1os despu\u00e9s revalid\u00f3 el t\u00edtulo con el TSV 1860 de Munich.<\/p>\n<p>Timo Konietzka se traslad\u00f3 a Suiza en 1967 para entrenar, primero, al FC Z\u00farich, con el que gan\u00f3 la liga suiza en 1976; y posteriormente al Grasshoppers de Z\u00farich, consiguiendo el mismo torneo en 1982.<\/p>\n","protected":false},"excerpt":{"rendered":"<p>El alem\u00e1n Timo Konietzka, autor del primer gol de la historia de la Bundesliga alemana, muri\u00f3 a los 73 a\u00f1os, en su casa de Brunnen (Suiza), v\u00edctima del c\u00e1ncer.<\/p>\n","protected":false},"author":1,"featured_media":371067,"comment_status":"open","ping_status":"open","sticky":false,"template":"","format":"standard","meta":{"footnotes":""},"categories":[28],"tags":[737,179,2535],"class_list":["post-371066","post","type-post","status-publish","format-standard","has-post-thumbnail","hentry","category-deportes","tag-alemania","tag-futbol-2","tag-timo-konietzka"],"_links":{"self":[{"href":"https:\/\/diarioelpopular.com\/index.php\/wp-json\/wp\/v2\/posts\/371066","targetHints":{"allow":["GET"]}}],"collection":[{"href":"https:\/\/diarioelpopular.com\/index.php\/wp-json\/wp\/v2\/posts"}],"about":[{"href":"https:\/\/diarioelpopular.com\/index.php\/wp-json\/wp\/v2\/types\/post"}],"author":[{"embeddable":true,"href":"https:\/\/diarioelpopular.com\/index.php\/wp-json\/wp\/v2\/users\/1"}],"replies":[{"embeddable":true,"href":"https:\/\/diarioelpopular.com\/index.php\/wp-json\/wp\/v2\/comments?post=371066"}],"version-history":[{"count":0,"href":"https:\/\/diarioelpopular.com\/index.php\/wp-json\/wp\/v2\/posts\/371066\/revisions"}],"wp:featuredmedia":[{"embeddable":true,"href":"https:\/\/diarioelpopular.com\/index.php\/wp-json\/"}],"wp:attachment":[{"href":"https:\/\/diarioelpopular.com\/index.php\/wp-json\/wp\/v2\/media?parent=371066"}],"wp:term":[{"taxonomy":"category","embeddable":true,"href":"https:\/\/diarioelpopular.com\/index.php\/wp-json\/wp\/v2\/categories?post=371066"},{"taxonomy":"post_tag","embeddable":true,"href":"https:\/\/diarioelpopular.com\/index.php\/wp-json\/wp\/v2\/tags?post=371066"}],"curies":[{"name":"wp","href":"https:\/\/api.w.org\/{rel}","templated":true}]}}