{"id":371461,"date":"2012-03-15T00:09:52","date_gmt":"2012-03-15T04:09:52","guid":{"rendered":"http:\/\/diarioelpopular.com\/?p=371461"},"modified":"2012-03-15T00:09:52","modified_gmt":"2012-03-15T04:09:52","slug":"duelo-y-conmocion-en-los-alpes-suizos-por-la-muerte-de-22-escolares","status":"publish","type":"post","link":"https:\/\/diarioelpopular.com\/index.php\/2012\/03\/15\/duelo-y-conmocion-en-los-alpes-suizos-por-la-muerte-de-22-escolares\/","title":{"rendered":"Duelo y conmoci\u00f3n en los Alpes suizos por la muerte de 22 escolares"},"content":{"rendered":"<div id=\"attachment_371463\" style=\"width: 743px\" class=\"wp-caption aligncenter\"><a href=\"https:\/\/diarioelpopular.com\/wp-content\/uploads\/2012\/03\/suiza-acc1.jpg\"><img loading=\"lazy\" decoding=\"async\" aria-describedby=\"caption-attachment-371463\" class=\"size-full wp-image-371463\" title=\"suiza acc\" src=\"https:\/\/diarioelpopular.com\/wp-content\/uploads\/2012\/03\/suiza-acc1.jpg\" alt=\"\" width=\"733\" height=\"440\" \/><\/a><p id=\"caption-attachment-371463\" class=\"wp-caption-text\">HEVERLEE (B\u00c9LGICA).- Una persona muestra la foto de clase de los ni\u00f1os que viajaban en el autob\u00fas accidentado en Suiza, este mi\u00e9rcoles, en el colegio Sint Lambertus de Heverlee, B\u00e9lgica.<\/p><\/div>\n<p>Marta Hurtado<br \/>\n<strong><em>Sion (Suiza), (EFE).-<\/em><\/strong> El dolor y la impotencia han te\u00f1ido de duelo el monta\u00f1oso cant\u00f3n del Valais, acostumbrado a las avalanchas y los accidentes de esqu\u00ed, pero conmocionado este mi\u00e9rcoles por el drama de la muerte en el\u00a0accidente\u00a0de un autob\u00fas de 22 escolares y 6 adultos que hab\u00edan disfrutado de una semana en las nieves alpinas.<\/p>\n<p>La jornada amaneci\u00f3 en el Valais, refugio de esquiadores y de amantes de la monta\u00f1a, con un sol radiante y unas temperaturas primaverales que contrastaban con los escalofr\u00edos que atenazaban a autoridades pol\u00edticas, policiales y m\u00e9dicas, y a los simples ciudadanos, que asum\u00edan el tr\u00e1gico balance del\u00a0accidente.<\/p>\n<p>Veintid\u00f3s escolares perdieron la vida y otros veinticuatro se encuentran heridos -tres de ellos de extrema gravedad- al chocar anoche el autob\u00fas en el que viajaban de forma frontal con la pared de una de las salidas de emergencia de un t\u00fanel en la autopista A9.<\/p>\n<p>&#8220;La muerte de un adulto es dram\u00e1tica, pero la p\u00e9rdida de un ni\u00f1o, no hay palabras para definirla&#8221;, resumi\u00f3 en rueda de prensa en la capital del Valais, Sion, el primer ministro belga, Elio Di Rupo, conmocionado por la magnitud de lo ocurrido.<\/p>\n<p>&#8220;Estamos acostumbrados a los accidentes, a la p\u00e9rdida de vidas, pero a un caso como \u00e9ste, no. Cuando hay ni\u00f1os envueltos, se convierte en una tragedia&#8221;, explic\u00f3 el director m\u00e9dico de la organizaci\u00f3n cantonal\u00a0suiza\u00a0de socorro, Jean-Pierre Deslarzes.<\/p>\n<p>&#8220;Cuando los equipos de emergencia entraron en el autocar se encontraron con menores heridos, con algunos mutilados y con muchos muertos. Esto, en el aspecto emocional, es muy duro, extremadamente duro, muchos quedaron fuertemente traumatizados&#8221;, agreg\u00f3.<\/p>\n<p>Tal fue el golpe para las m\u00e1s de 200 personas que participaron en las labores de rescate que tuvo que establecerse un equipo de ayuda psicol\u00f3gica dedicada especialmente a ellos, y las autoridades, tanto suizas como belgas, tuvieron palabras de agradecimiento y de apoyo.<\/p>\n<p>&#8220;Yo no puedo describir el apocalipsis al cual nos tuvimos que enfrentar. Al llegar, escuchamos los gritos de los ni\u00f1os. Los socorristas son fuertes, pero eso fue m\u00e1s all\u00e1 de lo imaginable&#8221;, coment\u00f3 Alain Rittiner, conductor de ambulancia, que particip\u00f3 en la coordinaci\u00f3n de las labores de rescate.<\/p>\n<p>La pormenorizada descripci\u00f3n del trabajo de los socorristas contrast\u00f3 con el total pudor y mutismo con la que las autoridades suizas y belgas trataron toda informaci\u00f3n relativa a las familias de las v\u00edctimas.<\/p>\n<p>Hasta el momento no se sabe donde se ha instalado el centro de crisis para acogerlos, en un intento claro de evitar el acoso medi\u00e1tico a unas personas ya de por si traumatizadas.<\/p>\n<p>Desde temprano se instal\u00f3 un ret\u00e9n policial en la entrada del centro funerario de Sion donde se encontraban los cuerpos de los 28 muertos, 7 ni\u00f1os holandeses, 15 menores belgas y 6 adultos de esta misma nacionalidad, los dos conductores y los cuatro acompa\u00f1antes de los escolares.<\/p>\n<p>Los gendarmes apostados en la puerta ni confirmaban ni desment\u00edan la llegada de los familiares, a pesar de que el portavoz de la polic\u00eda cantonal, Vincent Fabre, inform\u00f3 a Efe de que para la identificaci\u00f3n formal de los cad\u00e1veres, era necesaria la participaci\u00f3n de los progenitores de los menores.<\/p>\n<p>La misma duda se impuso durante horas sobre el destino del avi\u00f3n que transportaba desde Bruselas a los 116 familiares de los menores siniestrados, que viajaron acompa\u00f1ados de psic\u00f3logos.<\/p>\n<p>La l\u00f3gica indicaba que deb\u00edan aterrizar en el peque\u00f1o aeropuerto mixto (civil y militar) de Sion, m\u00e1s acostumbrado a los aviones de combate y a los jets privados de los ricos esquiadores, que llegan por centenas en invierno, que a un avi\u00f3n militar repleto de padres rotos de dolor.<\/p>\n<p>La otra opci\u00f3n era aterrizar en el aeropuerto internacional de Ginebra, a m\u00e1s de 160 kil\u00f3metros de Sion, pero m\u00e1s apto para poder trasladarlos sin ser filmados por las decenas de c\u00e1maras de televisi\u00f3n que acechaban desde temprano el aer\u00f3dromo alpino.<\/p>\n<p>Ginebra fue finalmente la opci\u00f3n elegida, y los parientes fueron trasladados por carretera en un autob\u00fas con vidrios oscuros hasta el Valais.<\/p>\n<p>Fabre asumi\u00f3 horas despu\u00e9s que la desinformaci\u00f3n era parte de la estrategia para evitar que la prensa pudiera acercarse a los familiares.<\/p>\n<p>De los 24 menores heridos -17 belgas, 3 holandeses, 1 polaco, 1 alem\u00e1n, y 2 a\u00fan por identificar- 21 padecen lesiones que se curar\u00e1n en las pr\u00f3ximas semanas, seg\u00fan Deslarzes, mientras que 3 han sufrido traumatismos que podr\u00edan costarles la vida.<\/p>\n<p>La autoridad judicial, con la ayuda de psic\u00f3logos, intentar\u00e1 en la medida de lo posible reconstruir los hechos con la ayuda de los menores supervivientes, mientras que espera que la autopsia del conductor y el an\u00e1lisis de las im\u00e1genes tomadas en el interior del t\u00fanel arrojen luz sobre las causas de lo ocurrido.<\/p>\n","protected":false},"excerpt":{"rendered":"<p>El dolor y la impotencia han te\u00f1ido de duelo el monta\u00f1oso cant\u00f3n del Valais, acostumbrado a las avalanchas y los accidentes de esqu\u00ed, pero conmocionado por el drama de la muerte en el accidente de un autob\u00fas de 22 escolares y 6 adultos que hab\u00edan disfrutado de una semana en las nieves alpinas.<\/p>\n","protected":false},"author":1,"featured_media":371463,"comment_status":"open","ping_status":"open","sticky":false,"template":"","format":"standard","meta":{"footnotes":""},"categories":[24],"tags":[137,2545,2546],"class_list":["post-371461","post","type-post","status-publish","format-standard","has-post-thumbnail","hentry","category-mundo","tag-accidentes","tag-escolares","tag-zuica"],"_links":{"self":[{"href":"https:\/\/diarioelpopular.com\/index.php\/wp-json\/wp\/v2\/posts\/371461","targetHints":{"allow":["GET"]}}],"collection":[{"href":"https:\/\/diarioelpopular.com\/index.php\/wp-json\/wp\/v2\/posts"}],"about":[{"href":"https:\/\/diarioelpopular.com\/index.php\/wp-json\/wp\/v2\/types\/post"}],"author":[{"embeddable":true,"href":"https:\/\/diarioelpopular.com\/index.php\/wp-json\/wp\/v2\/users\/1"}],"replies":[{"embeddable":true,"href":"https:\/\/diarioelpopular.com\/index.php\/wp-json\/wp\/v2\/comments?post=371461"}],"version-history":[{"count":0,"href":"https:\/\/diarioelpopular.com\/index.php\/wp-json\/wp\/v2\/posts\/371461\/revisions"}],"wp:featuredmedia":[{"embeddable":true,"href":"https:\/\/diarioelpopular.com\/index.php\/wp-json\/"}],"wp:attachment":[{"href":"https:\/\/diarioelpopular.com\/index.php\/wp-json\/wp\/v2\/media?parent=371461"}],"wp:term":[{"taxonomy":"category","embeddable":true,"href":"https:\/\/diarioelpopular.com\/index.php\/wp-json\/wp\/v2\/categories?post=371461"},{"taxonomy":"post_tag","embeddable":true,"href":"https:\/\/diarioelpopular.com\/index.php\/wp-json\/wp\/v2\/tags?post=371461"}],"curies":[{"name":"wp","href":"https:\/\/api.w.org\/{rel}","templated":true}]}}