{"id":37297,"date":"2012-01-03T21:44:32","date_gmt":"2012-01-04T02:44:32","guid":{"rendered":"http:\/\/diarioelpopular.com\/?p=37297"},"modified":"2012-01-03T21:44:32","modified_gmt":"2012-01-04T02:44:32","slug":"canada-ya-tiene-equipo-para-la-copa-fed-de-brasil","status":"publish","type":"post","link":"https:\/\/diarioelpopular.com\/index.php\/2012\/01\/03\/canada-ya-tiene-equipo-para-la-copa-fed-de-brasil\/","title":{"rendered":"Canad\u00e1 ya tiene equipo para la Copa Fed de Brasil"},"content":{"rendered":"<div id=\"attachment_37298\" style=\"width: 710px\" class=\"wp-caption aligncenter\"><a href=\"https:\/\/diarioelpopular.com\/wp-content\/uploads\/2012\/01\/St\u00e9phanie-Dubois.jpg\"><img loading=\"lazy\" decoding=\"async\" aria-describedby=\"caption-attachment-37298\" class=\"size-full wp-image-37298\" title=\"St\u00e9phanie Dubois\" src=\"https:\/\/diarioelpopular.com\/wp-content\/uploads\/2012\/01\/St\u00e9phanie-Dubois.jpg\" alt=\"\" width=\"700\" height=\"420\" \/><\/a><p id=\"caption-attachment-37298\" class=\"wp-caption-text\">La tenista canadiense St\u00e9phanie Dubois ocupa en la actualidad en el puesto 97 del r\u00e1nking mundial<\/p><\/div>\n<p><em><strong>Efe. Toronto.-<\/strong><\/em> Canad\u00e1 anunci\u00f3 este martes que el equipo que disputar\u00e1 la Copa Fed de tenis femenino en Curitiba (Brasil) a finales de enero estar\u00e1 compuesto por las jugadoras St\u00e9phanie Dubois, Sharon Fichman, Rebecca Marino y Aleksandra Wozniak.<\/p>\n<p>Canad\u00e1 disputar\u00e1 la competici\u00f3n en el Grupo I del continente americano junto con Argentina, Bahamas, Bolivia, Brasil, Colombia, Paraguay, Per\u00fa y Venezuela.<\/p>\n<p>Los participantes ser\u00e1n divididos en dos grupos de cuatro equipos y los ganadores de los dos grupos se enfrentar\u00e1n para tener una oportunidad de participar en la competici\u00f3n del Grupo II Mundial en abril de 2012.<\/p>\n<p>El capit\u00e1n del equipo canadiense, Sylvain Bruneau, dijo a trav\u00e9s de un comunicado que conf\u00eda &#8220;en la capacidad y experiencia&#8221; de su equipo. &#8220;Queremos tener un puesto en el Grupo Mundial para 2013 y llegaremos ah\u00ed paso a paso&#8221;, coment\u00f3.<\/p>\n<p>Dubois est\u00e1 calificada en la actualidad en el puesto 97 del r\u00e1nking mundial. Fichman, de 21 a\u00f1os de edad, es la n\u00famero 168 en la clasificaci\u00f3n individual, y la 99 en la de dobles. Marino, tambi\u00e9n de 21 a\u00f1os, es la n\u00famero 64 mientras que Wozniak, la jugadora con m\u00e1s experiencia del equipo, es actualmente la n\u00famero 107.<\/p>\n","protected":false},"excerpt":{"rendered":"<p>Canad\u00e1 anunci\u00f3 este martes que el equipo que disputar\u00e1 la Copa Fed de tenis femenino en Curitiba (Brasil) a finales de enero estar\u00e1 compuesto por las jugadoras St\u00e9phanie Dubois, Sharon Fichman, Rebecca Marino y Aleksandra Wozniak.<\/p>\n","protected":false},"author":1,"featured_media":37298,"comment_status":"closed","ping_status":"open","sticky":false,"template":"","format":"standard","meta":{"footnotes":""},"categories":[28],"tags":[77,273,274,275,176],"class_list":["post-37297","post","type-post","status-publish","format-standard","has-post-thumbnail","hentry","category-deportes","tag-canada-2","tag-copa-fed","tag-curitiba","tag-stephanie-dubois","tag-tenis"],"_links":{"self":[{"href":"https:\/\/diarioelpopular.com\/index.php\/wp-json\/wp\/v2\/posts\/37297","targetHints":{"allow":["GET"]}}],"collection":[{"href":"https:\/\/diarioelpopular.com\/index.php\/wp-json\/wp\/v2\/posts"}],"about":[{"href":"https:\/\/diarioelpopular.com\/index.php\/wp-json\/wp\/v2\/types\/post"}],"author":[{"embeddable":true,"href":"https:\/\/diarioelpopular.com\/index.php\/wp-json\/wp\/v2\/users\/1"}],"replies":[{"embeddable":true,"href":"https:\/\/diarioelpopular.com\/index.php\/wp-json\/wp\/v2\/comments?post=37297"}],"version-history":[{"count":0,"href":"https:\/\/diarioelpopular.com\/index.php\/wp-json\/wp\/v2\/posts\/37297\/revisions"}],"wp:featuredmedia":[{"embeddable":true,"href":"https:\/\/diarioelpopular.com\/index.php\/wp-json\/"}],"wp:attachment":[{"href":"https:\/\/diarioelpopular.com\/index.php\/wp-json\/wp\/v2\/media?parent=37297"}],"wp:term":[{"taxonomy":"category","embeddable":true,"href":"https:\/\/diarioelpopular.com\/index.php\/wp-json\/wp\/v2\/categories?post=37297"},{"taxonomy":"post_tag","embeddable":true,"href":"https:\/\/diarioelpopular.com\/index.php\/wp-json\/wp\/v2\/tags?post=37297"}],"curies":[{"name":"wp","href":"https:\/\/api.w.org\/{rel}","templated":true}]}}