{"id":373030,"date":"2012-03-18T13:07:00","date_gmt":"2012-03-18T17:07:00","guid":{"rendered":"http:\/\/diarioelpopular.com\/?p=373030"},"modified":"2012-03-18T13:07:00","modified_gmt":"2012-03-18T17:07:00","slug":"nancy-fabiola-herrera-estrena-gitanas-en-version-concierto-en-madrid","status":"publish","type":"post","link":"https:\/\/diarioelpopular.com\/index.php\/2012\/03\/18\/nancy-fabiola-herrera-estrena-gitanas-en-version-concierto-en-madrid\/","title":{"rendered":"Nancy Fabiola Herrera estrena &#8220;Gitanas&#8221; en versi\u00f3n concierto en Madrid"},"content":{"rendered":"<div id=\"attachment_373031\" style=\"width: 710px\" class=\"wp-caption aligncenter\"><a href=\"https:\/\/diarioelpopular.com\/wp-content\/uploads\/2012\/03\/muscia.jpg\"><img loading=\"lazy\" decoding=\"async\" aria-describedby=\"caption-attachment-373031\" class=\"size-full wp-image-373031\" title=\"muscia\" src=\"https:\/\/diarioelpopular.com\/wp-content\/uploads\/2012\/03\/muscia.jpg\" alt=\"\" width=\"700\" height=\"420\" \/><\/a><p id=\"caption-attachment-373031\" class=\"wp-caption-text\">MADRID.- Foto facilitada por el Teatro de la Zarzuela de la mezzo Nancy Fabiola Herrera, durante un ensayo de &quot;Gitanas&quot;, que se estren\u00f3 en concierto en este escenario. Herrena, nacida en Venezuela y de padres canarios, estren\u00f3 &quot;Gitanas&quot;, su primera obra en solitario, en su versi\u00f3n dramatizada el pasado mes de abril en el Teatro P\u00e9rez Gald\u00f3s de Las Palmas y ahora la recupera para la Zarzuela.<\/p><\/div>\n<p><strong><em>Madrid.-<\/em><\/strong> La pasi\u00f3n, la magia o la superstici\u00f3n son algunos de los &#8220;t\u00f3picos&#8221; con los que compositores de distintas nacionalidades han tratado el mundo de las c\u00edngaras, de &#8220;Carmen&#8221; a &#8220;Il trovatore&#8221;, un asunto que siempre ha subyugado a la mezzo Nancy Fabiola Herrera, que este fin de semana estren\u00f3 en concierto &#8220;Gitanas&#8221;.<\/p>\n<p>Herrera, nacida en Venezuela de padres canarios, estren\u00f3 &#8220;Gitanas&#8221;, su primera obra en solitario, en su versi\u00f3n dramatizada el pasado mes de abril en el Teatro P\u00e9rez Gald\u00f3s de Las Palmas de Gran Canaria y ahora la recupera para la Zarzuela de la capital espa\u00f1ola en formato de recital junto al Coro del teatro y la Orquesta de la Comunidad de Madrid, dirigida por Crist\u00f3bal Soler.<\/p>\n<p>&#8220;La idea de este programa -explica la mezzosoprano &#8211; naci\u00f3 de mi observaci\u00f3n de unos personajes, la mayor\u00eda hispanas, muy bonitos y se me ocurri\u00f3 agrupar las diferentes obras que existen sobre la mujer gitana&#8221;.<\/p>\n<p>El mundo de magia, superstici\u00f3n, pasi\u00f3n, alegr\u00eda y sensualidad, pero tambi\u00e9n de nostalgia y muerte, se reflejan en las obras de Manuel de Falla &#8220;El amor brujo&#8221; y &#8220;La vida breve&#8221;; en &#8220;Il trovatore&#8221; y &#8220;La traviata&#8221;, de Verdi y, &#8220;por supuesto&#8221;, en &#8220;Carmen&#8221;, de Bizet.<\/p>\n<p>&#8220;La leyenda del beso&#8221;, de Reveriano Soutullo y Juan Vert; &#8220;La chavala&#8221;, de Chap\u00ed; &#8220;La alegr\u00eda del batall\u00f3n&#8221;, de Jos\u00e9 Serrano y &#8220;La tempranica&#8221;, de Jer\u00f3nimo Gim\u00e9nez, completan la n\u00f3mina de obras en las que hay referencias a las mujeres de esa etnia, ya sea como protagonista o como secundaria o miembro de un coro.<\/p>\n<p>Herrera, una experta int\u00e9rprete de t\u00edtulos oper\u00edsticos aunque en Madrid suele cantar zarzuela, se define &#8220;m\u00e1s gitana que castiza&#8221; aunque, afirma, disfruta &#8220;mucho&#8221; de ambos.<\/p>\n<p>&#8220;No s\u00e9 si en Espa\u00f1a me relacionan siempre con la zarzuela pero me he dado a conocer con la \u00f3pera en el mundo. Siempre he combinado los dos g\u00e9neros y creo que la zarzuela es un genero hermoso, al que si nosotros no le damos el sitio que merece no lo har\u00e1 nadie&#8221;, subraya.<\/p>\n<p>Subraya que es una cantante &#8220;vers\u00e1til&#8221;, capaz de interpretar tanto zarzuela como \u00f3pera, aunque admite que en el Teatro Real de Madrid s\u00f3lo ha sido invitada a actuar en una ocasi\u00f3n.<\/p>\n<p>La artista tiene por delante &#8220;proyectos muy lindos e interesantes&#8221;, como un &#8220;Werther&#8221;, en Oviedo (Espa\u00f1a), con el tenor Jos\u00e9 Bros; &#8220;La vida breve&#8221;, de Falla, con la Filarm\u00f3nica de Los \u00c1ngeles; &#8220;Il postino&#8221;, en Chile, con Pl\u00e1cido Domingo, &#8220;La muerte de Cleopatra&#8221;, con la Sinf\u00f3nica de Galicia (Espa\u00f1a), o un concierto con la Orquesta Mahler en Uruguay.<\/p>\n","protected":false},"excerpt":{"rendered":"<p>La pasi\u00f3n, la magia o la superstici\u00f3n son algunos de los &#8220;t\u00f3picos&#8221; con los que compositores de distintas nacionalidades han tratado el mundo de las c\u00edngaras, de &#8220;Carmen&#8221; a &#8220;Il trovatore&#8221;, un asunto que siempre ha subyugado a la mezzo Nancy Fabiola Herrera, que este fin de semana estren\u00f3 en concierto &#8220;Gitanas&#8221;.<\/p>\n","protected":false},"author":1,"featured_media":373031,"comment_status":"open","ping_status":"open","sticky":false,"template":"","format":"standard","meta":{"footnotes":""},"categories":[23,24],"tags":[2588,444,2589,195,243],"class_list":["post-373030","post","type-post","status-publish","format-standard","has-post-thumbnail","hentry","category-latinoamerica","category-mundo","tag-clasica","tag-espana","tag-herrera","tag-musica","tag-venezuela"],"_links":{"self":[{"href":"https:\/\/diarioelpopular.com\/index.php\/wp-json\/wp\/v2\/posts\/373030","targetHints":{"allow":["GET"]}}],"collection":[{"href":"https:\/\/diarioelpopular.com\/index.php\/wp-json\/wp\/v2\/posts"}],"about":[{"href":"https:\/\/diarioelpopular.com\/index.php\/wp-json\/wp\/v2\/types\/post"}],"author":[{"embeddable":true,"href":"https:\/\/diarioelpopular.com\/index.php\/wp-json\/wp\/v2\/users\/1"}],"replies":[{"embeddable":true,"href":"https:\/\/diarioelpopular.com\/index.php\/wp-json\/wp\/v2\/comments?post=373030"}],"version-history":[{"count":0,"href":"https:\/\/diarioelpopular.com\/index.php\/wp-json\/wp\/v2\/posts\/373030\/revisions"}],"wp:featuredmedia":[{"embeddable":true,"href":"https:\/\/diarioelpopular.com\/index.php\/wp-json\/"}],"wp:attachment":[{"href":"https:\/\/diarioelpopular.com\/index.php\/wp-json\/wp\/v2\/media?parent=373030"}],"wp:term":[{"taxonomy":"category","embeddable":true,"href":"https:\/\/diarioelpopular.com\/index.php\/wp-json\/wp\/v2\/categories?post=373030"},{"taxonomy":"post_tag","embeddable":true,"href":"https:\/\/diarioelpopular.com\/index.php\/wp-json\/wp\/v2\/tags?post=373030"}],"curies":[{"name":"wp","href":"https:\/\/api.w.org\/{rel}","templated":true}]}}