{"id":373052,"date":"2012-03-18T13:04:47","date_gmt":"2012-03-18T17:04:47","guid":{"rendered":"http:\/\/diarioelpopular.com\/?p=373052"},"modified":"2012-03-18T13:04:47","modified_gmt":"2012-03-18T17:04:47","slug":"correa-conoce-de-primera-mano-las-dificultades-de-los-ecuatorianos-en-espana","status":"publish","type":"post","link":"https:\/\/diarioelpopular.com\/index.php\/2012\/03\/18\/correa-conoce-de-primera-mano-las-dificultades-de-los-ecuatorianos-en-espana\/","title":{"rendered":"Correa conoce de primera mano las dificultades de los ecuatorianos en Espa\u00f1a"},"content":{"rendered":"<div id=\"attachment_373053\" style=\"width: 710px\" class=\"wp-caption aligncenter\"><a href=\"https:\/\/diarioelpopular.com\/wp-content\/uploads\/2012\/03\/esp.ecua_.jpg\"><img loading=\"lazy\" decoding=\"async\" aria-describedby=\"caption-attachment-373053\" class=\"size-full wp-image-373053\" title=\"esp.ecua\" src=\"https:\/\/diarioelpopular.com\/wp-content\/uploads\/2012\/03\/esp.ecua_.jpg\" alt=\"\" width=\"700\" height=\"420\" \/><\/a><p id=\"caption-attachment-373053\" class=\"wp-caption-text\">A los m\u00e1s de 2.000 asistentes al acto celebrado en el Pabell\u00f3n de Deportes de Murcia capital, Correa les dijo que Ecuador recibir\u00e1 &quot;con los brazos abiertos&quot; a todos los inmigrantes que quieran regresar a su patria.<\/p><\/div>\n<p>Juan Antonio Sanz<\/p>\n<p><strong><em>Madrid.-<\/em><\/strong> El presidente de Ecuador, Rafael Correa, realiz\u00f3 una visita rel\u00e1mpago a Espa\u00f1a en la que pudo conocer de primera mano las dificultades que viven sus compatriotas inmigrantes por la crisis y los pasos del Gobierno espa\u00f1ol para intentar mitigar problemas como el desahucio y las ejecuciones hipotecarias.<\/p>\n<p>Correa lleg\u00f3 a Espa\u00f1a de madrugada y ya a primera hora de este s\u00e1bado se reuni\u00f3 con la numerosa colonia ecuatoriana que reside en Murcia, en el este de Espa\u00f1a, donde viven cerca de 45.000 ciudadanos de ese pa\u00eds sudamericano.<\/p>\n<p>A los m\u00e1s de 2.000 asistentes al acto celebrado en el Pabell\u00f3n de Deportes de Murcia capital, Correa les dijo que Ecuador recibir\u00e1 &#8220;con los brazos abiertos&#8221; a todos los inmigrantes que quieran regresar a su patria tras verse afectados por la dura crisis que sufre Espa\u00f1a y que &#8220;juntos&#8221; podr\u00e1n &#8220;superar cualquier obst\u00e1culo&#8221;.<\/p>\n<p>Ya por la tarde, Rafael Correa viaj\u00f3 a Madrid, donde se reuni\u00f3 con el jefe del Gobierno espa\u00f1ol, Mariano Rajoy, en su primer encuentro personal, que, como subrayaron los dos mandatarios en la rueda de prensa celebrada al termino de la reuni\u00f3n, ratific\u00f3 las excelentes relaciones entre los dos pa\u00edses.<\/p>\n<p>&#8220;Espa\u00f1a y Ecuador est\u00e1n dando un gran ejemplo al mundo por sus flujos migratorios legales y por la migraci\u00f3n&#8221;, indic\u00f3 Rajoy.<\/p>\n<p>\u00c9ste subray\u00f3 el agradecimiento de su Gobierno y el pueblo espa\u00f1ol a los m\u00e1s de 400.000 ecuatorianos residentes en Espa\u00f1a (la primera comunidad iberoamericana que vive en este pa\u00eds), 600.000 si se incluyen los que tienen doble nacionalidad, &#8220;por lo mucho que aportan y que suman&#8221;.<\/p>\n<p>Tambi\u00e9n aprovech\u00f3 para recordar a los dos nacionales del pa\u00eds andino ca\u00eddos en el atentado cometido por la banda terrorista ETA contra el aeropuerto madrile\u00f1o de Barajas el 30 de diciembre de 2006 y a los dos soldados de origen ecuatoriano muertos en el transcurso de la misi\u00f3n militar y de reconstrucci\u00f3n que Espa\u00f1a desarrolla en Afganist\u00e1n.<\/p>\n<p>Correa volvi\u00f3 a subrayar el compromiso de su Gobierno con los ecuatorianos que deseen volver a Ecuador, sobre todo, dijo, &#8220;en estos momentos de crisis&#8221;, y destac\u00f3 la ayuda de asesor\u00eda que ha puesto en marcha su Administraci\u00f3n a la comunidad residente en Espa\u00f1a sobre el desahucio de sus viviendas por impago de hipotecas a causa del desempleo y el empobrecimiento por la crisis.<\/p>\n<p>Tambi\u00e9n, dijo Correa, &#8220;hemos conversado con el presidente Rajoy para buscar otras soluciones&#8221;.<\/p>\n<p>En este sentido, Rajoy se\u00f1al\u00f3 que hab\u00eda hablado con Correa sobre la forma de &#8220;aminorar&#8221; esos &#8220;duros golpes&#8221; que, por la crisis, &#8220;est\u00e1 recibiendo todo el pueblo espa\u00f1ol y, en particular, la comunidad ecuatoriana&#8221;.<\/p>\n<p>&#8220;Tengo mucha fe de que Espa\u00f1a saldr\u00e1 victoriosa de este obst\u00e1culo, de esta situaci\u00f3n&#8221;, dijo Correa.<\/p>\n<p>El presidente ecuatoriano expres\u00f3, no obstante, su &#8220;asombro&#8221; por el hecho de que el riesgo derivado de la crisis financiera &#8220;recaiga sobre las personas y no sobre el capital&#8221;.<\/p>\n<p>&#8220;Son cosas dif\u00edciles de entender&#8221;, manifest\u00f3 el jefe de Estado sudamericano.<\/p>\n<p>Como ejemplo de las buenas relaciones entre los dos pa\u00edses, Correa manifest\u00f3 su deseo de acudir a la Cumbre Iberoamericana que se celebrar\u00e1 en C\u00e1diz, sur de Espa\u00f1a, los pr\u00f3ximos 16 y 17 de noviembre, aunque demand\u00f3 que en ese foro se aborden &#8220;temas realmente concretos, trascendentes y urgentes&#8221;, y &#8220;no las agendas triviales que muchas veces caracterizan a estas cumbres&#8221;.<\/p>\n<p>Correa se refiri\u00f3 en ese sentido al contencioso de las islas Malvinas entre Argentina y el Reino Unido, y a la lucha contra el narcotr\u00e1fico.<\/p>\n<p>&#8220;La estrategia es un fracaso. Nuestros pa\u00edses est\u00e1n azotados, asolados, por el crimen organizado relacionado con el narcotr\u00e1fico. Tenemos que buscar nuevas estrategias por el bien de nuestros pueblos, por el bien de la humanidad&#8221;, asever\u00f3 el dirigente.<\/p>\n<p>Correa no quiso confirmar si se presentar\u00e1 o no a su reelecci\u00f3n en los comicios que se celebran en su pa\u00eds el a\u00f1o pr\u00f3ximo, pero critic\u00f3 la intenci\u00f3n de postular a la presidencia por parte de su hermano mayor, Fabricio, a quien acus\u00f3 de &#8220;fanatismo&#8221; y de mostrar ya &#8220;graves indicios de desequilibrio&#8221;.<\/p>\n<p>El presidente ecuatoriano aludi\u00f3 tambi\u00e9n al caso del diario &#8220;El Universo&#8221; y a la condena de prisi\u00f3n para varios de sus periodistas por injurias, que finalmente perdon\u00f3 el propio Correa.<\/p>\n<p>&#8220;Ecuador es un estado de derecho&#8221;, donde se vive una &#8220;absoluta&#8221; libertad de expresi\u00f3n y &#8220;no se persigue a los periodistas&#8221;, dijo Correa, quien subray\u00f3 que su &#8220;pecado&#8221; hab\u00eda sido &#8220;no someterse&#8221; al poder de los medios de informaci\u00f3n.<\/p>\n<p>Antes de retornar a Ecuador, el presidente Correa tiene previsto concluir su breve visita con un multitudinario encuentro esta noche con la comunidad de su pa\u00eds que reside en Madrid.<\/p>\n","protected":false},"excerpt":{"rendered":"<p>El presidente de Ecuador, Rafael Correa, realiz\u00f3 una visita rel\u00e1mpago a Espa\u00f1a en la que pudo conocer de primera mano las dificultades que viven sus compatriotas inmigrantes por la crisis y los pasos del Gobierno espa\u00f1ol para intentar mitigar problemas como el desahucio y las ejecuciones hipotecarias.<\/p>\n","protected":false},"author":1,"featured_media":373053,"comment_status":"open","ping_status":"open","sticky":false,"template":"","format":"standard","meta":{"footnotes":""},"categories":[23,24],"tags":[2585,308,444,1026],"class_list":["post-373052","post","type-post","status-publish","format-standard","has-post-thumbnail","hentry","category-latinoamerica","category-mundo","tag-correa","tag-ecuador","tag-espana","tag-inmigrantes"],"_links":{"self":[{"href":"https:\/\/diarioelpopular.com\/index.php\/wp-json\/wp\/v2\/posts\/373052","targetHints":{"allow":["GET"]}}],"collection":[{"href":"https:\/\/diarioelpopular.com\/index.php\/wp-json\/wp\/v2\/posts"}],"about":[{"href":"https:\/\/diarioelpopular.com\/index.php\/wp-json\/wp\/v2\/types\/post"}],"author":[{"embeddable":true,"href":"https:\/\/diarioelpopular.com\/index.php\/wp-json\/wp\/v2\/users\/1"}],"replies":[{"embeddable":true,"href":"https:\/\/diarioelpopular.com\/index.php\/wp-json\/wp\/v2\/comments?post=373052"}],"version-history":[{"count":0,"href":"https:\/\/diarioelpopular.com\/index.php\/wp-json\/wp\/v2\/posts\/373052\/revisions"}],"wp:featuredmedia":[{"embeddable":true,"href":"https:\/\/diarioelpopular.com\/index.php\/wp-json\/"}],"wp:attachment":[{"href":"https:\/\/diarioelpopular.com\/index.php\/wp-json\/wp\/v2\/media?parent=373052"}],"wp:term":[{"taxonomy":"category","embeddable":true,"href":"https:\/\/diarioelpopular.com\/index.php\/wp-json\/wp\/v2\/categories?post=373052"},{"taxonomy":"post_tag","embeddable":true,"href":"https:\/\/diarioelpopular.com\/index.php\/wp-json\/wp\/v2\/tags?post=373052"}],"curies":[{"name":"wp","href":"https:\/\/api.w.org\/{rel}","templated":true}]}}