{"id":373729,"date":"2012-03-19T23:54:28","date_gmt":"2012-03-20T03:54:28","guid":{"rendered":"http:\/\/diarioelpopular.com\/?p=373729"},"modified":"2012-03-19T23:54:28","modified_gmt":"2012-03-20T03:54:28","slug":"puerta-grande-para-diego-ventura-y-lesion-de-andy-cartagena-en-valencia","status":"publish","type":"post","link":"https:\/\/diarioelpopular.com\/index.php\/2012\/03\/19\/puerta-grande-para-diego-ventura-y-lesion-de-andy-cartagena-en-valencia\/","title":{"rendered":"Puerta grande para Diego Ventura y lesi\u00f3n de Andy Cartagena en Valencia"},"content":{"rendered":"<div id=\"attachment_373730\" style=\"width: 710px\" class=\"wp-caption aligncenter\"><a href=\"https:\/\/diarioelpopular.com\/wp-content\/uploads\/2012\/03\/torosesp1..jpg\"><img loading=\"lazy\" decoding=\"async\" aria-describedby=\"caption-attachment-373730\" class=\"size-full wp-image-373730\" title=\"toros,esp1.\" src=\"https:\/\/diarioelpopular.com\/wp-content\/uploads\/2012\/03\/torosesp1..jpg\" alt=\"\" width=\"700\" height=\"420\" \/><\/a><p id=\"caption-attachment-373730\" class=\"wp-caption-text\">VALENCIA.- El rejoneador Joao Moura, durante la faena a su primer toro en la Feria de las Fallas de Valencia. Comparti\u00f3 cartel con Andy Cartagena y Diego Ventura lidiando reses de la ganader\u00eda de Ferm\u00edn Bohorquez.<\/p><\/div>\n<p>Jos\u00e9 Ignacio Gonz\u00e1lez.<\/p>\n<p><strong><em>Valencia (Espa\u00f1a).-<\/em><\/strong> Un arrollador Diego Ventura cort\u00f3 tres orejas en la matinal de rejones de la Feria de Fallas de Valencia (este de Espa\u00f1a) y abri\u00f3 con autoridad la puerta grande, en un festejo marcado por el percance sufrido por Andy Cartagena, evacuado de la plaza con una posible fisura en el brazo derecho.<\/p>\n<p>Gran corrida de Ferm\u00edn Boh\u00f3rquez, con el mayoral de la ganader\u00eda saliendo tambi\u00e9n a hombros.<\/p>\n<p><strong><em>FICHA DEL FESTEJO.-<\/em><\/strong> Toros de Ferm\u00edn Boh\u00f3rquez, bien presentados y de muy buen juego en l\u00edneas generales.<\/p>\n<div id=\"attachment_373731\" style=\"width: 710px\" class=\"wp-caption aligncenter\"><a href=\"https:\/\/diarioelpopular.com\/wp-content\/uploads\/2012\/03\/toros-esp.2..jpg\"><img loading=\"lazy\" decoding=\"async\" aria-describedby=\"caption-attachment-373731\" class=\"size-full wp-image-373731\" title=\"toros esp.2.\" src=\"https:\/\/diarioelpopular.com\/wp-content\/uploads\/2012\/03\/toros-esp.2..jpg\" alt=\"\" width=\"700\" height=\"420\" \/><\/a><p id=\"caption-attachment-373731\" class=\"wp-caption-text\">VALENCIA.- El rejoneador AndyCartagena ha sufrido este lunes un aparatoso percance en la plaza de toros de Valencia cuando su caballo &quot;Laurel&quot; perdi\u00f3 pie de los cuartos traseros quedando montura y jinete a merced del toro, lo que provoc\u00f3 que se lesionara el brazo derecho en la ca\u00edda y le impidi\u00f3 lidiar el segundo de su lote por una posible rotura de la extremidad.<\/p><\/div>\n<p>Andy Cartagena: oreja en el \u00fanico que pudo matar.<\/p>\n<p>Diego Ventura: ovaci\u00f3n, dos orejas y oreja con petici\u00f3n de la segunda.<\/p>\n<p>Joao Moura: ovaci\u00f3n y oreja.<\/p>\n<p>Tres cuartos de plaza en una ma\u00f1ana agradable pero fresca.<\/p>\n<p>En el festejo de rejones celebrado en la plaza de Valencia, Andy Cartagena ha sufrido un aparatoso percance cuando su caballo &#8220;Laurel&#8221; perdi\u00f3 pie de los cuartos traseros, quedando montura y jinete a merced del toro y lesion\u00e1ndose el de Benidorm el brazo derecho en la ca\u00edda.<\/p>\n<p>Pese a ello, continu\u00f3 en el ruedo y, tras una vibrante lidia, logr\u00f3 cortar la oreja.<\/p>\n<p>Pas\u00f3 a la enfermer\u00eda, donde los m\u00e9dicos le desaconsejaron salir a matar el segundo toro y fue trasladado a un centro hospitalario para ser atendido de una posible fisura en el radio de su brazo derecho.<\/p>\n<p>Diego Ventura destac\u00f3 en banderillas ante el segundo, montando a &#8220;Wellington&#8221;, con el que templ\u00f3 muy bien a dos pistas. Mantuvo el nivel de su faena con cheque, pero malogr\u00f3 el posible premio con el mal uso del rej\u00f3n de muerte.<\/p>\n<p>Con el cuarto, el jinete hispanoluso cuaj\u00f3 una sensacional actuaci\u00f3n. Gran toro de Ferm\u00edn Boh\u00f3rquez y soberbia la labor de Ventura ya de salida con &#8220;Buena V\u00edbora&#8221;, y sobre todo en banderillas montando a &#8220;Pegaso&#8221;.<\/p>\n<p>Siempre ejecut\u00f3 las suertes de frente, clavando arriba con pureza y precisi\u00f3n. Tras un gran rejonazo que tuvo una muerte muy efectiva, pase\u00f3 las dos orejas, acompa\u00f1ado del equino &#8220;Pegaso&#8221; y del mayoral de la ganader\u00eda.<\/p>\n<p>En el que cerr\u00f3 el festejo, Ventura volvi\u00f3 a mostrar su extraordinario momento, y lo m\u00e1s jaleado de su actuaci\u00f3n lleg\u00f3 a lomos de &#8220;Ord\u00f3\u00f1ez&#8221;, con el que ejecut\u00f3 espectaculares piruetas en la cara del toro.<\/p>\n<p>Con el rej\u00f3n de muerte volvi\u00f3 a estar soberbio. Oreja bien ganada con gran petici\u00f3n de la segunda, que no fue concedida.<\/p>\n<p>Por su parte, el portugu\u00e9s Joao Moura puso en escena una renovada y completa cuadra aunque, templado en el recibo de salida y espectacular en banderilla, tambi\u00e9n el mal uso de los aceros dej\u00f3 en una ovaci\u00f3n su balance art\u00edstico con el equino &#8220;Perera&#8221; en el primer turno.<\/p>\n<p>En el segundo, en una actuaci\u00f3n mucho m\u00e1s efectista que buena, lo mejor lleg\u00f3 con el caballo &#8220;Moura&#8221;, que hace honor a su estirpe.<\/p>\n<p>Mat\u00f3 muy mal pero, pese a ello, el amable p\u00fablico valenciano le pidi\u00f3 la oreja, que fue concedida.<\/p>\n","protected":false},"excerpt":{"rendered":"<p>Un arrollador Diego Ventura cort\u00f3 tres orejas en la matinal de rejones de la Feria de Fallas de Valencia (este de Espa\u00f1a) y abri\u00f3 con autoridad la puerta grande, en un festejo marcado por el percance sufrido por Andy Cartagena, evacuado de la plaza con una posible fisura en el brazo derecho.<\/p>\n","protected":false},"author":1,"featured_media":373730,"comment_status":"open","ping_status":"open","sticky":false,"template":"","format":"standard","meta":{"footnotes":""},"categories":[28,24],"tags":[444,1234],"class_list":["post-373729","post","type-post","status-publish","format-standard","has-post-thumbnail","hentry","category-deportes","category-mundo","tag-espana","tag-toros"],"_links":{"self":[{"href":"https:\/\/diarioelpopular.com\/index.php\/wp-json\/wp\/v2\/posts\/373729","targetHints":{"allow":["GET"]}}],"collection":[{"href":"https:\/\/diarioelpopular.com\/index.php\/wp-json\/wp\/v2\/posts"}],"about":[{"href":"https:\/\/diarioelpopular.com\/index.php\/wp-json\/wp\/v2\/types\/post"}],"author":[{"embeddable":true,"href":"https:\/\/diarioelpopular.com\/index.php\/wp-json\/wp\/v2\/users\/1"}],"replies":[{"embeddable":true,"href":"https:\/\/diarioelpopular.com\/index.php\/wp-json\/wp\/v2\/comments?post=373729"}],"version-history":[{"count":0,"href":"https:\/\/diarioelpopular.com\/index.php\/wp-json\/wp\/v2\/posts\/373729\/revisions"}],"wp:featuredmedia":[{"embeddable":true,"href":"https:\/\/diarioelpopular.com\/index.php\/wp-json\/"}],"wp:attachment":[{"href":"https:\/\/diarioelpopular.com\/index.php\/wp-json\/wp\/v2\/media?parent=373729"}],"wp:term":[{"taxonomy":"category","embeddable":true,"href":"https:\/\/diarioelpopular.com\/index.php\/wp-json\/wp\/v2\/categories?post=373729"},{"taxonomy":"post_tag","embeddable":true,"href":"https:\/\/diarioelpopular.com\/index.php\/wp-json\/wp\/v2\/tags?post=373729"}],"curies":[{"name":"wp","href":"https:\/\/api.w.org\/{rel}","templated":true}]}}