{"id":373736,"date":"2012-03-19T23:53:38","date_gmt":"2012-03-20T03:53:38","guid":{"rendered":"http:\/\/diarioelpopular.com\/?p=373736"},"modified":"2012-03-19T23:53:38","modified_gmt":"2012-03-20T03:53:38","slug":"el-suizo-albasini-greenedge-primer-lider-en-solitario-de-la-volta","status":"publish","type":"post","link":"https:\/\/diarioelpopular.com\/index.php\/2012\/03\/19\/el-suizo-albasini-greenedge-primer-lider-en-solitario-de-la-volta\/","title":{"rendered":"El suizo Albasini (Greenedge), primer l\u00edder en solitario de la Volta"},"content":{"rendered":"<div id=\"attachment_373737\" style=\"width: 710px\" class=\"wp-caption aligncenter\"><a href=\"https:\/\/diarioelpopular.com\/wp-content\/uploads\/2012\/03\/ok.ciclismo.jpg\"><img loading=\"lazy\" decoding=\"async\" aria-describedby=\"caption-attachment-373737\" class=\"size-full wp-image-373737\" title=\"ok.ciclismo\" src=\"https:\/\/diarioelpopular.com\/wp-content\/uploads\/2012\/03\/ok.ciclismo.jpg\" alt=\"\" width=\"700\" height=\"420\" \/><\/a><p id=\"caption-attachment-373737\" class=\"wp-caption-text\">CALELLA (BARCELONA).- El ciclista suizo Michael Albasini, del equipo Greenedge Cycling, celebra su victoria en la primera etapa de la Volta Ciclista a Catalu\u00f1a, de 138,900 km, con salida y llegada en Calella.<\/p><\/div>\n<p>V\u00edctor Mur<\/p>\n<p><strong><em>Calella (Barcelona).-<\/em><\/strong> El corredor suizo Michael Albasini, del Greenedge, se ha convertido este lunes en el primer l\u00edder de la Volta a Catalunya al ganar en solitario la primera etapa de la prueba, con inicio y final en Calella, despu\u00e9s de culminar una larga escapada en la que ha dejado atr\u00e1s a sus cuatro acompa\u00f1antes.<\/p>\n<p>Albasini ha puesto el broche de oro al fin de semana del ne\u00f3fito conjunto australiano del Greenedge, que el pasado s\u00e1bado se adjudic\u00f3 con Simon Gerrans la cl\u00e1sica Mil\u00e1n-San Remo.<\/p>\n<p>El suizo no es un ciclista con un gran n\u00famero de victorias (14), pero s\u00ed de prestigio, con triunfos parciales en la Vuelta a Espa\u00f1a (2011), la Vuelta al Pa\u00eds Vasco (2009) y la Vuelta a Suiza (2009 y 2005).<\/p>\n<p>En esta ocasi\u00f3n, Albasini, de 31 a\u00f1os, ha hecho valer su experiencia al atacar en el \u00faltimo puerto del d\u00eda, el de Collsacreu (3a categor\u00eda) a 18 kil\u00f3metros de meta, y ha tomado una ventaja que ya no ha dejado escapar ante los otros cuatro escapados: Anthony Delaplace (Saur Sojasun), Timothy Duggan (Liquigas), Nicolas Edet (Cofidis) y Ben Gastauer (AG2R).<\/p>\n<p>El suizo ha entrado en solitario en meta con 42 segundos de margen por delante del franc\u00e9s Delaplace (Saur Sojasun), 1:14 el tambi\u00e9n galo Edet, y 1:32 sobre el pelot\u00f3n, que ha engullido a los otros dos fugados en los \u00faltimos metros.<\/p>\n<p>Dentro del gran grupo han entrado las principales figuras de esta Volta, entre ellos, Alejandro Valverde (Movistar), Bradley Wiggins (Sky) y Andy Schleck (RadioShack-Nissan), que hoy se han mantenido en un segundo plano.<\/p>\n<p>La etapa con inicio y final en Calella era ideal para las escapadas, con un total de 3 puertos que presagiaban movimiento en el pelot\u00f3n.<\/p>\n<p>Adem\u00e1s, la presencia de lluvia e incluso de granizo ha facilitado el trabajo de los fugados, que han saltado en el kil\u00f3metro 51 y han llegado a gozar de hasta 6 minutos de ventaja.<\/p>\n<p>Movistar y Astan\u00e1 han sido los principales encargados de reducir las distancias con los escapados al imponer un fuerte ritmo en el pelot\u00f3n, pero finalmente la escapada ha llegado a buen puerto.<\/p>\n<p>Albasini ha sido el m\u00e1s vivo y el que ha tenido m\u00e1s fuerzas en el \u00faltimo puerto y se ha llevado el premio gordo del d\u00eda, la victoria de etapa y el maillot de l\u00edder.<\/p>\n<p>Ma\u00f1ana, el suizo defender\u00e1 liderato en la etapa que tiene como inicio y final la ciudad de Girona, de 161 kil\u00f3metros, la antesala de la etapa reina del mi\u00e9rcoles con final en la estaci\u00f3n de esqu\u00ed de Port Ain\u00e9.<\/p>\n","protected":false},"excerpt":{"rendered":"<p>El corredor suizo Michael Albasini, del Greenedge, se ha convertido este lunes en el primer l\u00edder de la Volta a Catalunya al ganar en solitario la primera etapa de la prueba, con inicio y final en Calella, despu\u00e9s de culminar una larga escapada en la que ha dejado atr\u00e1s a sus cuatro acompa\u00f1antes.<\/p>\n","protected":false},"author":1,"featured_media":373737,"comment_status":"open","ping_status":"open","sticky":false,"template":"","format":"standard","meta":{"footnotes":""},"categories":[28],"tags":[1215,444,2596],"class_list":["post-373736","post","type-post","status-publish","format-standard","has-post-thumbnail","hentry","category-deportes","tag-ciclismo","tag-espana","tag-volta"],"_links":{"self":[{"href":"https:\/\/diarioelpopular.com\/index.php\/wp-json\/wp\/v2\/posts\/373736","targetHints":{"allow":["GET"]}}],"collection":[{"href":"https:\/\/diarioelpopular.com\/index.php\/wp-json\/wp\/v2\/posts"}],"about":[{"href":"https:\/\/diarioelpopular.com\/index.php\/wp-json\/wp\/v2\/types\/post"}],"author":[{"embeddable":true,"href":"https:\/\/diarioelpopular.com\/index.php\/wp-json\/wp\/v2\/users\/1"}],"replies":[{"embeddable":true,"href":"https:\/\/diarioelpopular.com\/index.php\/wp-json\/wp\/v2\/comments?post=373736"}],"version-history":[{"count":0,"href":"https:\/\/diarioelpopular.com\/index.php\/wp-json\/wp\/v2\/posts\/373736\/revisions"}],"wp:featuredmedia":[{"embeddable":true,"href":"https:\/\/diarioelpopular.com\/index.php\/wp-json\/"}],"wp:attachment":[{"href":"https:\/\/diarioelpopular.com\/index.php\/wp-json\/wp\/v2\/media?parent=373736"}],"wp:term":[{"taxonomy":"category","embeddable":true,"href":"https:\/\/diarioelpopular.com\/index.php\/wp-json\/wp\/v2\/categories?post=373736"},{"taxonomy":"post_tag","embeddable":true,"href":"https:\/\/diarioelpopular.com\/index.php\/wp-json\/wp\/v2\/tags?post=373736"}],"curies":[{"name":"wp","href":"https:\/\/api.w.org\/{rel}","templated":true}]}}