{"id":373739,"date":"2012-03-19T23:53:17","date_gmt":"2012-03-20T03:53:17","guid":{"rendered":"http:\/\/diarioelpopular.com\/?p=373739"},"modified":"2012-03-19T23:53:17","modified_gmt":"2012-03-20T03:53:17","slug":"apple-anuncia-un-reparto-dividendos-y-recompra-acciones-por-45-000-millones","status":"publish","type":"post","link":"https:\/\/diarioelpopular.com\/index.php\/2012\/03\/19\/apple-anuncia-un-reparto-dividendos-y-recompra-acciones-por-45-000-millones\/","title":{"rendered":"Apple anuncia un reparto dividendos y recompra acciones por 45.000 millones"},"content":{"rendered":"<div id=\"attachment_373740\" style=\"width: 710px\" class=\"wp-caption aligncenter\"><a href=\"https:\/\/diarioelpopular.com\/wp-content\/uploads\/2012\/03\/ok.apple_.jpg\"><img loading=\"lazy\" decoding=\"async\" aria-describedby=\"caption-attachment-373740\" class=\"size-full wp-image-373740\" title=\"ok.apple\" src=\"https:\/\/diarioelpopular.com\/wp-content\/uploads\/2012\/03\/ok.apple_.jpg\" alt=\"\" width=\"700\" height=\"420\" \/><\/a><p id=\"caption-attachment-373740\" class=\"wp-caption-text\">NUEVA YORK (EE.UU.).- Una pantalla muestra la cotizaci\u00f3n de Apple, reci\u00e9n abierta la Bolsa de Nueva York, EE.UU., este 19 de marzo de 2012. Este es un d\u00eda marcado por la decisi\u00f3n de Applede repartir dividendos entre sus accionistas e iniciar un plan de recompra de t\u00edtulos.<\/p><\/div>\n<p><strong><em>Nueva York.-<\/em><\/strong> El gigante tecnol\u00f3gico\u00a0Apple\u00a0anunci\u00f3 este lunes un plan para repartir dividendos en el \u00faltimo trimestre de 2012 entre sus accionistas y para recompra de acciones a lo largo de tres a\u00f1os por 45.000 millones de d\u00f3lares.<\/p>\n<p>Apple, con sede en Cupertino (California), indic\u00f3 tambi\u00e9n que el dividendo de sus acciones -que distribuir\u00e1 a partir del 1 de julio de este a\u00f1o- ser\u00e1 de 2,65 d\u00f3lares por t\u00edtulo.<\/p>\n<p>Tras la apertura del mercado tecnol\u00f3gico Nasdaq, las acciones de\u00a0Apple\u00a0ganaban el 2,06 %, hasta 597,67 d\u00f3lares cada una, y en l\u00ednea recta hacia la cota de 600 d\u00f3lares que la pasada semana toc\u00f3 brevemente por primera vez.<\/p>\n<p>Esta decisi\u00f3n se produce como consecuencia de las discusiones internas de la c\u00fapula directiva de la empresa fundada por Steve Jobs sobre c\u00f3mo proceder con los 97.600 millones de d\u00f3lares en saldo en efectivo y en valores negociables que tiene.<\/p>\n<p>La firma que preside Tim Cook es ya la empresa m\u00e1s valiosa del mundo con una capitalizaci\u00f3n burs\u00e1til que supera los 550.000 millones de d\u00f3lares, muy por encima de los algo m\u00e1s de 400.000 millones de la segunda m\u00e1s valiosa, la petrolera Exxon Mobil.<\/p>\n<p>Apple\u00a0indic\u00f3 hoy que esos planes, que todav\u00eda tendr\u00e1 que someter a la luz verde de su consejo de administraci\u00f3n, comenzar\u00e1n con el reparto de 2,65 d\u00f3lares por acci\u00f3n como dividendo efectivo en su cuarto trimestre fiscal de 2012, que comienza el pr\u00f3ximo 1 de julio.<\/p>\n<p>Asimismo, indic\u00f3 que el consejo de administraci\u00f3n ya ha autorizado un programa de recompra de acciones por 10.000 millones de d\u00f3lares que se anotar\u00e1 en su ejercicio fiscal de 2013 (que comienza el 30 de septiembre pr\u00f3ximo) y se ejecutar\u00e1 a lo largo de tres a\u00f1os.<\/p>\n<p>&#8220;Hemos utilizado parte de nuestro efectivo para realizar grandes inversiones incrementando investigaci\u00f3n, desarrollo, adquisiciones, apertura de nuevos establecimientos, prepagos estrat\u00e9gicos y gastos de capital, as\u00ed como construyendo una mejor infraestructura&#8221;, indic\u00f3 el consejero delegado de\u00a0Apple, Tim Cook,<\/p>\n<p>Cook agreg\u00f3 que con esas inversiones, cuyo impacto asegur\u00f3 que &#8220;se ver\u00e1 en el futuro&#8221;, la firma puede mantener sus &#8220;oportunidades estrat\u00e9gicas y disponer de mucho efectivo para el negocio&#8221;, tras lo cual indic\u00f3 que por eso se ha iniciado &#8220;el programa de recompra y reparto de dividendos por acci\u00f3n&#8221;.<\/p>\n<p>Para poner en marcha ese programa &#8220;anticipamos el uso de 45.000 millones de d\u00f3lares en efectivo para sus tres primeros a\u00f1os&#8221;, afirm\u00f3 el director financiero de la firma, Peter Oppenheimer, quien reiter\u00f3 su &#8220;extremada confianza en el futuro&#8221;, al tiempo que se\u00f1al\u00f3 que &#8220;hay tremendas oportunidades&#8221; en \u00e9l.<\/p>\n<p>La firma estadounidense est\u00e1 en pleno lanzamiento del nuevo iPad, la tercera generaci\u00f3n de su exitosa tableta electr\u00f3nica, que el pasado viernes comenz\u00f3 a venderse en Estados Unidos y otros nueve pa\u00edses: Australia, Canad\u00e1, Francia, Alemania, Hong Kong, Jap\u00f3n, Singapur, Suiza y Reino Unido, y que desde el 23 de marzo estar\u00e1 a disposici\u00f3n de los consumidores de otra veintena m\u00e1s.<\/p>\n<p>El gigante de Silicon Valley es ya el rey de ese mercado de dispositivos que lidera holgadamente: entre octubre y diciembre el 54,7 % de las tabletas despachadas en el mundo fue del modelo de\u00a0Apple, comparado con el 16,8 % de las Kindle de Amazon, mucho m\u00e1s econ\u00f3micas, y el 5,8 % de las fabricadas por Samsung.<\/p>\n<p>La incre\u00edble expectaci\u00f3n que gener\u00f3 el estreno del nuevo iPad, presentado en San Francisco el pasado 7 de marzo, llev\u00f3 a que sus acciones aumentasen su valor en los \u00faltimos meses y a que la semana pasada consiguieran sobrepasar moment\u00e1neamente los 600 d\u00f3lares por primera vez en la historia.<\/p>\n<p>En lo que va de a\u00f1o, las acciones de la firma se han revalorizado el 55,49 %, y el 77,09 % en los \u00faltimos doce meses.<\/p>\n","protected":false},"excerpt":{"rendered":"<p>El gigante tecnol\u00f3gico Apple anunci\u00f3 este lunes un plan para repartir dividendos en el \u00faltimo trimestre de 2012 entre sus accionistas y para recompra de acciones a lo largo de tres a\u00f1os por 45.000 millones de d\u00f3lares.<\/p>\n","protected":false},"author":1,"featured_media":373740,"comment_status":"open","ping_status":"open","sticky":false,"template":"","format":"standard","meta":{"footnotes":""},"categories":[24],"tags":[2597],"class_list":["post-373739","post","type-post","status-publish","format-standard","has-post-thumbnail","hentry","category-mundo","tag-apple-dividendos"],"_links":{"self":[{"href":"https:\/\/diarioelpopular.com\/index.php\/wp-json\/wp\/v2\/posts\/373739","targetHints":{"allow":["GET"]}}],"collection":[{"href":"https:\/\/diarioelpopular.com\/index.php\/wp-json\/wp\/v2\/posts"}],"about":[{"href":"https:\/\/diarioelpopular.com\/index.php\/wp-json\/wp\/v2\/types\/post"}],"author":[{"embeddable":true,"href":"https:\/\/diarioelpopular.com\/index.php\/wp-json\/wp\/v2\/users\/1"}],"replies":[{"embeddable":true,"href":"https:\/\/diarioelpopular.com\/index.php\/wp-json\/wp\/v2\/comments?post=373739"}],"version-history":[{"count":0,"href":"https:\/\/diarioelpopular.com\/index.php\/wp-json\/wp\/v2\/posts\/373739\/revisions"}],"wp:featuredmedia":[{"embeddable":true,"href":"https:\/\/diarioelpopular.com\/index.php\/wp-json\/"}],"wp:attachment":[{"href":"https:\/\/diarioelpopular.com\/index.php\/wp-json\/wp\/v2\/media?parent=373739"}],"wp:term":[{"taxonomy":"category","embeddable":true,"href":"https:\/\/diarioelpopular.com\/index.php\/wp-json\/wp\/v2\/categories?post=373739"},{"taxonomy":"post_tag","embeddable":true,"href":"https:\/\/diarioelpopular.com\/index.php\/wp-json\/wp\/v2\/tags?post=373739"}],"curies":[{"name":"wp","href":"https:\/\/api.w.org\/{rel}","templated":true}]}}