{"id":373742,"date":"2012-03-19T23:52:52","date_gmt":"2012-03-20T03:52:52","guid":{"rendered":"http:\/\/diarioelpopular.com\/?p=373742"},"modified":"2012-03-19T23:52:52","modified_gmt":"2012-03-20T03:52:52","slug":"crece-conflicto-laboral-entre-air-canada-y-trabajadores","status":"publish","type":"post","link":"https:\/\/diarioelpopular.com\/index.php\/2012\/03\/19\/crece-conflicto-laboral-entre-air-canada-y-trabajadores\/","title":{"rendered":"Crece conflicto laboral entre Air Canad\u00e1 y trabajadores"},"content":{"rendered":"<div id=\"attachment_373744\" style=\"width: 710px\" class=\"wp-caption aligncenter\"><a href=\"https:\/\/diarioelpopular.com\/wp-content\/uploads\/2012\/03\/ok.web_.air-canada1.jpg\"><img loading=\"lazy\" decoding=\"async\" aria-describedby=\"caption-attachment-373744\" class=\"size-full wp-image-373744\" title=\"ok.web.air canada\" src=\"https:\/\/diarioelpopular.com\/wp-content\/uploads\/2012\/03\/ok.web_.air-canada1.jpg\" alt=\"\" width=\"700\" height=\"420\" \/><\/a><p id=\"caption-attachment-373744\" class=\"wp-caption-text\">Al conflicto laboral de Air Canad\u00e1 con los pilotos y sus trabajadores se le sum\u00f3 otro y es que la compa\u00f1\u00eda que les realizaba el mantenimiento de los aviones en Canad\u00e1 se declaro en quiebra dejando a sus trabajadores sin empleos.<\/p><\/div>\n<p><strong><em>OTTAWA.-<\/em><\/strong> El conflicto laboral entre Air Canad\u00e1 y los trabajadores que mantiene en vilo a los viajeros, \u00a0sigue creciendo, pese a la declaratoria de ilegalidad que realiz\u00f3 el Gobierno, porque por un lado los empleados est\u00e1n en un supuesto plan tortuga, mientras por el otro una empresa privada que se encargaba de los mantenimientos de los aviones de Air Canad\u00e1 se declar\u00f3 en quiebra, lo que sum\u00f3 m\u00e1s problemas para la aerol\u00ednea m\u00e1s importante del pa\u00eds.<\/p>\n<p>Ayer\u00a0 cientos de sus trabajadores enfurecidos por el cierre repentino de las operaciones de la empresa de mantenimiento, \u00a0bloquearon el acceso a la sede de la aerol\u00ednea cerca del aeropuerto Trudeau de Montreal.<\/p>\n<p>La declaratoria de quiebra de Aveo Flota, que cerrar\u00e1 su puertas en sus plantas de Montreal, Winnipeg y Vancouver, gener\u00f3 el bloqueo que realizaron alrededor de 2.400 trabajadores en Montreal, Winnipeg y Vancouver, quienes recibieron la noticia de que ya no hay m\u00e1s trabajo para ellos.<\/p>\n<p>Es el \u00faltimo evento que rodea el conflicto laboral de Air Canad\u00e1, se supo que el pasado fin de semana un n\u00famero inusual de pilotos llamaron para reportarse enfermos, lo que provoc\u00f3 que algunos vuelos se cancelaran o se retrasaran.<\/p>\n<p>La amarga disputa contractual con sus pilotos y personal de tierra de Air Canad\u00e1 obligaron al Gobierno conservador de intervenir para evitar una interrupci\u00f3n de los vuelos, por lo que se cre\u00eda que la huelga anunciada para finales de este mes estaba superada, pero en la tarde del lunes, un juez del Tribunal Superior de Quebec acord\u00f3 poner bajo protecci\u00f3n de bancarrota a la compa\u00f1\u00eda que presta sus servicios a la aerol\u00ednea, lo que gener\u00f3 otro problema m\u00e1s a las diferencias entre trabajadores y patronos, porque ahora Air Canad\u00e1 debe buscar un remplazo en menos de 17 d\u00edas.<\/p>\n<p>Aveo dijo que se vio obligado a hacer el movimiento, en parte, a causa del &#8220;bajo volumen de trabajo&#8221; de su principal cliente. La compa\u00f1\u00eda dijo que Air Canad\u00e1 redujo el trabajo de mantenimiento de sus aviones, lo que les gener\u00f3 $ 16 millones en p\u00e9rdidas en menos de dos meses. &#8220;Lamentamos profundamente la p\u00e9rdida de empleos y el impacto que esta decisi\u00f3n tiene sobre nuestros empleados en Canad\u00e1&#8221;, dijo Joe Kolshak, presidente de la compa\u00f1\u00eda y director ejecutivo de Aveo.<\/p>\n<p>La compa\u00f1\u00eda lleva a cabo el mantenimiento programado en el fuselaje, motores y componentes de la flota de Air Canad\u00e1.<\/p>\n<p>Air Canad\u00e1 que representa el 90 por ciento de los negocios Aveo, calific\u00f3 la situaci\u00f3n de &#8220;decepcionante&#8221;, pero insisti\u00f3 en un comunicado que el cierre Aveo no tendr\u00eda ning\u00fan impacto en el &#8220;mantenimiento de la l\u00ednea&#8221;, porque tienen sus propios equipos de mantenimiento en las instalaciones de Air Canad\u00e1.<\/p>\n<p>&#8220;\u00bfNo deber\u00eda Aveo estar\u00e1 en condiciones para realizar el trabajo, la aerol\u00ednea est\u00e1 dispuesta a llegar a acuerdos con una serie de otros proveedores de servicios, ubicados principalmente en los Estados Unidos y Canad\u00e1, con los que Air Canad\u00e1 cuenta con una larga relaci\u00f3n&#8221;, dijo la aerol\u00ednea en un declaraci\u00f3n.<\/p>\n<p>Ayer muy temprano unos 200 manifestantes de Aveos se reunieron alrededor de la entrada principal del aeropuerto de Montreal e invitaron a los trabajadores de Air Canad\u00e1 a no entrar a los edificios y apoyarlos. Los trabajadores ten\u00edan pancartas pidiendo al gobierno federal conservador de intervenir urgentemente.<\/p>\n<p>Muchos de los trabajadores de Aveos son ex trabajadores de Air Canad\u00e1 que fueron trasladados en el \u00a02011 a esta compa\u00eds, dijo Marcel Saint-Jean, presidente local de la Asociaci\u00f3n Internacional de Maquinistas y Trabajadores Aeroespaciales, que representa a los trabajadores Aveo. \u00a0Saint-Jean dijo que los trabajadores se trasladaron a Aveo con las mismas condiciones de Air Canad\u00e1 y ahora quedaron sin trabajo. &#8220;Es una sensaci\u00f3n de traici\u00f3n a la patria que tenemos ahora mismo, y Aveo y Air Canada deber\u00eda avergonzarse de lo que est\u00e1n haciendo a los empleados.&#8221;<\/p>\n<p>El diputado liberal Denis Coderre, quien se present\u00f3 en la protesta y habl\u00f3 con los trabajadores, desafi\u00f3 el primer ministro, Stephen Harper, para arreglar la situaci\u00f3n.<\/p>\n<p>Sin embargo, el ministro de Trabajo Lisa Raitt, quien recientemente present\u00f3 legislaci\u00f3n para evitar una interrupci\u00f3n del trabajo en Air Canad\u00e1, sugiri\u00f3 que el gobierno no tiene ning\u00fan papel que desempe\u00f1ar en este caso de bancarrota.<\/p>\n<p>El problema afecta directamente a unos 1.800 empleados en Montreal, 350 en Winnipeg y 250 en Vancouver, de acuerdo con la Asociaci\u00f3n Internacional de Maquinistas y Trabajadores Aeroespaciales.<\/p>\n<p>En las actuales circunstancias el sindicato ya se siente preocupado por el futuro de los mantenimientos de los aviones de Air Canad\u00e1, porque ahora traslad\u00f3 el contrato fuera del pa\u00eds.<\/p>\n","protected":false},"excerpt":{"rendered":"<p>El conflicto laboral entre Air Canad\u00e1 y los trabajadores que mantiene en vilo a los viajeros,  sigue creciendo, pese a la declaratoria de ilegalidad que realiz\u00f3 el Gobierno, porque por un lado los empleados est\u00e1n en un supuesto plan tortuga, mientras por el otro una empresa privada que se encargaba de los mantenimientos de los aviones de Air Canad\u00e1 se declar\u00f3 en quiebra, lo que sum\u00f3 m\u00e1s problemas para la aerol\u00ednea m\u00e1s importante del pa\u00eds.<\/p>\n","protected":false},"author":1,"featured_media":373744,"comment_status":"open","ping_status":"open","sticky":false,"template":"","format":"standard","meta":{"footnotes":""},"categories":[21],"tags":[2479,77,2598,2599,229],"class_list":["post-373742","post","type-post","status-publish","format-standard","has-post-thumbnail","hentry","category-canada","tag-air","tag-canada-2","tag-conflicto","tag-laboral","tag-ottawa"],"_links":{"self":[{"href":"https:\/\/diarioelpopular.com\/index.php\/wp-json\/wp\/v2\/posts\/373742","targetHints":{"allow":["GET"]}}],"collection":[{"href":"https:\/\/diarioelpopular.com\/index.php\/wp-json\/wp\/v2\/posts"}],"about":[{"href":"https:\/\/diarioelpopular.com\/index.php\/wp-json\/wp\/v2\/types\/post"}],"author":[{"embeddable":true,"href":"https:\/\/diarioelpopular.com\/index.php\/wp-json\/wp\/v2\/users\/1"}],"replies":[{"embeddable":true,"href":"https:\/\/diarioelpopular.com\/index.php\/wp-json\/wp\/v2\/comments?post=373742"}],"version-history":[{"count":0,"href":"https:\/\/diarioelpopular.com\/index.php\/wp-json\/wp\/v2\/posts\/373742\/revisions"}],"wp:featuredmedia":[{"embeddable":true,"href":"https:\/\/diarioelpopular.com\/index.php\/wp-json\/"}],"wp:attachment":[{"href":"https:\/\/diarioelpopular.com\/index.php\/wp-json\/wp\/v2\/media?parent=373742"}],"wp:term":[{"taxonomy":"category","embeddable":true,"href":"https:\/\/diarioelpopular.com\/index.php\/wp-json\/wp\/v2\/categories?post=373742"},{"taxonomy":"post_tag","embeddable":true,"href":"https:\/\/diarioelpopular.com\/index.php\/wp-json\/wp\/v2\/tags?post=373742"}],"curies":[{"name":"wp","href":"https:\/\/api.w.org\/{rel}","templated":true}]}}