{"id":373955,"date":"2012-03-21T00:19:10","date_gmt":"2012-03-21T04:19:10","guid":{"rendered":"http:\/\/diarioelpopular.com\/?p=373955"},"modified":"2012-03-21T00:19:10","modified_gmt":"2012-03-21T04:19:10","slug":"la-modelo-adriana-lima-espera-su-segundo-hijo","status":"publish","type":"post","link":"https:\/\/diarioelpopular.com\/index.php\/2012\/03\/21\/la-modelo-adriana-lima-espera-su-segundo-hijo\/","title":{"rendered":"La modelo Adriana Lima espera su segundo hijo"},"content":{"rendered":"<div id=\"attachment_373956\" style=\"width: 710px\" class=\"wp-caption aligncenter\"><a href=\"https:\/\/diarioelpopular.com\/wp-content\/uploads\/2012\/03\/web.adriana-lima.jpg\"><img loading=\"lazy\" decoding=\"async\" aria-describedby=\"caption-attachment-373956\" class=\"size-full wp-image-373956\" title=\"web.adriana lima\" src=\"https:\/\/diarioelpopular.com\/wp-content\/uploads\/2012\/03\/web.adriana-lima.jpg\" alt=\"\" width=\"700\" height=\"420\" \/><\/a><p id=\"caption-attachment-373956\" class=\"wp-caption-text\">Adrianam Lima luce sus atributos para los desfiles de moda de la marca de ropa femenina Victoria Secret.<\/p><\/div>\n<p><strong><em>Los \u00c1ngeles (EE.UU.).-<\/em><\/strong> La supermodelo brasile\u00f1a Adriana Lima y su esposo, el jugador de baloncesto serbio Marko Jaric, esperan su segundo hijo, inform\u00f3 este martes la edici\u00f3n digital de la revista especializada People.<\/p>\n<p>Lima, de 30 a\u00f1os, y Jaric, de 33, son padres de Valentina, de dos a\u00f1os.<br \/>\n&#8220;Toda la familia est\u00e1 entusiasmada, especialmente Valentina. No para de tirarle besos a mi barriga diciendo: &#8216;besos para el beb\u00e9'&#8221;, dijo la modelo a la publicaci\u00f3n.<\/p>\n<p>La pareja se conoci\u00f3 en Los \u00c1ngeles (California) en 2006.<\/p>\n<p>&#8220;Supe que era la persona adecuada y pod\u00eda verme casada con \u00e9l y con una gran familia&#8221;, afirm\u00f3 Lima, quien contrajo matrimonio con el exjugador del Real Madrid el d\u00eda de San Valent\u00edn de 2009 en una ceremonia civil celebrada en Jackson Hole (Wyoming, EE.UU.).<\/p>\n<p>Poco despu\u00e9s de su luna de miel supieron que estaban esperando su primer beb\u00e9.<br \/>\nLima ha continuado su labor sobre las pasarelas como modelo de la firma de ropa interior femenina Victoria&#8217;s Secret, pero admite que ser madre es su labor principal.<\/p>\n<p>&#8220;El mejor trabajo del mundo es ser madre&#8221;, coment\u00f3 a la revista. &#8220;Nunca pens\u00e9 que podr\u00eda querer a alguien tanto. Siempre me pregunt\u00e9 si exist\u00eda el amor incondicional. Ahora s\u00e9 que s\u00ed, porque es lo que siento&#8221;, manifest\u00f3.<\/p>\n","protected":false},"excerpt":{"rendered":"<p>La supermodelo brasile\u00f1a Adriana Lima y su esposo, el jugador de baloncesto serbio Marko Jaric, esperan su segundo hijo, inform\u00f3 este martes la edici\u00f3n digital de la revista especializada People.<\/p>\n","protected":false},"author":1,"featured_media":373956,"comment_status":"open","ping_status":"open","sticky":false,"template":"","format":"standard","meta":{"footnotes":""},"categories":[23,24],"tags":[2626,2627,2628,446,2629],"class_list":["post-373955","post","type-post","status-publish","format-standard","has-post-thumbnail","hentry","category-latinoamerica","category-mundo","tag-adriana","tag-espera","tag-hijo","tag-lima","tag-modelo"],"_links":{"self":[{"href":"https:\/\/diarioelpopular.com\/index.php\/wp-json\/wp\/v2\/posts\/373955","targetHints":{"allow":["GET"]}}],"collection":[{"href":"https:\/\/diarioelpopular.com\/index.php\/wp-json\/wp\/v2\/posts"}],"about":[{"href":"https:\/\/diarioelpopular.com\/index.php\/wp-json\/wp\/v2\/types\/post"}],"author":[{"embeddable":true,"href":"https:\/\/diarioelpopular.com\/index.php\/wp-json\/wp\/v2\/users\/1"}],"replies":[{"embeddable":true,"href":"https:\/\/diarioelpopular.com\/index.php\/wp-json\/wp\/v2\/comments?post=373955"}],"version-history":[{"count":0,"href":"https:\/\/diarioelpopular.com\/index.php\/wp-json\/wp\/v2\/posts\/373955\/revisions"}],"wp:featuredmedia":[{"embeddable":true,"href":"https:\/\/diarioelpopular.com\/index.php\/wp-json\/"}],"wp:attachment":[{"href":"https:\/\/diarioelpopular.com\/index.php\/wp-json\/wp\/v2\/media?parent=373955"}],"wp:term":[{"taxonomy":"category","embeddable":true,"href":"https:\/\/diarioelpopular.com\/index.php\/wp-json\/wp\/v2\/categories?post=373955"},{"taxonomy":"post_tag","embeddable":true,"href":"https:\/\/diarioelpopular.com\/index.php\/wp-json\/wp\/v2\/tags?post=373955"}],"curies":[{"name":"wp","href":"https:\/\/api.w.org\/{rel}","templated":true}]}}