{"id":374514,"date":"2012-03-23T01:07:16","date_gmt":"2012-03-23T05:07:16","guid":{"rendered":"http:\/\/diarioelpopular.com\/?p=374514"},"modified":"2012-03-23T01:07:16","modified_gmt":"2012-03-23T05:07:16","slug":"ricky-martin-posa-por-primera-vez-con-sus-hijos","status":"publish","type":"post","link":"https:\/\/diarioelpopular.com\/index.php\/2012\/03\/23\/ricky-martin-posa-por-primera-vez-con-sus-hijos\/","title":{"rendered":"Ricky Martin posa por primera vez con sus hijos"},"content":{"rendered":"<div id=\"attachment_374515\" style=\"width: 710px\" class=\"wp-caption aligncenter\"><a href=\"https:\/\/diarioelpopular.com\/wp-content\/uploads\/2012\/03\/web.ricky_.jpg\"><img loading=\"lazy\" decoding=\"async\" aria-describedby=\"caption-attachment-374515\" class=\"size-full wp-image-374515\" title=\"web.ricky\" src=\"https:\/\/diarioelpopular.com\/wp-content\/uploads\/2012\/03\/web.ricky_.jpg\" alt=\"\" width=\"700\" height=\"420\" \/><\/a><p id=\"caption-attachment-374515\" class=\"wp-caption-text\">MADRID.- Fotograf\u00eda facilitada por Vanity Fair de la portada de la edici\u00f3n espa\u00f1ola de esta revista, en la que el cantante Ricky Martin posa por primera vez con sus mellizos Matteo y Valentino. En la entrevista que figura en las p\u00e1ginas interiores, el cantante, que ha logrado hace cuatro meses la nacionalidad espa\u00f1ola, afirma: &quot;si tocan la ley del matrimonio gay, ahora, como ciudadano espa\u00f1ol, me levantar\u00eda y me unir\u00eda a mi comunidad&quot;.<\/p><\/div>\n<p><strong><em>Madrid. (EFE).-<\/em><\/strong> Ricky Martin ha posado por primera vez, con sus mellizos Matteo y Valentino y con Carlos, su pareja desde hace cuatro a\u00f1os, para una entrevista concedida a la edici\u00f3n espa\u00f1ola de la revista Vanity Fair, adelant\u00f3 este jueves la publicaci\u00f3n.<\/p>\n<p>El cantante puertorrique\u00f1o, que logr\u00f3 la nacionalidad espa\u00f1ola hace cuatro meses, habla en la entrevista sobre la ley espa\u00f1ola de matrimonio homosexual, que est\u00e1 pendiente de un recurso al Tribunal Constitucional, y afirma que &#8220;&#8221;si tocan&#8221; esa legislaci\u00f3n, &#8220;ahora, como ciudadano espa\u00f1ol, me levantar\u00eda y me unir\u00eda a mi comunidad&#8221;.<\/p>\n<p>Tras reconocer p\u00fablicamente su homosexualidad en 2010, Ricky Martin (San Juan de Puerto Rico, 1971) habla tambi\u00e9n de sus relaciones: &#8220;Me he acostado con mujeres y me enamor\u00e9 de ellas y sent\u00ed cosas maravillosas. No me arrepiento de mis relaciones. Me ense\u00f1aron mucho, hombres y mujeres&#8221;.<\/p>\n<p>El artista, que pr\u00f3ximamente regresa a los escenarios de Broadway con el musical &#8220;Evita&#8221;, habla de su relaci\u00f3n con su pareja, Carlos, con el que asegura haber vivido cosas &#8220;tan lindas. De una complicidad, de un entendimiento y, a la vez, de una libertad&#8230;&#8221;.<\/p>\n<p>En la entrevista, incluida en el n\u00famero de abril de Vanity Fair, explica c\u00f3mo eligi\u00f3 a la donante de \u00f3vulos para sus hijos y rechaza la expresi\u00f3n &#8220;vientre de alquiler&#8221;.<\/p>\n<p>&#8220;Vi la foto y me dije: \u00bfQui\u00e9n es esta mujer tan angelical, tan transparente?. Yo no alquil\u00e9 un vientre. Esa expresi\u00f3n la utilizan los fundamentalistas conservadores. Me prestaron un vientre. No pagu\u00e9 por \u00e9l&#8221;, confiesa el cantante, que reconoce: &#8220;Dar\u00eda la vida a la mujer que me ayud\u00f3 a traer a mis hijos al mundo&#8221;.<\/p>\n<p>Ricky Martin, que comenz\u00f3 su ascenso en la m\u00fasica a partir del lanzamiento del disco &#8220;A Medio Vivir&#8221;, ha sido reconocido a lo largo de su carrera con un Premio Grammy y varios Grammy latinos.<\/p>\n","protected":false},"excerpt":{"rendered":"<p>Ricky Martin ha posado por primera vez, con sus mellizos Matteo y Valentino y con Carlos, su pareja desde hace cuatro a\u00f1os, para una entrevista concedida a la edici\u00f3n espa\u00f1ola de la revista Vanity Fair, adelant\u00f3 hoy la publicaci\u00f3n.<\/p>\n","protected":false},"author":1,"featured_media":374515,"comment_status":"open","ping_status":"open","sticky":false,"template":"","format":"standard","meta":{"footnotes":""},"categories":[24],"tags":[604,2648,2649],"class_list":["post-374514","post","type-post","status-publish","format-standard","has-post-thumbnail","hentry","category-mundo","tag-hijos","tag-martin","tag-ricky"],"_links":{"self":[{"href":"https:\/\/diarioelpopular.com\/index.php\/wp-json\/wp\/v2\/posts\/374514","targetHints":{"allow":["GET"]}}],"collection":[{"href":"https:\/\/diarioelpopular.com\/index.php\/wp-json\/wp\/v2\/posts"}],"about":[{"href":"https:\/\/diarioelpopular.com\/index.php\/wp-json\/wp\/v2\/types\/post"}],"author":[{"embeddable":true,"href":"https:\/\/diarioelpopular.com\/index.php\/wp-json\/wp\/v2\/users\/1"}],"replies":[{"embeddable":true,"href":"https:\/\/diarioelpopular.com\/index.php\/wp-json\/wp\/v2\/comments?post=374514"}],"version-history":[{"count":0,"href":"https:\/\/diarioelpopular.com\/index.php\/wp-json\/wp\/v2\/posts\/374514\/revisions"}],"wp:featuredmedia":[{"embeddable":true,"href":"https:\/\/diarioelpopular.com\/index.php\/wp-json\/"}],"wp:attachment":[{"href":"https:\/\/diarioelpopular.com\/index.php\/wp-json\/wp\/v2\/media?parent=374514"}],"wp:term":[{"taxonomy":"category","embeddable":true,"href":"https:\/\/diarioelpopular.com\/index.php\/wp-json\/wp\/v2\/categories?post=374514"},{"taxonomy":"post_tag","embeddable":true,"href":"https:\/\/diarioelpopular.com\/index.php\/wp-json\/wp\/v2\/tags?post=374514"}],"curies":[{"name":"wp","href":"https:\/\/api.w.org\/{rel}","templated":true}]}}