{"id":374533,"date":"2012-03-23T01:04:46","date_gmt":"2012-03-23T05:04:46","guid":{"rendered":"http:\/\/diarioelpopular.com\/?p=374533"},"modified":"2012-03-23T01:04:46","modified_gmt":"2012-03-23T05:04:46","slug":"paulina-rubio-rebate-los-alegatos-de-colate-en-su-peticion-de-divorcio","status":"publish","type":"post","link":"https:\/\/diarioelpopular.com\/index.php\/2012\/03\/23\/paulina-rubio-rebate-los-alegatos-de-colate-en-su-peticion-de-divorcio\/","title":{"rendered":"Paulina Rubio rebate los alegatos de &#8220;Colate&#8221; en su petici\u00f3n de divorcio"},"content":{"rendered":"<div id=\"attachment_374550\" style=\"width: 710px\" class=\"wp-caption aligncenter\"><a href=\"https:\/\/diarioelpopular.com\/wp-content\/uploads\/2012\/03\/pau1.jpg\"><img loading=\"lazy\" decoding=\"async\" aria-describedby=\"caption-attachment-374550\" class=\"size-full wp-image-374550\" title=\"pau\" src=\"https:\/\/diarioelpopular.com\/wp-content\/uploads\/2012\/03\/pau1.jpg\" alt=\"\" width=\"700\" height=\"420\" \/><\/a><p id=\"caption-attachment-374550\" class=\"wp-caption-text\">Tras contraer nupcias con Rubio se dedic\u00f3 a la carrera de ella quien solicit\u00f3 e insisti\u00f3, seg\u00fan los alegatos de &quot;Colate&quot;, que le acompa\u00f1ara en sus giras y la asesorara en su trabajo art\u00edstico.<\/p><\/div>\n<p><strong><em>Miami (EEUU) EFE.-<\/em><\/strong> La cantante mexicana Paulina Rubio rebate la mayor\u00eda de los alegatos presentados por el empresario espa\u00f1ol Nicol\u00e1s Vallejo N\u00e1gera, conocido como &#8220;Colate&#8221;, en su petici\u00f3n de divorcio, y en especial los relacionados con el hijo de ambos.<br \/>\nSeg\u00fan el documento judicial del caso al que Efe tuvo acceso este jueves, Rubio se opone a que &#8220;Colate&#8221; sea quien pase la mayor parte del tiempo con el hijo de ambos y afirma que el padre &#8220;nunca&#8221; cuid\u00f3 del ni\u00f1o m\u00e1s de unas cuantas horas seguidas.<\/p>\n<p>De hecho, precisa en sus argumentos, se vio obligada a contratar a alguien para que le ayudara con el menor, que naci\u00f3 el 14 de noviembre de 2010, porque, seg\u00fan ella, el empresario pasaba el tiempo en Florida (EE.UU.) entretenido en &#8220;sus m\u00faltiples actividades recreativas, en vez de buscar un empleo remunerado&#8221;.<\/p>\n<p>En la demanda de divorcio interpuesta por &#8220;Colate&#8221; en un tribunal de Miami, \u00e9ste ped\u00eda que ambos tuvieran la tutela compartida, pero que el ni\u00f1o pasara m\u00e1s tiempo con \u00e9l porque, seg\u00fan dec\u00eda, fue \u00e9l quien estaba s\u00f3lo al cuidado del menor.<\/p>\n<p>El a\u00fan marido de la cantante asegura que cuidaba del ni\u00f1o tanto cuando \u00e9sta estaba fuera de casa por compromisos profesionales, como cuando se encontraba en la ciudad porque, seg\u00fan \u00e9l, &#8220;habitualmente&#8221; ella no se levanta hasta el mediod\u00eda.<\/p>\n<p>&#8220;Es el esposo quien ha cuidado del ni\u00f1o desde el tiempo en que el menor se levanta hasta que es la hora de su siesta&#8221;, se indica en los documentos presentados por &#8220;Colate&#8221;, quien afirma tener &#8220;una relaci\u00f3n muy especial, cercana y amorosa&#8221; con \u00e9l.<\/p>\n<p>La artista niega &#8220;enf\u00e1ticamente&#8221; que el empresario sea quien se encargaba del menor cuando estaba de gira porque ella tiene una ni\u00f1era a tiempo completo que la ayuda en el cuidado del hijo.<\/p>\n<p>Admite que &#8220;Colate&#8221; es un padre &#8220;amoroso&#8221;, pero niega todo los dem\u00e1s argumentos, al tiempo que indica que \u00e9 &#8220;debe contribuir financieramente al apoyo mensual y las futuras necesidades financieras del ni\u00f1o&#8221;.<\/p>\n<p>Otro de los aspectos que niega la int\u00e9rprete mexicana es que existan activos matrimoniales o deudas que deban ser distribuidas, porque ambos firmaron un acuerdo prenupcial cuando se casaron el 30 de abril de 2007 en Playa de Carmen, en Quintana Roo (M\u00e9xico).<\/p>\n<p>&#8220;El esposo convenientemente omite este hecho en su petici\u00f3n&#8221;, dice la cantante en sus documentos.<\/p>\n<p>El empresario espa\u00f1ol dijo en su demanda que durante el matrimonio la pareja acumul\u00f3 importantes activos e incurrieron en ciertas deudas que &#8220;deben ser distribuidas equitativamente&#8221;.<\/p>\n<p>Tambi\u00e9n afirm\u00f3 que en los cinco a\u00f1os de matrimonio contribuy\u00f3 con el \u00e9xito de Rubio en virtud de su papel como compa\u00f1ero, consejero y confidente de la artista, adem\u00e1s de promover su carrera.<\/p>\n<p>Precis\u00f3 que antes de casarse con ella, era un empresario exitoso en Espa\u00f1a donde pose\u00eda un grupo multimedia de publicidad.<\/p>\n<p>Tras contraer nupcias con Rubio se dedic\u00f3 a la carrera de ella quien solicit\u00f3 e insisti\u00f3, seg\u00fan los alegatos de &#8220;Colate&#8221;, que le acompa\u00f1ara en sus giras y la asesorara en su trabajo art\u00edstico.<\/p>\n<p>Se dedic\u00f3 a ello en detrimento de sus negocios en Espa\u00f1a, asegur\u00f3 el empresario, quien detall\u00f3 que durante el matrimonio disfrut\u00f3 de una vida &#8220;extremadamente lujosa&#8221; que s\u00f3lo puede &#8220;ser acertadamente descrita como de &#8216;ricos y famosos'&#8221;, algo que Rubio niega.<br \/>\n&#8220;Las partes viajaron habitualmente por el mundo en jet privado, se hospedaron en suites presidenciales de hoteles de cinco estrellas, comieron en los restaurantes m\u00e1s finos, fueron transportados por limusinas, etc.&#8221;, dijo &#8220;Colate&#8221; en su demanda.<\/p>\n<p>Sin embargo, la cantante mexicana niega que su esposo contribuyera a su \u00e9xito y lo acusa de presentar unos alegatos -que en su opini\u00f3n son &#8220;una fantas\u00eda delirante&#8221;- con el &#8220;\u00fanico prop\u00f3sito de tratar de obtener una ganancia financiera con esta demanda&#8221;.<\/p>\n<p>En ese sentido asegura que ls pareja sufri\u00f3 &#8220;gran tensi\u00f3n&#8221; en su corto matrimonio por &#8220;la negativa del esposo a hacer cualquier clase de trabajo&#8221; y que ella &#8220;se esforz\u00f3 en obtener una residencia permanente para \u00e9l&#8221; para que pudiera trabajar en EE.UU..<\/p>\n<p>La cantante asegura que &#8220;Colate&#8221; est\u00e1 saludable, tiene educaci\u00f3n y es &#8220;perfectamente capaz de encontrar un trabajo remunerado si hiciera el esfuerzo&#8221;.<\/p>\n<p>Rubio tambi\u00e9n se opone a la petici\u00f3n del empresario espa\u00f1ol de que le pague los honorarios de los abogados.<\/p>\n","protected":false},"excerpt":{"rendered":"<p>La cantante mexicana Paulina Rubio rebate la mayor\u00eda de los alegatos presentados por el empresario espa\u00f1ol Nicol\u00e1s Vallejo N\u00e1gera, conocido como &#8220;Colate&#8221;, en su petici\u00f3n de divorcio, y en especial los relacionados con el hijo de ambos.<\/p>\n","protected":false},"author":1,"featured_media":374550,"comment_status":"open","ping_status":"open","sticky":false,"template":"","format":"standard","meta":{"footnotes":""},"categories":[23,24],"tags":[635],"class_list":["post-374533","post","type-post","status-publish","format-standard","has-post-thumbnail","hentry","category-latinoamerica","category-mundo","tag-paulina-rubio"],"_links":{"self":[{"href":"https:\/\/diarioelpopular.com\/index.php\/wp-json\/wp\/v2\/posts\/374533","targetHints":{"allow":["GET"]}}],"collection":[{"href":"https:\/\/diarioelpopular.com\/index.php\/wp-json\/wp\/v2\/posts"}],"about":[{"href":"https:\/\/diarioelpopular.com\/index.php\/wp-json\/wp\/v2\/types\/post"}],"author":[{"embeddable":true,"href":"https:\/\/diarioelpopular.com\/index.php\/wp-json\/wp\/v2\/users\/1"}],"replies":[{"embeddable":true,"href":"https:\/\/diarioelpopular.com\/index.php\/wp-json\/wp\/v2\/comments?post=374533"}],"version-history":[{"count":0,"href":"https:\/\/diarioelpopular.com\/index.php\/wp-json\/wp\/v2\/posts\/374533\/revisions"}],"wp:featuredmedia":[{"embeddable":true,"href":"https:\/\/diarioelpopular.com\/index.php\/wp-json\/"}],"wp:attachment":[{"href":"https:\/\/diarioelpopular.com\/index.php\/wp-json\/wp\/v2\/media?parent=374533"}],"wp:term":[{"taxonomy":"category","embeddable":true,"href":"https:\/\/diarioelpopular.com\/index.php\/wp-json\/wp\/v2\/categories?post=374533"},{"taxonomy":"post_tag","embeddable":true,"href":"https:\/\/diarioelpopular.com\/index.php\/wp-json\/wp\/v2\/tags?post=374533"}],"curies":[{"name":"wp","href":"https:\/\/api.w.org\/{rel}","templated":true}]}}