{"id":37462,"date":"2012-01-03T21:54:22","date_gmt":"2012-01-04T02:54:22","guid":{"rendered":"http:\/\/diarioelpopular.com\/?p=37462"},"modified":"2012-01-03T21:54:22","modified_gmt":"2012-01-04T02:54:22","slug":"nani-roma-da-el-golpe-en-autos-y-coma-pierde-el-liderato","status":"publish","type":"post","link":"https:\/\/diarioelpopular.com\/index.php\/2012\/01\/03\/nani-roma-da-el-golpe-en-autos-y-coma-pierde-el-liderato\/","title":{"rendered":"&#8216;Nani&#8217; Roma da el golpe en autos, y Coma pierde el liderato"},"content":{"rendered":"<div id=\"attachment_37463\" style=\"width: 710px\" class=\"wp-caption aligncenter\"><a href=\"https:\/\/diarioelpopular.com\/wp-content\/uploads\/2012\/01\/Dakar-Nani-Roma.jpg\"><img loading=\"lazy\" decoding=\"async\" aria-describedby=\"caption-attachment-37463\" class=\"size-full wp-image-37463\" title=\"Dakar, Nani Roma\" src=\"https:\/\/diarioelpopular.com\/wp-content\/uploads\/2012\/01\/Dakar-Nani-Roma.jpg\" alt=\"\" width=\"700\" height=\"420\" \/><\/a><p id=\"caption-attachment-37463\" class=\"wp-caption-text\">El piloto espa\u00f1ol Nani Roma, de Mini, durante la tercera etapa del Rally Dakar 2012, entre las localidades argentinas de San Rafael de Mendoza y San Juan. Foto: C\u00e9zaro De Luca \/ Efe<\/p><\/div>\n<p><em><strong>Gerard Soler. San Juan (Argentina).-<\/strong><\/em> El piloto espa\u00f1ol Joan &#8216;Nani&#8217; Roma (Mini) consigui\u00f3 este martes un reconfortante triunfo en autos en la tercera etapa del\u00a0Dakar, entre San Rafael y San Juan, mientras su compatriota Marc Coma (KTM) cometi\u00f3 un error de navegaci\u00f3n y cedi\u00f3 al franc\u00e9s Cyril Despres (KTM) el liderato en motos.<\/p>\n<p>&#8216;Nani&#8217; confirm\u00f3 en la pista que cada d\u00eda se siente m\u00e1s c\u00f3modo al volante de su Mini y logr\u00f3 su primer triunfo parcial en este\u00a0Dakar, con 1 minuto y 9 segundos de ventaja sobre el polaco Krzysztof Holowczyc (Mini), el nuevo l\u00edder de la general.<\/p>\n<p>&#8220;A\u00fan queda mucho pero evidentemente estoy contento&#8221;, coment\u00f3 &#8216;Nani&#8217;, quien asumi\u00f3 con cautela la victoria porque en el\u00a0Dakar\u00a0&#8220;un d\u00eda estas contento y al siguiente est\u00e1s en la miseria&#8221;.<\/p>\n<p>La etapa de este martes tuvo 208 kil\u00f3metros cronometrados por pistas r\u00e1pidas y pedregosas, todo un riesgo para la integridad de los neum\u00e1ticos de los autom\u00f3viles.<\/p>\n<p>&#8216;Nani&#8217; y el franc\u00e9s St\u00e9phane Peterhansel (Mini) rodaron con tiempos parciales muy parecidos hasta la segunda mitad de la especial, cuando el galo sufri\u00f3 dos pinchazos que lo relegaron a la s\u00e9ptima posici\u00f3n en la clasificaci\u00f3n de la etapa.<\/p>\n<p>&#8220;La primera vez pinchamos con un trozo de madera y la segunda no lo s\u00e9. Empezamos con pinchazos, como el a\u00f1o pasado, espero que lo superemos r\u00e1pido&#8221;, indic\u00f3 a Efe Peterhansel.<\/p>\n<p>El catar\u00ed Nasser Al-Attiyah sigue acumulando rodaje con el Hummer y hoy fue tercero a poco m\u00e1s de un minuto de &#8216;Nani&#8217;. El sudafricano Giniel De Villiers, que de momento no va nada mal al volante de un Toyota, termin\u00f3 cuarto y el estadounidense Robby Gordon (Hummer) fue quinto.<\/p>\n<p>La clasificaci\u00f3n general est\u00e1 al rojo vivo, con cinco pilotos separados por poco m\u00e1s de dos minutos. Holowczyc va a la cabeza, pero Gordon, De Villiers, &#8216;Nani&#8217; y Peterhansel le siguen la estela.<\/p>\n<p>Un poco m\u00e1s atr\u00e1s aparece Al-Attiyah, que a\u00fan arrastra los minutos que perdi\u00f3 en la primera etapa, cuando tuvo que ser remolcado por su compa\u00f1ero Gordon.<\/p>\n<div id=\"attachment_37464\" style=\"width: 310px\" class=\"wp-caption alignright\"><a href=\"https:\/\/diarioelpopular.com\/wp-content\/uploads\/2012\/01\/Dakar-Coma.jpg\"><img loading=\"lazy\" decoding=\"async\" aria-describedby=\"caption-attachment-37464\" class=\"size-medium wp-image-37464\" title=\"Dakar, Coma\" src=\"https:\/\/diarioelpopular.com\/wp-content\/uploads\/2012\/01\/Dakar-Coma-300x213.jpg\" alt=\"\" width=\"300\" height=\"213\" \/><\/a><p id=\"caption-attachment-37464\" class=\"wp-caption-text\">El piloto espa\u00f1ol Marc Coma, en la tercera etapa del Rally Dakar 2012. Foto: C\u00e9zaro De Luca \/ Efe<\/p><\/div>\n<p>Tambi\u00e9n estuvo movida la etapa en la categor\u00eda de dos ruedas, en la que el franc\u00e9s Cyril Despres aprovech\u00f3 un error de Marc Coma para arrebatarle el liderato del rally.<\/p>\n<p>El catal\u00e1n se despist\u00f3 en el kil\u00f3metro 162, cuando el camino se separaba para motos y autos. Coma tom\u00f3 la v\u00eda de los autos y circul\u00f3 6 kil\u00f3metros hasta que vio en el libro de ruta que se hab\u00eda equivocado.<\/p>\n<p>Dio media vuelta, tom\u00f3 la senda correcta y trat\u00f3 de recuperar algo de tiempo, aunque no quiso arriesgar m\u00e1s de lo debido para evitar alguna ca\u00edda.<\/p>\n<p>Al final perdi\u00f3 13:04 respecto a Despres y se vio relegado al segundo sitio en la general, a m\u00e1s de 10 minutos del galo.<\/p>\n<p>Coma se mostr\u00f3 contrariado por el rev\u00e9s que sufri\u00f3 en esta etapa pero lo quit\u00f3 importancia al asunto. &#8220;Puede pasar de todo. Hemos perdido tiempo pero tampoco es imposible de recuperar ni mucho menos&#8221;, coment\u00f3.<\/p>\n<p>Despres, en tanto, explic\u00f3 que su jornada no estuvo exenta de problemas, ya que se hizo da\u00f1o en una u\u00f1a y rompi\u00f3 el freno trasero de su moto.<\/p>\n<p>El chileno Francisco &#8216;Chaleco&#8217; L\u00f3pez sigue a lo suyo y fue s\u00e9ptimo, a m\u00e1s de 17 minutos de Despres y es cuarto en la general a solo 21 segundos del tercero, el franc\u00e9s David Casteu (Yamaha).<\/p>\n<p>En quads el triunfo de etapa fue para el argentino Pablo Sebasti\u00e1n Copetti (Yamaha) y el nuevo l\u00edder es su compatriota Marcos Patronelli (Yamaha), que aprovech\u00f3 la nefasta jornada del uruguayo Sergio La Fuente (Yamaha), que perdi\u00f3 m\u00e1s de una hora tras sufrir dos pinchazos y problemas con la bater\u00eda.<\/p>\n<p>Tambi\u00e9n hubo cambio de l\u00edder en camiones, donde ahora manda el kazako Artur Ardavichus (Kamaz), mientras que el triunfo parcial fue para el italiano Miki Biasion (Iveco).<\/p>\n<p>Este mi\u00e9rcoles, en la cuarta etapa, los pilotos recorrer\u00e1n 326 kil\u00f3metros cronometrados entre San Juan y Chilecito, en la provincia argentina de La Rioja.<\/p>\n","protected":false},"excerpt":{"rendered":"<p>El piloto espa\u00f1ol Joan &#8216;Nani&#8217; Roma consigui\u00f3 este martes un reconfortante triunfo en autos en la tercera etapa del Dakar, entre San Rafael y San Juan, mientras su compatriota Marc Coma cometi\u00f3 un error de navegaci\u00f3n y cedi\u00f3 al franc\u00e9s Cyril Despres el liderato en motos.<\/p>\n","protected":false},"author":1,"featured_media":37463,"comment_status":"closed","ping_status":"open","sticky":false,"template":"","format":"standard","meta":{"footnotes":""},"categories":[28],"tags":[276,46,171,277,173],"class_list":["post-37462","post","type-post","status-publish","format-standard","has-post-thumbnail","hentry","category-deportes","tag-autos","tag-dakar","tag-motos","tag-nani-roma","tag-rally"],"_links":{"self":[{"href":"https:\/\/diarioelpopular.com\/index.php\/wp-json\/wp\/v2\/posts\/37462","targetHints":{"allow":["GET"]}}],"collection":[{"href":"https:\/\/diarioelpopular.com\/index.php\/wp-json\/wp\/v2\/posts"}],"about":[{"href":"https:\/\/diarioelpopular.com\/index.php\/wp-json\/wp\/v2\/types\/post"}],"author":[{"embeddable":true,"href":"https:\/\/diarioelpopular.com\/index.php\/wp-json\/wp\/v2\/users\/1"}],"replies":[{"embeddable":true,"href":"https:\/\/diarioelpopular.com\/index.php\/wp-json\/wp\/v2\/comments?post=37462"}],"version-history":[{"count":0,"href":"https:\/\/diarioelpopular.com\/index.php\/wp-json\/wp\/v2\/posts\/37462\/revisions"}],"wp:featuredmedia":[{"embeddable":true,"href":"https:\/\/diarioelpopular.com\/index.php\/wp-json\/"}],"wp:attachment":[{"href":"https:\/\/diarioelpopular.com\/index.php\/wp-json\/wp\/v2\/media?parent=37462"}],"wp:term":[{"taxonomy":"category","embeddable":true,"href":"https:\/\/diarioelpopular.com\/index.php\/wp-json\/wp\/v2\/categories?post=37462"},{"taxonomy":"post_tag","embeddable":true,"href":"https:\/\/diarioelpopular.com\/index.php\/wp-json\/wp\/v2\/tags?post=37462"}],"curies":[{"name":"wp","href":"https:\/\/api.w.org\/{rel}","templated":true}]}}