{"id":375987,"date":"2012-03-28T22:35:40","date_gmt":"2012-03-29T02:35:40","guid":{"rendered":"http:\/\/diarioelpopular.com\/?p=375987"},"modified":"2012-03-28T22:35:40","modified_gmt":"2012-03-29T02:35:40","slug":"el-alzheimer-deberia-prevenirse-desde-la-etapa-prenatal-afirma-una-experta","status":"publish","type":"post","link":"https:\/\/diarioelpopular.com\/index.php\/2012\/03\/28\/el-alzheimer-deberia-prevenirse-desde-la-etapa-prenatal-afirma-una-experta\/","title":{"rendered":"El alzh\u00e9imer deber\u00eda prevenirse desde la etapa prenatal, afirma una experta"},"content":{"rendered":"<div id=\"attachment_375988\" style=\"width: 710px\" class=\"wp-caption aligncenter\"><a href=\"https:\/\/diarioelpopular.com\/wp-content\/uploads\/2012\/03\/web.anciano.2.jpg\"><img loading=\"lazy\" decoding=\"async\" aria-describedby=\"caption-attachment-375988\" class=\"size-full wp-image-375988\" title=\"web.anciano.2\" src=\"https:\/\/diarioelpopular.com\/wp-content\/uploads\/2012\/03\/web.anciano.2.jpg\" alt=\"\" width=\"700\" height=\"420\" \/><\/a><p id=\"caption-attachment-375988\" class=\"wp-caption-text\">El alzh\u00e9imer, que produce la p\u00e9rdida progresiva de la memoria y de otras capacidades mentales, es la demencia m\u00e1s frecuente.<\/p><\/div>\n<p><strong><em>Londres.-<\/em><\/strong> Las medidas para prevenir la enfermedad de alzh\u00e9imer deber\u00edan adoptarse desde la etapa prenatal, mediante un estilo de vida sano de la madre, y no solo en la edad adulta, asegur\u00f3 este mi\u00e9rcoles la investigadora Eef Hogervorst en un encuentro cient\u00edfico en Birmingham (centro de Inglaterra).<\/p>\n<p>Alrededor de 250 especialistas en distintas demencias se han reunido hasta en la Conferencia Anual de Investigaci\u00f3n del Alzh\u00e9imer, promovida por la organizaci\u00f3n Alzheimer&#8217;s Research UK, para hablar de los \u00faltimos avances en su prevenci\u00f3n y tratamiento.<\/p>\n<div id=\"attachment_375989\" style=\"width: 710px\" class=\"wp-caption aligncenter\"><a href=\"https:\/\/diarioelpopular.com\/wp-content\/uploads\/2012\/03\/web.anciano.1.jpg\"><img loading=\"lazy\" decoding=\"async\" aria-describedby=\"caption-attachment-375989\" class=\"size-full wp-image-375989\" title=\"web.anciano.1\" src=\"https:\/\/diarioelpopular.com\/wp-content\/uploads\/2012\/03\/web.anciano.1.jpg\" alt=\"\" width=\"700\" height=\"420\" \/><\/a><p id=\"caption-attachment-375989\" class=\"wp-caption-text\">El alzh\u00e9imer, que produce la p\u00e9rdida progresiva de la memoria y de otras capacidades mentales, es la demencia m\u00e1s frecuente.<\/p><\/div>\n<p>El alzh\u00e9imer, que produce la p\u00e9rdida progresiva de la memoria y de otras capacidades mentales, es la demencia m\u00e1s frecuente y afecta a 820.000 personas en el Reino Unido, lo que supone un coste anual de 23 millones de libras (27,4 millones de euros).<\/p>\n<p>Seg\u00fan la bi\u00f3loga e investigadora Eef Hogervorst, de la Universidad de Loughborough (centro de Inglaterra), las estrategias para evitar esta enfermedad deben aplicarse incluso antes del nacimiento.<\/p>\n<p>Hogervorst, experta en la influencia de los factores ambientales durante la etapa del crecimiento en el posterior desarrollo de demencias, hizo hincapi\u00e9 en &#8220;la necesidad de un enfoque preventivo que abarque toda la vida&#8221;.<\/p>\n<p>Para esta investigadora, las mejores medidas para evitar el alzh\u00e9imer son las que tambi\u00e9n son buenas para el coraz\u00f3n: dejar de fumar, comer sano y evitar el alcohol, que especialmente benefician a las mujeres.<\/p>\n<p>Mantenerse activo f\u00edsica y mentalmente tiene un efecto preventivo de esta enfermedad, aunque se lleve a cabo en edades tard\u00edas, apunt\u00f3 Hogervorst durante este evento, el m\u00e1s importante que se celebra en el Reino Unido sobre estas enfermedades neurodegenerativas.<\/p>\n<p>Entre otros expertos, intervino tambi\u00e9n Selina Wray, investigadora de Alzheimer&#8217;s Research UK, quien expuso su estudio con c\u00e9lulas madre para descifrar la evoluci\u00f3n de una forma hereditaria de la demencia frontotemporal, que produce agresividad y trastornos de la personalidad en pacientes menores de 60 a\u00f1os.<\/p>\n<p>Seg\u00fan Wray, en el progreso de esta dolencia desempe\u00f1a un papel importante la prote\u00edna tau, que estudios previos demostraron que tambi\u00e9n es en parte responsable de la aparici\u00f3n del alzh\u00e9imer.<\/p>\n<p>Mediante su estudio con c\u00e9lulas madre, Wray espera poder obtener m\u00e1s detalles sobre esta prote\u00edna, que se convierte en t\u00f3xica cuando surge la demencia frontotemporal, as\u00ed como sobre los procesos moleculares implicados.<\/p>\n<p>&#8220;Si logramos entender qu\u00e9 causa la muerte de las c\u00e9lulas nerviosas a medida que avanza la enfermedad, empezaremos a encontrar formas de detenerla cuando ya ha empezado&#8221;, afirm\u00f3 Wray.<\/p>\n","protected":false},"excerpt":{"rendered":"<p>Las medidas para prevenir la enfermedad de alzh\u00e9imer deber\u00edan adoptarse desde la etapa prenatal, mediante un estilo de vida sano de la madre, y no solo en la edad adulta, asegur\u00f3 este mi\u00e9rcoles la investigadora Eef Hogervorst en un encuentro cient\u00edfico en Birmingham (centro de Inglaterra).<\/p>\n","protected":false},"author":1,"featured_media":375988,"comment_status":"open","ping_status":"open","sticky":false,"template":"","format":"standard","meta":{"footnotes":""},"categories":[24],"tags":[2705],"class_list":["post-375987","post","type-post","status-publish","format-standard","has-post-thumbnail","hentry","category-mundo","tag-alzheimer"],"_links":{"self":[{"href":"https:\/\/diarioelpopular.com\/index.php\/wp-json\/wp\/v2\/posts\/375987","targetHints":{"allow":["GET"]}}],"collection":[{"href":"https:\/\/diarioelpopular.com\/index.php\/wp-json\/wp\/v2\/posts"}],"about":[{"href":"https:\/\/diarioelpopular.com\/index.php\/wp-json\/wp\/v2\/types\/post"}],"author":[{"embeddable":true,"href":"https:\/\/diarioelpopular.com\/index.php\/wp-json\/wp\/v2\/users\/1"}],"replies":[{"embeddable":true,"href":"https:\/\/diarioelpopular.com\/index.php\/wp-json\/wp\/v2\/comments?post=375987"}],"version-history":[{"count":0,"href":"https:\/\/diarioelpopular.com\/index.php\/wp-json\/wp\/v2\/posts\/375987\/revisions"}],"wp:featuredmedia":[{"embeddable":true,"href":"https:\/\/diarioelpopular.com\/index.php\/wp-json\/"}],"wp:attachment":[{"href":"https:\/\/diarioelpopular.com\/index.php\/wp-json\/wp\/v2\/media?parent=375987"}],"wp:term":[{"taxonomy":"category","embeddable":true,"href":"https:\/\/diarioelpopular.com\/index.php\/wp-json\/wp\/v2\/categories?post=375987"},{"taxonomy":"post_tag","embeddable":true,"href":"https:\/\/diarioelpopular.com\/index.php\/wp-json\/wp\/v2\/tags?post=375987"}],"curies":[{"name":"wp","href":"https:\/\/api.w.org\/{rel}","templated":true}]}}