{"id":376346,"date":"2012-03-29T23:38:49","date_gmt":"2012-03-30T03:38:49","guid":{"rendered":"http:\/\/diarioelpopular.com\/?p=376346"},"modified":"2012-03-29T23:38:49","modified_gmt":"2012-03-30T03:38:49","slug":"paquita-la-del-barrio","status":"publish","type":"post","link":"https:\/\/diarioelpopular.com\/index.php\/2012\/03\/29\/paquita-la-del-barrio\/","title":{"rendered":"Paquita La del Barrio"},"content":{"rendered":"<div id=\"attachment_376347\" style=\"width: 710px\" class=\"wp-caption aligncenter\"><a href=\"https:\/\/diarioelpopular.com\/wp-content\/uploads\/2012\/03\/web.paquita.2.jpg\"><img loading=\"lazy\" decoding=\"async\" aria-describedby=\"caption-attachment-376347\" class=\"size-full wp-image-376347\" title=\"web.paquita.2\" src=\"https:\/\/diarioelpopular.com\/wp-content\/uploads\/2012\/03\/web.paquita.2.jpg\" alt=\"\" width=\"700\" height=\"420\" \/><\/a><p id=\"caption-attachment-376347\" class=\"wp-caption-text\">Paquita la del barrio<\/p><\/div>\n<p align=\"center\">La misma int\u00e9rprete de grandes \u00e9xitos del compositor Manuel Eduardo Toscano, desde M\u00e9xico y v\u00eda telef\u00f3nica, nos habl\u00f3 de sus cuatro d\u00e9cadas sobre los escenarios y de la admiraci\u00f3n que siente por este gran autor.<\/p>\n<p>\u201cTiene una musa el se\u00f1or que es de admirar pues nos damos cuenta por las canciones que escribe, en este disco todos los temas son de su autor\u00eda. Toscano es un buen amigo, nosotros estuvimos en el show de Cristina y fue una bonita experiencia, nunca esper\u00e9, la verdad, que me fuera a llevar esa canci\u00f3n en donde se inspir\u00f3 con esta servidora, la verdad que me sorprendi\u00f3\u201d.<\/p>\n<p align=\"center\"><strong>Manuel Eduardo Toscano- Paquita La del Barrio- Cristina<\/strong><\/p>\n<div id=\"attachment_376348\" style=\"width: 710px\" class=\"wp-caption aligncenter\"><a href=\"https:\/\/diarioelpopular.com\/wp-content\/uploads\/2012\/03\/web.paquita.3.jpg\"><img loading=\"lazy\" decoding=\"async\" aria-describedby=\"caption-attachment-376348\" class=\"size-full wp-image-376348\" title=\"web.paquita.3\" src=\"https:\/\/diarioelpopular.com\/wp-content\/uploads\/2012\/03\/web.paquita.3.jpg\" alt=\"\" width=\"700\" height=\"420\" \/><\/a><p id=\"caption-attachment-376348\" class=\"wp-caption-text\">Manuel Toscano junto a Paquita y a Cristina<\/p><\/div>\n<p>La int\u00e9rprete de \u2018Me saludas a la tuya\u2019, acept\u00f3 que el tema \u2018Que quede claro\u2019 fue de los que sinti\u00f3 mucho mas al grabarlo, pues su objetivo es darles voz a las mujeres que se sienten utilizadas por los hombres.<\/p>\n<p>\u201cEs que esto es lo que sentimos nosotras las mujeres:<\/p>\n<p align=\"center\"><strong><em>\u201cBusco ese tipo de hombre adorador de los detalles<\/em><\/strong><\/p>\n<p align=\"center\"><strong><em>ese que sea un caballero en la casa y en la calle,<\/em><\/strong><\/p>\n<p align=\"center\"><strong><em>que me lleve una flor de vez en cuando inesperada<\/em><\/strong><\/p>\n<p align=\"center\"><strong><em>que me haga sentir que soy su reina y no la traga.<\/em><\/strong><\/p>\n<p align=\"center\"><strong><em>\u00a0<\/em><\/strong><strong><em>Quiero que en el mar de la vida sea mi puerto, sea mi faro<\/em><\/strong><\/p>\n<p align=\"center\"><strong><em>alguien que me trate bonito y de una vez que quede claro\u2026\u2026<\/em><\/strong><\/p>\n<p align=\"center\"><strong><em>quiero volar entre las nubes como en esos cuentos de hadas<\/em><\/strong><\/p>\n<p align=\"center\"><strong><em>quiero senirme alguna vez, toda una mujer amada\u201d<\/em><\/strong><\/p>\n<p align=\"center\"><strong><em>\u00a0<\/em><\/strong><\/p>\n<p>\u201cOtro de los temas que esta incluido en esta producci\u00f3n es \u2018Dale de comer al gato\u2019, tienen que escucharlo, s\u00e9 que la gente se va a re\u00edr bastante y como dice en su letra, voy a darte un buen consejo\u2026..no seas ingrato dale de comer al gato (risas). \u00a0El se\u00f1or Toscano me estuvo acompa\u00f1ando en mi \u00faltimo concierto en el teatro Nokia de Los \u00c1ngeles y fue muy bonito, la gente estaba muy alegre y le cantaron todas las canciones, como interprete me sent\u00ed muy emocionada y mucho mas \u00e9l como compositor\u201d.<\/p>\n<p>Para la artista, popular por sus duras canciones contra los hombres, sin embargo no todo son reproches y reclamos.<\/p>\n<div id=\"attachment_376349\" style=\"width: 710px\" class=\"wp-caption aligncenter\"><a href=\"https:\/\/diarioelpopular.com\/wp-content\/uploads\/2012\/03\/web.paguita1.jpg\"><img loading=\"lazy\" decoding=\"async\" aria-describedby=\"caption-attachment-376349\" class=\"size-full wp-image-376349\" title=\"web.paguita1\" src=\"https:\/\/diarioelpopular.com\/wp-content\/uploads\/2012\/03\/web.paguita1.jpg\" alt=\"\" width=\"700\" height=\"420\" \/><\/a><p id=\"caption-attachment-376349\" class=\"wp-caption-text\">Foto de la portada del disco<\/p><\/div>\n<p>\u201cVivo contenta\u201d es una cancion en donde Toscano dej\u00f3 bien escrita la experiencia que he adquirido a lo largo de mi vida, y es verdad, cada d\u00eda que vivo es un pelda\u00f1o. Yo no me peleo con la edad, no me preocupa, no ando contando calendarios, en eso mi mente no se ocupa, si me caigo, me pongo de pie y sigo adelante, yo con mis a\u00f1os, si vivo contenta\u201d.<\/p>\n<p>La cantante mexicana record\u00f3 no solo el mal rato que pas\u00f3 su hijo mayor, Miguel Gerardo, sino la angustia que ella misma vivi\u00f3 y en carne propia.<\/p>\n<p>\u201cHan pasado muchas cosas, es verdad. Le abrieron la casa a mi hijo, le rompieron las chapas con fierros muy fuertes, a mi me asaltaron y me quitaron mi camioneta, llev\u00e1ndose todas mis alhajas con las que trabajaba y que nunca mas recuperar\u00e9, adem\u00e1s de todo mi vestuario. Es muy triste que estas cosas pasen, ojala esa gente se diera cuenta lo mal que queda uno despu\u00e9s de una cosa de estas, lo que si le aseguro es que por ahora no he pensado en irme de M\u00e9xico\u201d.<\/p>\n<p>Finalmente Francisca Viveros Barrada se\u00f1al\u00f3:<\/p>\n<p>\u201cDios me ha dado muchas cosas, acabo de grabar una canci\u00f3n de Juan Gabriel en un disco que \u00e9l esta produciendo por sus cuarenta a\u00f1os de carrera, el tema que me dio fue \u2018Disc\u00falpame\u2019. Yo estuve en su casa y el se\u00f1or es una maravilla, de hecho me dijo que me quer\u00eda hacer un disco y esa seria una experiencia mas en mi vida y en mi carrera como interprete\u201d.<\/p>\n","protected":false},"excerpt":{"rendered":"<p>La cantante, reconocida por sus canciones de despecho, esta celebrando sus 40 a\u00f1os de trayectoria art\u00edstica con la mas reciente producci\u00f3n \u201840 a\u00f1os&#8230; Vivo contenta\u2019.<\/p>\n","protected":false},"author":1,"featured_media":376347,"comment_status":"open","ping_status":"open","sticky":false,"template":"","format":"standard","meta":{"footnotes":""},"categories":[80,81,24],"tags":[2712,2696,2611,2713],"class_list":["post-376346","post","type-post","status-publish","format-standard","has-post-thumbnail","hentry","category-cine-2","category-columnistas","category-mundo","tag-barrio","tag-del","tag-la","tag-paquita"],"_links":{"self":[{"href":"https:\/\/diarioelpopular.com\/index.php\/wp-json\/wp\/v2\/posts\/376346","targetHints":{"allow":["GET"]}}],"collection":[{"href":"https:\/\/diarioelpopular.com\/index.php\/wp-json\/wp\/v2\/posts"}],"about":[{"href":"https:\/\/diarioelpopular.com\/index.php\/wp-json\/wp\/v2\/types\/post"}],"author":[{"embeddable":true,"href":"https:\/\/diarioelpopular.com\/index.php\/wp-json\/wp\/v2\/users\/1"}],"replies":[{"embeddable":true,"href":"https:\/\/diarioelpopular.com\/index.php\/wp-json\/wp\/v2\/comments?post=376346"}],"version-history":[{"count":0,"href":"https:\/\/diarioelpopular.com\/index.php\/wp-json\/wp\/v2\/posts\/376346\/revisions"}],"wp:featuredmedia":[{"embeddable":true,"href":"https:\/\/diarioelpopular.com\/index.php\/wp-json\/"}],"wp:attachment":[{"href":"https:\/\/diarioelpopular.com\/index.php\/wp-json\/wp\/v2\/media?parent=376346"}],"wp:term":[{"taxonomy":"category","embeddable":true,"href":"https:\/\/diarioelpopular.com\/index.php\/wp-json\/wp\/v2\/categories?post=376346"},{"taxonomy":"post_tag","embeddable":true,"href":"https:\/\/diarioelpopular.com\/index.php\/wp-json\/wp\/v2\/tags?post=376346"}],"curies":[{"name":"wp","href":"https:\/\/api.w.org\/{rel}","templated":true}]}}