{"id":376358,"date":"2012-03-29T23:41:29","date_gmt":"2012-03-30T03:41:29","guid":{"rendered":"http:\/\/diarioelpopular.com\/?p=376358"},"modified":"2012-03-29T23:41:29","modified_gmt":"2012-03-30T03:41:29","slug":"el-gobierno-espanol-descarta-modificar-la-reforma-laboral-tras-la-huelga","status":"publish","type":"post","link":"https:\/\/diarioelpopular.com\/index.php\/2012\/03\/29\/el-gobierno-espanol-descarta-modificar-la-reforma-laboral-tras-la-huelga\/","title":{"rendered":"El Gobierno espa\u00f1ol descarta modificar la reforma laboral tras la huelga"},"content":{"rendered":"<div id=\"attachment_376359\" style=\"width: 710px\" class=\"wp-caption aligncenter\"><a href=\"https:\/\/diarioelpopular.com\/wp-content\/uploads\/2012\/03\/web.esp_.prot_.jpg\"><img loading=\"lazy\" decoding=\"async\" aria-describedby=\"caption-attachment-376359\" class=\"size-full wp-image-376359\" title=\"web.esp.prot\" src=\"https:\/\/diarioelpopular.com\/wp-content\/uploads\/2012\/03\/web.esp_.prot_.jpg\" alt=\"\" width=\"700\" height=\"420\" \/><\/a><p id=\"caption-attachment-376359\" class=\"wp-caption-text\">VALLADOLID.- Manifestaci\u00f3n de estudiantes en contra de la reforma laboral, durante la jornada de huelga general convocada este jueves por los sindicatos.<\/p><\/div>\n<p><strong><em>Madrid.-<\/em><\/strong> El Gobierno espa\u00f1ol, que preside el l\u00edder conservador Mariano Rajoy, descarta modificar en su esencia la reforma laboral que le cost\u00f3 este jueves la primerahuelga\u00a0bajo su mandato, y que transcurri\u00f3 con un seguimiento dispar.<\/p>\n<p>El paro de veinticuatro horas, que fue convocado conjuntamente por los dos principales sindicatos espa\u00f1oles -Comisiones Obreras (CCOO) y la Uni\u00f3n General de Trabajadores (UGT)-, tuvo mayor incidencia en la industria y menor repercusi\u00f3n en los servicios, el comercio y el sector p\u00fablico.<\/p>\n<p>Seg\u00fan el Gobierno, el impacto &#8220;ha sido muy moderado&#8221; y la actividad econ\u00f3mica se vio menos afectada en este paro que en otros anteriores, como el de septiembre 2010, convocado tambi\u00e9n contra una reforma laboral pero entonces aprobada por el Gobierno socialista de Jos\u00e9 Luis Rodr\u00edguez Zapatero.<\/p>\n<p>La valoraci\u00f3n del Ejecutivo fue realizada a \u00faltima hora de la tarde por la directora general de Pol\u00edtica Interior, Cristina D\u00edaz, que bas\u00f3 sus c\u00e1lculos en datos como el consumo el\u00e9ctrico o la incidencia en el sector p\u00fablico, en el que el paro fue seguido por el 16,71 % en la Administraci\u00f3n General del Estado, el 19,42 % en las administraciones auton\u00f3micas y el 15,24 % en la local.<\/p>\n<p>Los sindicatos sostienen sin embargo que el apoyo fue masivo, calculado en torno a un 77 por ciento, aunque con distinta incidencia seg\u00fan los sectores.<\/p>\n<p>Aunque la t\u00f3nica general ha sido la normalidad con la que ha transcurrido la jornada de\u00a0huelga, D\u00edaz inform\u00f3 de 176 detenciones en diversos incidentes, con 58 agentes de seguridad y 46 ciudadanos heridos.<\/p>\n<p>La\u00a0huelga\u00a0tuvo su colof\u00f3n con manifestaciones en las principales ciudades espa\u00f1olas, en las que miles de personas expresaron su rechazo a la nueva legislaci\u00f3n laboral, que rige las relaciones entre empresarios y trabajadores.<\/p>\n<p>Las manifestaciones transcurrieron en general sin incidentes, pero al t\u00e9rmino de la concentraci\u00f3n de Barcelona se produjeron duros enfrentamientos entre algunos grupos y agentes antidisturbios.<\/p>\n<p>En Madrid, al final de la marcha, en la emblem\u00e1tica Puerta del Sol, en el coraz\u00f3n de la capital espa\u00f1ola, el secretario general de Comisiones Obreras, Ignacio Fern\u00e1ndez Toxo, afirm\u00f3 que &#8220;m\u00e1s de un mill\u00f3n de personas en Catalu\u00f1a, casi un mill\u00f3n en Madrid&#8221; han salido este jueves a la calle en defensa &#8220;de sus derechos y del modelo social que tanto tiempo les ha costado a los ciudadanos de este pa\u00eds&#8221;.<\/p>\n<p>Al igual que hiciera en una conferencia de prensa horas antes con el l\u00edder de UGT, C\u00e1ndido M\u00e9ndez, Toxo volvi\u00f3 a dirigirse al Ejecutivo de Rajoy para pedirle que reconsidere su posici\u00f3n sobre la reforma laboral.<\/p>\n<p>&#8220;Todav\u00eda est\u00e1 a tiempo de reconducir las cosas antes de provocar m\u00e1s da\u00f1o&#8221;, afirm\u00f3.<br \/>\nLos sindicatos han emplazado al Ejecutivo a que haga &#8220;una se\u00f1al&#8221; en esa direcci\u00f3n antes del 1 de mayo, el d\u00eda de la fiesta de los trabajadores.<\/p>\n<p>De no recibirla, advirtieron que proseguir\u00e1n la movilizaci\u00f3n contra la reforma laboral, que consideran que perjudica a los trabajadores porque facilita y abarata el despido, da\u00f1a derechos adquiridos y no contribuir\u00e1 a relanzar la econom\u00eda, adem\u00e1s de resultar ineficaz para la generaci\u00f3n de empleo en un pa\u00eds que tiene 5,2 millones de parados (el 23% de la poblaci\u00f3n activa).<\/p>\n<p>La respuesta del Gobierno a la petici\u00f3n de modificar la normativa laboral la dio la ministra de Empleo, F\u00e1tima B\u00e1\u00f1ez, quien afirm\u00f3 que la reforma &#8220;en su parte troncal&#8221; no se va a modificar y sostuvo que &#8220;la agenda reformista es imparable&#8221;.<\/p>\n<p>La\u00a0huelga\u00a0coincidi\u00f3 con la fecha simb\u00f3lica de los primeros cien d\u00edas del gobierno de Rajoy, que ha concentrado sus principales decisiones en medidas para reducir el d\u00e9ficit p\u00fablico con el objetivo de dejarlo este a\u00f1o en el 5,3 % del PIB, como exige la Uni\u00f3n Europea.<\/p>\n<p>Se produjo adem\u00e1s la v\u00edspera de la presentaci\u00f3n de los esperados Presupuestos Generales del Estado que deben especificar las \u00e1reas en las que el Ejecutivo va a llevar a cabo los recortes necesarios para dejar el d\u00e9ficit en el 5,3 por ciento del PIB.<br \/>\nLa actuaci\u00f3n del Gobierno de\u00a0Espa\u00f1a\u00a0est\u00e1 bajo la lupa de la UE y tambi\u00e9n de los mercados financieros internacionales, que en las \u00faltimas semanas aliviaron las fuertes presiones que hab\u00edan mantenido sobre la deuda espa\u00f1ola a ra\u00edz del rescate de Grecia.<\/p>\n","protected":false},"excerpt":{"rendered":"<p>El Gobierno espa\u00f1ol, que preside el l\u00edder conservador Mariano Rajoy, descarta modificar en su esencia la reforma laboral que le cost\u00f3 este jueves la primerahuelga bajo su mandato, y que transcurri\u00f3 con un seguimiento dispar.<\/p>\n","protected":false},"author":1,"featured_media":376359,"comment_status":"open","ping_status":"open","sticky":false,"template":"","format":"standard","meta":{"footnotes":""},"categories":[24],"tags":[444,997],"class_list":["post-376358","post","type-post","status-publish","format-standard","has-post-thumbnail","hentry","category-mundo","tag-espana","tag-huelga"],"_links":{"self":[{"href":"https:\/\/diarioelpopular.com\/index.php\/wp-json\/wp\/v2\/posts\/376358","targetHints":{"allow":["GET"]}}],"collection":[{"href":"https:\/\/diarioelpopular.com\/index.php\/wp-json\/wp\/v2\/posts"}],"about":[{"href":"https:\/\/diarioelpopular.com\/index.php\/wp-json\/wp\/v2\/types\/post"}],"author":[{"embeddable":true,"href":"https:\/\/diarioelpopular.com\/index.php\/wp-json\/wp\/v2\/users\/1"}],"replies":[{"embeddable":true,"href":"https:\/\/diarioelpopular.com\/index.php\/wp-json\/wp\/v2\/comments?post=376358"}],"version-history":[{"count":0,"href":"https:\/\/diarioelpopular.com\/index.php\/wp-json\/wp\/v2\/posts\/376358\/revisions"}],"wp:featuredmedia":[{"embeddable":true,"href":"https:\/\/diarioelpopular.com\/index.php\/wp-json\/"}],"wp:attachment":[{"href":"https:\/\/diarioelpopular.com\/index.php\/wp-json\/wp\/v2\/media?parent=376358"}],"wp:term":[{"taxonomy":"category","embeddable":true,"href":"https:\/\/diarioelpopular.com\/index.php\/wp-json\/wp\/v2\/categories?post=376358"},{"taxonomy":"post_tag","embeddable":true,"href":"https:\/\/diarioelpopular.com\/index.php\/wp-json\/wp\/v2\/tags?post=376358"}],"curies":[{"name":"wp","href":"https:\/\/api.w.org\/{rel}","templated":true}]}}