{"id":376730,"date":"2012-03-30T23:23:20","date_gmt":"2012-03-31T03:23:20","guid":{"rendered":"http:\/\/diarioelpopular.com\/?p=376730"},"modified":"2012-03-30T23:23:20","modified_gmt":"2012-03-31T03:23:20","slug":"la-fotografa-callejera-jessica-lange-descubre-su-atraccion-por-mexico","status":"publish","type":"post","link":"https:\/\/diarioelpopular.com\/index.php\/2012\/03\/30\/la-fotografa-callejera-jessica-lange-descubre-su-atraccion-por-mexico\/","title":{"rendered":"La fot\u00f3grafa &#8220;callejera&#8221; Jessica Lange descubre su atracci\u00f3n por M\u00e9xico"},"content":{"rendered":"<div id=\"attachment_376731\" style=\"width: 710px\" class=\"wp-caption aligncenter\"><a href=\"https:\/\/diarioelpopular.com\/wp-content\/uploads\/2012\/03\/web.jessica-lange.jpg\"><img loading=\"lazy\" decoding=\"async\" aria-describedby=\"caption-attachment-376731\" class=\"size-full wp-image-376731\" title=\"web.jessica lange\" src=\"https:\/\/diarioelpopular.com\/wp-content\/uploads\/2012\/03\/web.jessica-lange.jpg\" alt=\"\" width=\"700\" height=\"420\" \/><\/a><p id=\"caption-attachment-376731\" class=\"wp-caption-text\">MADRID.- Ganadora de dos \u00d3scar, varios Globos de Oro y un Emmy, Jessica Lange habla de una faceta art\u00edstica menos conocida, la de fot\u00f3grafa, coincidiendo con la presentaci\u00f3n este viernes en la Casa de Am\u00e9rica de Madrid de la exposici\u00f3n &quot;Secuencias de M\u00e9xico&quot;, una muestra de 96 instant\u00e1neas tomadas por la actriz.<\/p><\/div>\n<p>Concha Barrig\u00f3s.<\/p>\n<p><strong><em>Madrid.-<\/em><\/strong> Es la &#8220;impensada&#8221; estrella de una serie de miedo que arrasa en Estados Unidos, &#8220;American Horror Story&#8221;, pero a Jessica Lange lo que de verdad le asusta son tragedias como la de Ciudad Ju\u00e1rez en M\u00e9xico, pa\u00eds al que ha dedicado la exposici\u00f3n fotogr\u00e1fica que este viernes ha inaugurado en Espa\u00f1a.<\/p>\n<p>Lange (Cloquet, Minnesotta, 1949) ha elegido Madrid, en la Casa de Am\u00e9rica, para la primera exhibici\u00f3n de 96 &#8220;secuencias&#8221; que ha hecho durante los \u00faltimos doce a\u00f1os en M\u00e9xico, 58 de ellas in\u00e9ditas, y que despu\u00e9s, en agosto, se expondr\u00e1n en el Museo de San Benito de Valladolid, a unos 150 kil\u00f3metros al norte de la capital.<\/p>\n<p>Son, detalla, escenas en blanco y negro de la cotidianeidad, paisajes que escapan de las coordenadas territoriales y que reflejan a M\u00e9xico, un pa\u00eds por el que siente &#8220;absoluta y total fascinaci\u00f3n&#8221;, &#8220;tal y como es&#8221;, sin af\u00e1n documental, porque no es una &#8220;fotoperiodista&#8221;, subraya, sino &#8220;una fot\u00f3grafa de la calle&#8221;.<\/p>\n<p>&#8220;Disparo con idea de narraci\u00f3n, casi como literatura, con mi propia escritura, pero no con un proyecto premeditado. S\u00f3lo hago fotos, que guard\u00e9 durante mucho tiempo hasta que alguien pens\u00f3 que podr\u00eda publicar un libro. Luego han venido las exposiciones&#8221;, detalla.<\/p>\n<p>Su proceso de trabajo como fot\u00f3grafa, iniciado a los 18 a\u00f1os y aparcado hasta hace 12, cuando su pareja de entonces, Sam Sheppard, le regal\u00f3 una Leica M-6, es &#8220;an\u00f3nimo y profundamente personal&#8221;, describe.<\/p>\n<p>&#8220;No se si mi vida no ser\u00eda la misma sin esa c\u00e1mara pero lo que s\u00ed es que fue el impulso a este trabajo. Me he acostumbrado a ella, la conozco. Es una familiaridad emocional y siento que ella cuida de m\u00ed&#8221;.<\/p>\n<p>Dice en puro espa\u00f1ol que &#8220;nunca, nunca&#8221; ha disparado con una c\u00e1mara digital y que no lo har\u00e1 porque rechaza la &#8220;capacidad de manipulaci\u00f3n&#8221; que tiene esa tecnolog\u00eda con herramientas como el &#8220;photoshop&#8221;.<\/p>\n<p>Lange descubri\u00f3 su placer por la fotograf\u00eda con su inseparable Leica al tiempo que su fascinaci\u00f3n por M\u00e9xico, un pa\u00eds en el que, &#8220;especialmente en los pueblos peque\u00f1os, &#8220;no es nadie&#8221;, s\u00f3lo una &#8220;gringa&#8221; que disfruta del placer de observar mientras nadie la observa a ella, &#8220;un ant\u00eddoto&#8221; a tanta popularidad.<\/p>\n<p>La comisaria de la muestra, Anne Mourin, ha elegido entre unas 150 obras impresas las que componen la exposici\u00f3n pero, dice Lange, &#8220;hay varios centenares sobre los que escoger&#8221;, aunque en ninguna de ellas haya retratado &#8220;realidades&#8221; tan dram\u00e1ticas como los efectos del narcotr\u00e1fico o la violencia contra las mujeres de Ciudad Ju\u00e1rez.<\/p>\n<p>&#8220;Nunca he ido all\u00ed pero el a\u00f1o pasado cuando estaba en Chiapas vi que se celebraban procesiones en memoria de esas mujeres. Creo que parte del problema es que no se presta la atenci\u00f3n debida y aunque la gente trata de que les hagan caso, los pol\u00edticos y la compleja relaci\u00f3n entre M\u00e9xico y Estados Unidos hacen que todo sea a\u00fan m\u00e1s destructivo. Es una aut\u00e9ntica tragedia&#8221;, lamenta.<\/p>\n<p>Dice que est\u00e1 &#8220;muy emocionada&#8221; con su pr\u00f3ximo papel en el cine, en &#8220;Therese Raquin&#8221;, porque se basa en uno de sus autores preferidos, Zola, y porque James McCain se inspir\u00f3 para la celeb\u00e9rrima &#8220;El cartero siempre llama dos veces&#8221;, que ella protagoniz\u00f3 junto a Jack Nicholson en 1981, en esa historia.<\/p>\n<p>&#8220;Es como si se cerrara un c\u00edrculo&#8221;, se r\u00ede admirada de que lo que m\u00e1s se recuerde de esa pel\u00edcula es su escena con Nicholson sobre una mesa llena de harina: &#8220;es curioso con lo que la gente se queda&#8221;.<\/p>\n<p>Est\u00e1 encantada con haber aceptado un papel en la serie de moda en Estados Unidos, &#8220;American Horror Story&#8221;, por el que ha obtenido un Globo de Oro, y que tendr\u00e1, ha adelantado, una segunda temporada aunque con personajes y situaciones &#8220;totalmente diferente&#8221;.<\/p>\n<p>&#8220;Hacerla es casi un acto de fe porque hemos llegado a rodar sin tener ni idea de lo que har\u00edamos. No pod\u00eda estar a la defensiva porque no sab\u00eda nada de lo que iba a pasar. Me ha obligado a trabajar desde la imaginaci\u00f3n. \u00a1Eso s\u00ed que da miedo!&#8221;, bromea de nuevo.<\/p>\n","protected":false},"excerpt":{"rendered":"<p>Es la &#8220;impensada&#8221; estrella de una serie de miedo que arrasa en Estados Unidos, &#8220;American Horror Story&#8221;, pero a Jessica Lange lo que de verdad le asusta son tragedias como la de Ciudad Ju\u00e1rez en M\u00e9xico, pa\u00eds al que ha dedicado la exposici\u00f3n fotogr\u00e1fica que este viernes ha inaugurado en Espa\u00f1a.<\/p>\n","protected":false},"author":1,"featured_media":376731,"comment_status":"open","ping_status":"open","sticky":false,"template":"","format":"standard","meta":{"footnotes":""},"categories":[80,24],"tags":[2732,2733,1956,167],"class_list":["post-376730","post","type-post","status-publish","format-standard","has-post-thumbnail","hentry","category-cine-2","category-mundo","tag-jessica","tag-lange","tag-madrid","tag-mexico"],"_links":{"self":[{"href":"https:\/\/diarioelpopular.com\/index.php\/wp-json\/wp\/v2\/posts\/376730","targetHints":{"allow":["GET"]}}],"collection":[{"href":"https:\/\/diarioelpopular.com\/index.php\/wp-json\/wp\/v2\/posts"}],"about":[{"href":"https:\/\/diarioelpopular.com\/index.php\/wp-json\/wp\/v2\/types\/post"}],"author":[{"embeddable":true,"href":"https:\/\/diarioelpopular.com\/index.php\/wp-json\/wp\/v2\/users\/1"}],"replies":[{"embeddable":true,"href":"https:\/\/diarioelpopular.com\/index.php\/wp-json\/wp\/v2\/comments?post=376730"}],"version-history":[{"count":0,"href":"https:\/\/diarioelpopular.com\/index.php\/wp-json\/wp\/v2\/posts\/376730\/revisions"}],"wp:featuredmedia":[{"embeddable":true,"href":"https:\/\/diarioelpopular.com\/index.php\/wp-json\/"}],"wp:attachment":[{"href":"https:\/\/diarioelpopular.com\/index.php\/wp-json\/wp\/v2\/media?parent=376730"}],"wp:term":[{"taxonomy":"category","embeddable":true,"href":"https:\/\/diarioelpopular.com\/index.php\/wp-json\/wp\/v2\/categories?post=376730"},{"taxonomy":"post_tag","embeddable":true,"href":"https:\/\/diarioelpopular.com\/index.php\/wp-json\/wp\/v2\/tags?post=376730"}],"curies":[{"name":"wp","href":"https:\/\/api.w.org\/{rel}","templated":true}]}}