{"id":376736,"date":"2012-03-30T23:22:33","date_gmt":"2012-03-31T03:22:33","guid":{"rendered":"http:\/\/diarioelpopular.com\/?p=376736"},"modified":"2012-03-30T23:22:33","modified_gmt":"2012-03-31T03:22:33","slug":"schwarzenegger-y-devito-se-reuniran-en-triplets-con-la-suma-de-eddie-murphy","status":"publish","type":"post","link":"https:\/\/diarioelpopular.com\/index.php\/2012\/03\/30\/schwarzenegger-y-devito-se-reuniran-en-triplets-con-la-suma-de-eddie-murphy\/","title":{"rendered":"Schwarzenegger y DeVito se reunir\u00e1n en &#8220;Triplets&#8221; con la suma de Eddie Murphy"},"content":{"rendered":"<div id=\"attachment_376737\" style=\"width: 710px\" class=\"wp-caption aligncenter\"><a href=\"https:\/\/diarioelpopular.com\/wp-content\/uploads\/2012\/03\/web.eddietwins.jpg\"><img loading=\"lazy\" decoding=\"async\" aria-describedby=\"caption-attachment-376737\" class=\"size-full wp-image-376737\" title=\"web.eddietwins\" src=\"https:\/\/diarioelpopular.com\/wp-content\/uploads\/2012\/03\/web.eddietwins.jpg\" alt=\"\" width=\"700\" height=\"420\" \/><\/a><p id=\"caption-attachment-376737\" class=\"wp-caption-text\">Eddie Murphy como el tercer hermano en discordia en la cinta Twins.<\/p><\/div>\n<p><strong><em>Los \u00c1ngeles (EE.UU.).-<\/em><\/strong> Los actores Arnold Schwarzenegger y Danny DeVito se reunir\u00e1n en la segunda parte de la comedia &#8220;Twins&#8221; (1988), que se titular\u00e1 &#8220;Triplets&#8221; y que contar\u00e1 con la presencia de Eddie Murphy como el tercer hermano en discordia, inform\u00f3 este viernes la revista The Hollywood Reporter.<\/p>\n<p>Schwarzenegger y DeVito dieron vida en aquella comedia de \u00e9xito a dos hermanos gemelos concebidos de forma experimental, y en este caso descubrir\u00edan la existencia de un tercer gemelo.<\/p>\n<p><a href=\"https:\/\/diarioelpopular.com\/wp-content\/uploads\/2012\/03\/web.twins-de-vito.jpg\"><img loading=\"lazy\" decoding=\"async\" class=\"aligncenter size-full wp-image-376738\" title=\"web.twins de vito\" src=\"https:\/\/diarioelpopular.com\/wp-content\/uploads\/2012\/03\/web.twins-de-vito.jpg\" alt=\"\" width=\"700\" height=\"420\" \/><\/a>En el filme original un arriesgado experimento gen\u00e9tico se tuerce cuando dos gemelos, cuyo parecido es nulo, son separados al nacer.<\/p>\n<p>A\u00f1os m\u00e1s tarde se reencuentran: Julius (Schwarzenegger), un gigante educado con enorme coraz\u00f3n, y Vincent (DeVito), un sinverg\u00fcenza callejero con una insaciable ansia de mujeres y dinero.<\/p>\n<p>La secuela ya est\u00e1 en fase de planificaci\u00f3n por parte de Universal Pictures y Montecito, aunque por el momento se desconoce qui\u00e9n ser\u00e1 el director. Ivan Reitman, el realizador de la primera entrega, ejercer\u00e1 como productor junto a Joe Medjuk, Tom Pollock y Ali Bell.<\/p>\n<p>Por el momento tampoco hay asignados guionistas para desarrollar la idea, si bien los actores han acordado su participaci\u00f3n.<\/p>\n<p>The Hollywood Reporter recuerda que \u00e9sta no es la primera secuela que se prepara para una comedia de 1988, ya que Universal tambi\u00e9n prepara la continuaci\u00f3n de &#8220;Midnight Run&#8221;, que ver\u00eda el regreso de Robert De Niro y Charles Grodin a sus respectivos papeles como cazarrecompensas y proscrito de la ley.<\/p>\n<p>Ese filme contar\u00eda con la direcci\u00f3n de Brett Ratner.<\/p>\n","protected":false},"excerpt":{"rendered":"<p>Los actores Arnold Schwarzenegger y Danny DeVito se reunir\u00e1n en la segunda parte de la comedia &#8220;Twins&#8221; (1988), que se titular\u00e1 &#8220;Triplets&#8221; y que contar\u00e1 con la presencia de Eddie Murphy como el tercer hermano en discordia, inform\u00f3 este viernes la revista The Hollywood Reporter.<\/p>\n","protected":false},"author":1,"featured_media":376737,"comment_status":"open","ping_status":"open","sticky":false,"template":"","format":"standard","meta":{"footnotes":""},"categories":[80,24],"tags":[2202,2735,2736,2737],"class_list":["post-376736","post","type-post","status-publish","format-standard","has-post-thumbnail","hentry","category-cine-2","category-mundo","tag-cine-3","tag-devitoeddie","tag-murphy","tag-schwarzenegger"],"_links":{"self":[{"href":"https:\/\/diarioelpopular.com\/index.php\/wp-json\/wp\/v2\/posts\/376736","targetHints":{"allow":["GET"]}}],"collection":[{"href":"https:\/\/diarioelpopular.com\/index.php\/wp-json\/wp\/v2\/posts"}],"about":[{"href":"https:\/\/diarioelpopular.com\/index.php\/wp-json\/wp\/v2\/types\/post"}],"author":[{"embeddable":true,"href":"https:\/\/diarioelpopular.com\/index.php\/wp-json\/wp\/v2\/users\/1"}],"replies":[{"embeddable":true,"href":"https:\/\/diarioelpopular.com\/index.php\/wp-json\/wp\/v2\/comments?post=376736"}],"version-history":[{"count":0,"href":"https:\/\/diarioelpopular.com\/index.php\/wp-json\/wp\/v2\/posts\/376736\/revisions"}],"wp:featuredmedia":[{"embeddable":true,"href":"https:\/\/diarioelpopular.com\/index.php\/wp-json\/"}],"wp:attachment":[{"href":"https:\/\/diarioelpopular.com\/index.php\/wp-json\/wp\/v2\/media?parent=376736"}],"wp:term":[{"taxonomy":"category","embeddable":true,"href":"https:\/\/diarioelpopular.com\/index.php\/wp-json\/wp\/v2\/categories?post=376736"},{"taxonomy":"post_tag","embeddable":true,"href":"https:\/\/diarioelpopular.com\/index.php\/wp-json\/wp\/v2\/tags?post=376736"}],"curies":[{"name":"wp","href":"https:\/\/api.w.org\/{rel}","templated":true}]}}