{"id":376740,"date":"2012-03-30T23:22:00","date_gmt":"2012-03-31T03:22:00","guid":{"rendered":"http:\/\/diarioelpopular.com\/?p=376740"},"modified":"2012-03-30T23:22:00","modified_gmt":"2012-03-31T03:22:00","slug":"einstein-no-se-equivoco-sobre-la-expansion-del-universo","status":"publish","type":"post","link":"https:\/\/diarioelpopular.com\/index.php\/2012\/03\/30\/einstein-no-se-equivoco-sobre-la-expansion-del-universo\/","title":{"rendered":"Einstein no se equivoc\u00f3 sobre la expansi\u00f3n del Universo"},"content":{"rendered":"<div id=\"attachment_376741\" style=\"width: 710px\" class=\"wp-caption aligncenter\"><a href=\"https:\/\/diarioelpopular.com\/wp-content\/uploads\/2012\/03\/web.einstein.jpg\"><img loading=\"lazy\" decoding=\"async\" aria-describedby=\"caption-attachment-376741\" class=\"size-full wp-image-376741\" title=\"web.einstein\" src=\"https:\/\/diarioelpopular.com\/wp-content\/uploads\/2012\/03\/web.einstein.jpg\" alt=\"\" width=\"700\" height=\"420\" \/><\/a><p id=\"caption-attachment-376741\" class=\"wp-caption-text\">La teor\u00eda de la relatividad de Einstein predice la velocidad por la que galaxias muy alejadas entre s\u00ed se expanden y se distancian entre s\u00ed, y la velocidad a la que el Universo debe de estar creciendo en la actualidad.<\/p><\/div>\n<p><strong><em>Londres.-<\/em><\/strong> La teor\u00eda de la relatividad de Albert Einstein es &#8220;incre\u00edblemente precisa&#8221;, seg\u00fan un estudio publicado este viernes, que subraya lo acertados que fueron los c\u00e1lculos del f\u00edsico alem\u00e1n a la hora de explicar la expansi\u00f3n del Universo.<\/p>\n<p>Esta conclusi\u00f3n emerge de una investigaci\u00f3n elaborada por un equipo de f\u00edsicos de la Universidad de Portsmouth (sur de Inglaterra) y del Instituto Max Planck de F\u00edsica Extraterrestre de Alemania, cuyos resultados fueron anunciados hoy en un encuentro nacional de astronom\u00eda en la Universidad inglesa de Manchester.<\/p>\n<p>As\u00ed, la expansi\u00f3n del Universo podr\u00eda explicarse mediante la teor\u00eda de Einstein y la constante cosmol\u00f3gica, una combinaci\u00f3n que supone la respuesta &#8220;m\u00e1s sencilla&#8221; a este fen\u00f3meno, seg\u00fan los expertos.<\/p>\n<p>Los investigadores se centraron en el per\u00edodo comprendido entre hace 5.000 y 6.000 millones de a\u00f1os, cuando el Universo era casi la mitad de antiguo que ahora, y llevaron a cabo mediciones con una precisi\u00f3n &#8220;extraordinaria&#8221;.<\/p>\n<p>La teor\u00eda de la relatividad de Einstein predice la velocidad por la que galaxias muy alejadas entre s\u00ed se expanden y se distancian entre s\u00ed, y la velocidad a la que el Universo debe de estar creciendo en la actualidad.<\/p>\n<p>Estos resultados son, seg\u00fan la investigadora Rita Tojeiro, &#8220;la mejor medici\u00f3n de la distancia intergal\u00e1ctica que se haya efectuado nunca, lo que significa que los cosm\u00f3logos estamos m\u00e1s cerca que en el pasado de comprender por qu\u00e9 la expansi\u00f3n del Universo se est\u00e1 acelerando&#8221;.<\/p>\n<p>En este proceso parece tener un gran protagonismo la energ\u00eda del vac\u00edo, relacionada con el per\u00edodo inicial de la expansi\u00f3n, y seg\u00fan algunos astrof\u00edsicos tambi\u00e9n con la aceleraci\u00f3n de la expansi\u00f3n del Universo.<\/p>\n<p>En opini\u00f3n de Tojeiro, lo mejor de la teor\u00eda general de la relatividad de Einstein es que se puede comprobar y que los datos obtenidos en este estudio &#8220;son totalmente consistentes&#8221; con la noci\u00f3n de que esta energ\u00eda del vac\u00edo es la responsable.<\/p>\n<p>Seg\u00fan los expertos, esta confirmaci\u00f3n ayudar\u00e1 a los cient\u00edficos a comprender mejor qu\u00e9 es lo que causa este misterioso proceso y por qu\u00e9 sucede.<\/p>\n<p>Tambi\u00e9n esperan avanzar en la investigaci\u00f3n de la materia oscura, aquella que no emite suficiente radiaci\u00f3n electromagn\u00e9tica para ser detectada con los medios t\u00e9cnicos actuales, pero cuya existencia se puede deducir a partir de los efectos gravitacionales que causa en la materia visible, tales como las estrellas o las galaxias.<\/p>\n<p>Los f\u00edsicos calculan que la materia oscura representa alrededor del 20 por ciento del Universo, y el estudio publicado hoy parece apoyar su existencia.<\/p>\n<p>&#8220;Los resultados no muestran ninguna evidencia de que la energ\u00eda oscura sea simplemente una ilusi\u00f3n fruto de nuestro pobre entendimiento de las leyes de la gravedad&#8221;, a\u00f1adi\u00f3 Tojeiro.<\/p>\n<p>Una mejor comprensi\u00f3n de la materia oscura ayudar\u00eda a entender a su vez de qu\u00e9 est\u00e1n hechos los agujeros negros.<\/p>\n","protected":false},"excerpt":{"rendered":"<p>Londres.- La teor\u00eda de la relatividad de Albert Einstein es &#8220;incre\u00edblemente precisa&#8221;, seg\u00fan un estudio publicado este viernes, que subraya lo acertados que fueron los&hellip;<\/p>\n","protected":false},"author":1,"featured_media":376741,"comment_status":"open","ping_status":"open","sticky":false,"template":"","format":"standard","meta":{"footnotes":""},"categories":[24],"tags":[2442,2738,2611,2739,2740],"class_list":["post-376740","post","type-post","status-publish","format-standard","has-post-thumbnail","hentry","category-mundo","tag-de","tag-einstein","tag-la","tag-relatividad","tag-teoria"],"_links":{"self":[{"href":"https:\/\/diarioelpopular.com\/index.php\/wp-json\/wp\/v2\/posts\/376740","targetHints":{"allow":["GET"]}}],"collection":[{"href":"https:\/\/diarioelpopular.com\/index.php\/wp-json\/wp\/v2\/posts"}],"about":[{"href":"https:\/\/diarioelpopular.com\/index.php\/wp-json\/wp\/v2\/types\/post"}],"author":[{"embeddable":true,"href":"https:\/\/diarioelpopular.com\/index.php\/wp-json\/wp\/v2\/users\/1"}],"replies":[{"embeddable":true,"href":"https:\/\/diarioelpopular.com\/index.php\/wp-json\/wp\/v2\/comments?post=376740"}],"version-history":[{"count":0,"href":"https:\/\/diarioelpopular.com\/index.php\/wp-json\/wp\/v2\/posts\/376740\/revisions"}],"wp:featuredmedia":[{"embeddable":true,"href":"https:\/\/diarioelpopular.com\/index.php\/wp-json\/"}],"wp:attachment":[{"href":"https:\/\/diarioelpopular.com\/index.php\/wp-json\/wp\/v2\/media?parent=376740"}],"wp:term":[{"taxonomy":"category","embeddable":true,"href":"https:\/\/diarioelpopular.com\/index.php\/wp-json\/wp\/v2\/categories?post=376740"},{"taxonomy":"post_tag","embeddable":true,"href":"https:\/\/diarioelpopular.com\/index.php\/wp-json\/wp\/v2\/tags?post=376740"}],"curies":[{"name":"wp","href":"https:\/\/api.w.org\/{rel}","templated":true}]}}