{"id":376940,"date":"2012-04-01T00:48:29","date_gmt":"2012-04-01T04:48:29","guid":{"rendered":"http:\/\/diarioelpopular.com\/?p=376940"},"modified":"2012-04-01T00:48:29","modified_gmt":"2012-04-01T04:48:29","slug":"la-gran-muralla-partenon-y-sagrada-familia-a-oscuras-por-la-hora-del-planeta","status":"publish","type":"post","link":"https:\/\/diarioelpopular.com\/index.php\/2012\/04\/01\/la-gran-muralla-partenon-y-sagrada-familia-a-oscuras-por-la-hora-del-planeta\/","title":{"rendered":"La Gran Muralla, Parten\u00f3n y Sagrada Familia a oscuras por la Hora del Planeta"},"content":{"rendered":"<div id=\"attachment_376942\" style=\"width: 715px\" class=\"wp-caption aligncenter\"><a href=\"https:\/\/diarioelpopular.com\/wp-content\/uploads\/2012\/04\/planeta-resumen.jpg\"><img loading=\"lazy\" decoding=\"async\" aria-describedby=\"caption-attachment-376942\" class=\"size-full wp-image-376942\" title=\"planeta resumen\" src=\"https:\/\/diarioelpopular.com\/wp-content\/uploads\/2012\/04\/planeta-resumen.jpg\" alt=\"\" width=\"705\" height=\"420\" \/><\/a><p id=\"caption-attachment-376942\" class=\"wp-caption-text\">ATENAS (GRECIA).- Combo de fotograf\u00edas que muestran la Acr\u00f3polis, en Atenas, antes y durante la Hora del Planeta este s\u00e1bado 31 de marzo. Esta campa\u00f1a ambiental se lleva a cabo el \u00faltimo s\u00e1bado de marzo de cada a\u00f1o e intenta llamar la atenci\u00f3n de la gente acerca de la necesidad de ahorrar energ\u00eda para reducir la emisi\u00f3n global de gases y proteger la naturaleza.<\/p><\/div>\n<p><strong><em>Redacci\u00f3n Internacional.-<\/em><\/strong> Monumentos emblem\u00e1ticos para el turismo mundial, como la Gran Muralla china, el Parten\u00f3n de Atenas o la Sagrada Familia de Barcelona, han quedado este s\u00e1bado a oscuras durante 60 minutos para sumarse a la Hora del\u00a0Planeta.<\/p>\n<p>Esta iniciativa, a la que se han unido 147 pa\u00edses, nace de la organizaci\u00f3n WWF (World Wildlife Fund) que, desde hace seis a\u00f1os, se celebra en defensa del\u00a0planeta\u00a0y se ha convertido en la acci\u00f3n voluntaria por el medio ambiente m\u00e1s grande del mundo.<\/p>\n<p>Nueva Zelanda y Australia fueron los pa\u00edses que dieron el pistoletazo de salida a esta campa\u00f1a.<\/p>\n<p>En Auckland, el emblem\u00e1tico Sky Tower, el edificio m\u00e1s alto de esta metr\u00f3polis neozelandesa, qued\u00f3 a oscuras durante el apag\u00f3n planetario, as\u00ed como el Parlamento Nacional de Wellington.<\/p>\n<p>En la ciudad neozelandesa de Tauranga se celebr\u00f3 un concierto a la luz de las velas para recordar el esfuerzo de sus ciudadanos en la limpieza tras el naufragio del buque carguero Rena, que en octubre pasado caus\u00f3 una cat\u00e1strofe ecol\u00f3gica al derramar m\u00e1s de 300 toneladas de combustible.<\/p>\n<p>En Australia, el Puente de la bah\u00eda y la \u00d3pera, dos de los s\u00edmbolos de S\u00eddney, tambi\u00e9n quedaron a oscuras.<\/p>\n<p>En China, las luces que iluminan cada noche el tramo de la milenaria Gran Muralla cercano a Pek\u00edn se apagaron hoy durante 60 minutos, en una iniciativa a la que se sumaron unas 120 ciudades m\u00e1s del pa\u00eds asi\u00e1tico.<\/p>\n<p>Shangh\u00e1i hizo lo propio con el recinto de la Expo 2010 y algunos de sus emblem\u00e1ticos rascacielos, al igual que Hong Kong con su &#8220;skyline&#8221; de la bah\u00eda.<\/p>\n<p>Tambi\u00e9n en la India, sus monumentos m\u00e1s importantes quedaron a oscuras para acompa\u00f1ar esta iniciativa.<\/p>\n<p>En Nueva Delhi, se han oscurecido la residencia presidencial, el Rashtrapati Bhavan, la Puerta de la India y el hist\u00f3rico Fuerte Rojo; y en Bombay lo han hecho la estaci\u00f3n ferroviaria de Chhatrapati Shivaji y la India Gateway, el famoso arco de la ciudad.<\/p>\n<p>Una de las acciones centrales en Espa\u00f1a ha tenido lugar frente al Palacio Real de Madrid, donde m\u00e1s de 500 personas han formado un mosaico humano en forma de oso panda gigante, el logo del WWF que es la ONG que promueve esta iniciativa mundial.<\/p>\n<p>A esta acci\u00f3n ecol\u00f3gica, que se lleva a cabo en Espa\u00f1a por sexto a\u00f1o consecutivo, tambi\u00e9n quedaron te\u00f1idos por la oscuridad lugares destacados como la Sagrada Familia de Barcelona, el Palacio Real de Madrid, la Alhambra de Granada, la Torre del Oro de Sevilla, la Mezquita de C\u00f3rdoba, el Acueducto de Segovia o la Muralla de \u00c1vila.<\/p>\n<p>En Grecia, la monumental Acr\u00f3polis de Atenas, coronada por el famoso Parten\u00f3n de la diosa Atenea, apag\u00f3 sus luces, igual que otros edificios de la capital como el Parlamento, el c\u00e9lebre Hotel Grand Bretagne de la Plaza Syntagma y todos los edificios municipales del Ayuntamiento.<\/p>\n<p>La Torre Eiffel, el Arco de Triunfo y la catedral de Notre Dame se apagaron en Par\u00eds, si bien la primera solo lo hizo durante cinco minutos por razones de seguridad.<\/p>\n<p>Puentes, fuentes, plazas parisinas, las \u00d3peras de Bastilla y Garnier, as\u00ed como el hist\u00f3rico estadio deportivo del Parc des Princes y el Museo del Louvre se unieron al apag\u00f3n.<\/p>\n<p>En Londres permanecieron a oscuras una hora desde el palacio de Buckingham hasta el reloj Big Ben, pasando por la catedral de San Pablo y el castillo escoc\u00e9s de Edimburgo.<\/p>\n<p>Tambi\u00e9n Portugal se sum\u00f3 a la iniciativa y en Sintra, el majestuoso conjunto de palacios de Pena y Montserrat declarado Patrimonio de la Humanidad en el a\u00f1o 2000, apag\u00f3 las luces exteriores de sus monumentos, como otros tantos de la capital lisboeta y de otras ciudades lusas.<\/p>\n<p>En Estambul este a\u00f1o hubo un eco mayor que en anteriores ocasiones, ya que se apagaron los focos de la fachada de la antigua iglesia bizantina Santa Sof\u00eda, la Torre de G\u00e1lata y los palacios otomanos de Dolmabah\u00e7e, Beylerbey y K\u00fc\u00e7\u00fcksu, todos a orillas del B\u00f3sforo.<\/p>\n<p>Viena, Budapest y Praga, las tres grandes capitales de lo que fue el Imperio Austro-H\u00fangaro, tambi\u00e9n se han unido a la campa\u00f1a dejando a oscuras sus principales s\u00edmbolos urbanos.<\/p>\n<p>En Austria, quedaron sin luz el Ayuntamiento de Viena, el palacio de Sch\u00f6nbrunn, las sedes del Gobierno y la presidencia situadas en el antiguo Palacio Real (Hofburg); adem\u00e1s del &#8220;tejadito dorado&#8221; de Innsbruck, o el casco hist\u00f3rico de Salzburgo, ciudad natal de Wolfgang Amadeus Mozart.<\/p>\n<p>Mientras, en Hungr\u00eda, los grandes puentes a trav\u00e9s del Danubio en Budapest se quedaron sin sus tradicionales luces, al igual que el Castillo Real y el Parlamento.<\/p>\n<p>En la Rep\u00fablica Checa, Praga particip\u00f3 por primera vez en esta iniciativa, con lo que quedaron a oscuras el famoso Puente de Carlos y la fortaleza de Vysehrad, entre otros lugares destacados.<\/p>\n","protected":false},"excerpt":{"rendered":"<p>Monumentos emblem\u00e1ticos para el turismo mundial, como la Gran Muralla china, el Parten\u00f3n de Atenas o la Sagrada Familia de Barcelona, han quedado este s\u00e1bado a oscuras durante 60 minutos para sumarse a la Hora del Planeta.<\/p>\n","protected":false},"author":1,"featured_media":376942,"comment_status":"open","ping_status":"open","sticky":false,"template":"","format":"standard","meta":{"footnotes":""},"categories":[24],"tags":[2696,2744,1772],"class_list":["post-376940","post","type-post","status-publish","format-standard","has-post-thumbnail","hentry","category-mundo","tag-del","tag-hora","tag-planeta"],"_links":{"self":[{"href":"https:\/\/diarioelpopular.com\/index.php\/wp-json\/wp\/v2\/posts\/376940","targetHints":{"allow":["GET"]}}],"collection":[{"href":"https:\/\/diarioelpopular.com\/index.php\/wp-json\/wp\/v2\/posts"}],"about":[{"href":"https:\/\/diarioelpopular.com\/index.php\/wp-json\/wp\/v2\/types\/post"}],"author":[{"embeddable":true,"href":"https:\/\/diarioelpopular.com\/index.php\/wp-json\/wp\/v2\/users\/1"}],"replies":[{"embeddable":true,"href":"https:\/\/diarioelpopular.com\/index.php\/wp-json\/wp\/v2\/comments?post=376940"}],"version-history":[{"count":0,"href":"https:\/\/diarioelpopular.com\/index.php\/wp-json\/wp\/v2\/posts\/376940\/revisions"}],"wp:featuredmedia":[{"embeddable":true,"href":"https:\/\/diarioelpopular.com\/index.php\/wp-json\/"}],"wp:attachment":[{"href":"https:\/\/diarioelpopular.com\/index.php\/wp-json\/wp\/v2\/media?parent=376940"}],"wp:term":[{"taxonomy":"category","embeddable":true,"href":"https:\/\/diarioelpopular.com\/index.php\/wp-json\/wp\/v2\/categories?post=376940"},{"taxonomy":"post_tag","embeddable":true,"href":"https:\/\/diarioelpopular.com\/index.php\/wp-json\/wp\/v2\/tags?post=376940"}],"curies":[{"name":"wp","href":"https:\/\/api.w.org\/{rel}","templated":true}]}}