{"id":378138,"date":"2012-04-07T00:43:00","date_gmt":"2012-04-07T04:43:00","guid":{"rendered":"http:\/\/diarioelpopular.com\/?p=378138"},"modified":"2012-04-07T00:43:00","modified_gmt":"2012-04-07T04:43:00","slug":"siete-heridos-al-estrellarse-avion-de-la-armada-en-zona-residencial-de-eeuu","status":"publish","type":"post","link":"https:\/\/diarioelpopular.com\/index.php\/2012\/04\/07\/siete-heridos-al-estrellarse-avion-de-la-armada-en-zona-residencial-de-eeuu\/","title":{"rendered":"Siete heridos al estrellarse avi\u00f3n de la Armada en zona residencial de EEUU"},"content":{"rendered":"<div id=\"attachment_378139\" style=\"width: 715px\" class=\"wp-caption aligncenter\"><a href=\"https:\/\/diarioelpopular.com\/wp-content\/uploads\/2012\/04\/web.avion_.jpg\"><img loading=\"lazy\" decoding=\"async\" aria-describedby=\"caption-attachment-378139\" class=\"size-full wp-image-378139\" title=\"web.avion\" src=\"https:\/\/diarioelpopular.com\/wp-content\/uploads\/2012\/04\/web.avion_.jpg\" alt=\"\" width=\"705\" height=\"420\" \/><\/a><p id=\"caption-attachment-378139\" class=\"wp-caption-text\">BASE A\u00c9REA DE MAYPORT (ESTADOS UNIDOS).- Imagen tomada de un F\/A-18D Hornet despegando desde la base a\u00e9rea de Mayport, Florida, Estados Unidos. Un avi\u00f3n F-18 de la Armada estadounidense se estrell\u00f3 este veiernes en una zona residencial en Virginia Beach, en el estado de Virginia (EE.UU.), inform\u00f3 el Pent\u00e1gono.<\/p><\/div>\n<p><strong><em>Washington, (EFE).-<\/em><\/strong> Un avi\u00f3n F-18 de la Armada estadounidense se estrell\u00f3 este viernes en una zona residencial en Virginia Beach, en el estado de Virginia, y caus\u00f3 siete heridos leves, entre ellos los dos pilotos que iban en la aeronave.<\/p>\n<p>El Pent\u00e1gono inform\u00f3 de que los dos pilotos tuvieron tiempo para activar los sistemas de eyecci\u00f3n y salir del avi\u00f3n.<\/p>\n<p>Los dos pilotos, un estudiante y un instructor de vuelo, sufrieron heridas leves y otras cinco personas tuvieron que ser atendidas en un hospital de Virginia Beach, un lugar de veraneo en la costa Atl\u00e1ntica a unos 320 kil\u00f3metros de Washington, la capital estadounidense.<\/p>\n<p>Todav\u00eda no est\u00e1n claras las causas del\u00a0accidente, pero una de los testigos, Amy Miller, asegur\u00f3 que vio aproximarse al avi\u00f3n volando bajo con fuego en una de las alas.<\/p>\n<p>Al parecer el avi\u00f3n tuvo un fallo mec\u00e1nico despu\u00e9s del despegue y empez\u00f3 a perder combustible antes de estrellarse contra varios edificios de apartamentos, seg\u00fan explic\u00f3 el capit\u00e1n de la Armada Mark Weisgerber.<\/p>\n<p>El avi\u00f3n pertenec\u00eda a la base a\u00e9rea de Oceana en Virginia Beach, donde se entrenan pilotos de la Armada y del cuerpo de Marines de las Fuerzas Armadas estadounidenses.<\/p>\n<p>El\u00a0accidente\u00a0se produjo a las 12.05 hora local (16.05 GMT) poco despu\u00e9s de que el F-18 despegara de la base, inform\u00f3 la Armada en un comunicado.<\/p>\n<p>La Armada indic\u00f3 que est\u00e1 trabajando con las autoridades locales y, por el momento, no ha dado m\u00e1s detalles.<\/p>\n<p>En fotograf\u00edas difundidas por los testigos se puede ver fuego y humo entre varios edificios de un complejo donde la mayor\u00eda son viviendas de recreo.<\/p>\n<p>Seg\u00fan contaron varios testigos que llamaron por tel\u00e9fono a la cadena CNN, uno de los edificios qued\u00f3 totalmente destruido y restos del avi\u00f3n y escombros que salieron despedidos hacia otros edificios ardieron.<\/p>\n<p>Otro testigo, Zack Zapatero, dijo que el avi\u00f3n impact\u00f3 en un edificio ocupado por personas mayores, del que asegur\u00f3 que sal\u00edan &#8220;grandes llamaradas de fuego&#8221; y hab\u00eda empezado a colapsar.<\/p>\n<p>Pat Kavanaugh, uno de los afectados, cont\u00f3 que \u00e9l y varios vecinos encontraron a uno de los pilotos todav\u00eda con el paraca\u00eddas puesto y lo trasladaron a un lugar lejos de las llamas.<\/p>\n<p>Seg\u00fan Kavanaugh, el piloto pidi\u00f3 disculpas por haber impactado en su edificio.<\/p>\n<p>El portavoz del Departamento de Bomberos de Virginia, Tim Riley, indic\u00f3 que hay da\u00f1os &#8220;importantes&#8221; en cinco edificios de apartamentos, aunque todav\u00eda no han podido determinar con exactitud cu\u00e1ntas personas se encontraban en su vivienda en el momento del\u00a0accidente.<\/p>\n","protected":false},"excerpt":{"rendered":"<p>Un avi\u00f3n F-18 de la Armada estadounidense se estrell\u00f3 este viernes en una zona residencial en Virginia Beach, en el estado de Virginia, y caus\u00f3 siete heridos leves, entre ellos los dos pilotos que iban en la aeronave.<\/p>\n","protected":false},"author":1,"featured_media":378139,"comment_status":"open","ping_status":"open","sticky":false,"template":"","format":"standard","meta":{"footnotes":""},"categories":[24],"tags":[297,2754],"class_list":["post-378138","post","type-post","status-publish","format-standard","has-post-thumbnail","hentry","category-mundo","tag-accidente","tag-avion"],"_links":{"self":[{"href":"https:\/\/diarioelpopular.com\/index.php\/wp-json\/wp\/v2\/posts\/378138","targetHints":{"allow":["GET"]}}],"collection":[{"href":"https:\/\/diarioelpopular.com\/index.php\/wp-json\/wp\/v2\/posts"}],"about":[{"href":"https:\/\/diarioelpopular.com\/index.php\/wp-json\/wp\/v2\/types\/post"}],"author":[{"embeddable":true,"href":"https:\/\/diarioelpopular.com\/index.php\/wp-json\/wp\/v2\/users\/1"}],"replies":[{"embeddable":true,"href":"https:\/\/diarioelpopular.com\/index.php\/wp-json\/wp\/v2\/comments?post=378138"}],"version-history":[{"count":0,"href":"https:\/\/diarioelpopular.com\/index.php\/wp-json\/wp\/v2\/posts\/378138\/revisions"}],"wp:featuredmedia":[{"embeddable":true,"href":"https:\/\/diarioelpopular.com\/index.php\/wp-json\/"}],"wp:attachment":[{"href":"https:\/\/diarioelpopular.com\/index.php\/wp-json\/wp\/v2\/media?parent=378138"}],"wp:term":[{"taxonomy":"category","embeddable":true,"href":"https:\/\/diarioelpopular.com\/index.php\/wp-json\/wp\/v2\/categories?post=378138"},{"taxonomy":"post_tag","embeddable":true,"href":"https:\/\/diarioelpopular.com\/index.php\/wp-json\/wp\/v2\/tags?post=378138"}],"curies":[{"name":"wp","href":"https:\/\/api.w.org\/{rel}","templated":true}]}}