{"id":378336,"date":"2012-04-08T21:06:46","date_gmt":"2012-04-09T01:06:46","guid":{"rendered":"http:\/\/diarioelpopular.com\/?p=378336"},"modified":"2012-04-08T21:06:46","modified_gmt":"2012-04-09T01:06:46","slug":"el-papa-pide-el-fin-de-la-violencia-en-siria-y-que-se-ayude-a-los-refugiados","status":"publish","type":"post","link":"https:\/\/diarioelpopular.com\/index.php\/2012\/04\/08\/el-papa-pide-el-fin-de-la-violencia-en-siria-y-que-se-ayude-a-los-refugiados\/","title":{"rendered":"El papa pide el fin de la violencia en Siria y que se ayude a los refugiados"},"content":{"rendered":"<div id=\"attachment_378337\" style=\"width: 715px\" class=\"wp-caption aligncenter\"><a href=\"https:\/\/diarioelpopular.com\/wp-content\/uploads\/2012\/04\/web.vaticano.jpg\"><img loading=\"lazy\" decoding=\"async\" aria-describedby=\"caption-attachment-378337\" class=\"size-full wp-image-378337\" title=\"web.vaticano\" src=\"https:\/\/diarioelpopular.com\/wp-content\/uploads\/2012\/04\/web.vaticano.jpg\" alt=\"\" width=\"705\" height=\"420\" \/><\/a><p id=\"caption-attachment-378337\" class=\"wp-caption-text\">VATICANO.- Foto facilitada por el Osservatore Romano que muestra al papa Benedicto XVI mientras impartia la bendici\u00f3n &quot;Urbi et Orbi&quot;, a la ciudad de Roma y a todo el mundo, en la plaza de San Pedro delVaticano, este domingo.<\/p><\/div>\n<p>Juan Lara<\/p>\n<p><strong><em>Ciudad del Vaticano.-<\/em><\/strong> Benedicto XVI hizo este domingo un llamamiento para que en Siria cese el derramamiento de sangre y se emprenda &#8220;sin demora la v\u00eda del respeto, del di\u00e1logo y de la reconciliaci\u00f3n&#8221;, y pidi\u00f3 que se ayude a los refugiados que huyen de la violencia en ese pa\u00eds.<\/p>\n<p>Ante m\u00e1s de 150.000 personas que llenaron en una ma\u00f1ana soleada, aunque con algunas nubes, la plaza de San Pedro del Vaticano, el papa pronunci\u00f3 el Mensaje Pascual en el que repas\u00f3 la situaci\u00f3n en el mundo y asegur\u00f3 que la resurrecci\u00f3n de Cristo devuelve al hombre toda su dignidad.<\/p>\n<p>Benedicto XVI subray\u00f3 que la resurrecci\u00f3n testimonia la victoria de la vida sobre la muerte, del amor sobre el odio y de la misericordia sobre la venganza y asegur\u00f3 que en este mundo la esperanza &#8220;tiene que ajustar cuentas&#8221; con la dureza del mal, &#8220;ya que no es solamente el muro de la muerte el que la obstaculiza, sino m\u00e1s bien las aguzadas puntas de la envidia, del orgullo, la mentira y la violencia&#8221;.<\/p>\n<p>&#8220;Que Cristo resucitado otorgue esperanza a Oriente Pr\u00f3ximo, para que todos los componentes \u00e9tnicos, culturales y religiosos de esa Regi\u00f3n colaboren en favor del bien com\u00fan y el respeto de los derechos humanos&#8221;, afirm\u00f3 el papa haciendo un recorrido por el mundo.<\/p>\n<p>Su pensamiento se detuvo en Siria, &#8220;para que cese -implor\u00f3- el derramamiento de sangre y se emprenda sin demora la v\u00eda del respeto, del di\u00e1logo y de la reconciliaci\u00f3n, como auspicia tambi\u00e9n la comunidad internacional&#8221;.<\/p>\n<p>El Pont\u00edfice, que dentro de pocos d\u00edas cumplir\u00e1 85 a\u00f1os, expres\u00f3 su preocupaci\u00f3n por los numerosos refugiados provenientes de ese pa\u00eds, &#8220;necesitados de asistencia humanitaria&#8221;, y exhort\u00f3 a la comunidad internacional a &#8220;acogerles y prestarle la asistencia sanitaria necesaria, para que alivien sus penosos sufrimientos&#8221;.<\/p>\n<p>Con la mirada siempre puesta en Oriente Medio, alent\u00f3 al pueblo iraqu\u00ed a no escatimar ning\u00fan esfuerzo para avanzar en el camino de la estabilidad y del desarrollo y abog\u00f3 una vez m\u00e1s para que en Tierra Santa israel\u00edes y palestinos reemprendan el proceso de paz.<\/p>\n<p>Tras Oriente Medio, Benedicto XVI se detuvo en \u00c1frica, destacando la situaci\u00f3n en Mali, &#8220;que atraviesa -dijo- un momento pol\u00edtico delicado&#8221; y pidi\u00f3 paz y estabilidad para ese pa\u00eds africanos.<\/p>\n<p>El papa Ratzinger tuvo, asimismo, palabras de aliento para las comunidades cristianas que sufren persecuciones y discriminaciones a causa de la fe, como en Nigeria, &#8220;teatro en los \u00faltimos tiempos de sangrientos atentados terroristas&#8221;.<\/p>\n<p>&#8220;Que la alegr\u00eda pascual le infunda las energ\u00edas necesarias para recomenzar a construir una sociedad pac\u00edfica y respetuosa de la libertad religiosa de sus ciudadanos&#8221;, afirm\u00f3.<\/p>\n<p>El Pont\u00edfice pidi\u00f3 a Cristo que reconforte a las poblaciones del Cuerno de \u00c1frica y favorezca su reconciliaci\u00f3n; que ayude a la Regi\u00f3n de los Grandes Lagos, a Sud\u00e1n y Sud\u00e1n del Sur, concediendo a sus respectivos habitantes la fuerza del perd\u00f3n.<\/p>\n<p>Benedicto XVI exhort\u00f3 a las comunidades cristianas de \u00c1frica a afrontar con esperanza las dificultades y a ser agentes de paz y art\u00edfices del desarrollo de las sociedades a las que pertenecen.<\/p>\n<p>El papa denunci\u00f3 asimismo las discriminaciones, persecuciones, sufrimientos e injusticia que sufren los cristianos en muchas partes del mundo.<\/p>\n<p>Concluido el mensaje, imparti\u00f3 la bendici\u00f3n &#8220;Urbi et Orbi&#8221; (a la ciudad de Roma y a todo el mundo) en 65 idiomas, entre ellos el espa\u00f1ol, portugu\u00e9s y guaran\u00ed.<\/p>\n<p>&#8220;Os deseo a todos una buena y feliz fiesta de Pascua, con la paz y la alegr\u00eda, la esperanza y el amor de Jesucristo Resucitado&#8221;, dijo en espa\u00f1ol.<\/p>\n<p>En portugu\u00e9s dese\u00f3 &#8220;uma Pascoa feliz com Cristo Ressuscitado&#8221; y en guaran\u00ed: &#8220;\u00f1a nerenyhe vy&#8217;agui, Aleluya&#8221;.<\/p>\n<p>Antes del mensaje pascual, Benedicto XVI ofici\u00f3 la misa de Resurrecci\u00f3n en la plaza vaticana, adornada con 45.000 flores multicolores procedentes de Holanda, en las que predominaba el amarillo y blanco -los colores del Vaticano- que la convirtieron en un jard\u00edn.<\/p>\n<p>El Obispo de Roma ofici\u00f3 la misa pocas horas despu\u00e9s de que esta medianoche celebrara la Vigilia Pascual, en la que dijo que la &#8220;oscuridad acerca de Dios y sus valores son la verdadera amenaza para nuestra existencia y para el mundo en general&#8221;.<\/p>\n<p>El Mensaje Pascual puso fin a los ritos de la Semana Santa. El papa tiene previsto pasar la jornada de ma\u00f1ana, este lunes de Pascua, que es fiesta en el Vaticano y en Italia, en el palacio apost\u00f3lico de Castel Gandolfo, a unos 30 kil\u00f3metros al sur de Roma.<\/p>\n","protected":false},"excerpt":{"rendered":"<p>Benedicto XVI hizo este domingo un llamamiento para que en Siria cese el derramamiento de sangre y se emprenda &#8220;sin demora la v\u00eda del respeto, del di\u00e1logo y de la reconciliaci\u00f3n&#8221;, y pidi\u00f3 que se ayude a los refugiados que huyen de la violencia en ese pa\u00eds.<\/p>\n","protected":false},"author":1,"featured_media":378337,"comment_status":"open","ping_status":"open","sticky":false,"template":"","format":"standard","meta":{"footnotes":""},"categories":[24],"tags":[61,1849,1975,2725,441,419],"class_list":["post-378336","post","type-post","status-publish","format-standard","has-post-thumbnail","hentry","category-mundo","tag-papa","tag-refugiados","tag-santa","tag-semana","tag-siria","tag-vaticano"],"_links":{"self":[{"href":"https:\/\/diarioelpopular.com\/index.php\/wp-json\/wp\/v2\/posts\/378336","targetHints":{"allow":["GET"]}}],"collection":[{"href":"https:\/\/diarioelpopular.com\/index.php\/wp-json\/wp\/v2\/posts"}],"about":[{"href":"https:\/\/diarioelpopular.com\/index.php\/wp-json\/wp\/v2\/types\/post"}],"author":[{"embeddable":true,"href":"https:\/\/diarioelpopular.com\/index.php\/wp-json\/wp\/v2\/users\/1"}],"replies":[{"embeddable":true,"href":"https:\/\/diarioelpopular.com\/index.php\/wp-json\/wp\/v2\/comments?post=378336"}],"version-history":[{"count":0,"href":"https:\/\/diarioelpopular.com\/index.php\/wp-json\/wp\/v2\/posts\/378336\/revisions"}],"wp:featuredmedia":[{"embeddable":true,"href":"https:\/\/diarioelpopular.com\/index.php\/wp-json\/"}],"wp:attachment":[{"href":"https:\/\/diarioelpopular.com\/index.php\/wp-json\/wp\/v2\/media?parent=378336"}],"wp:term":[{"taxonomy":"category","embeddable":true,"href":"https:\/\/diarioelpopular.com\/index.php\/wp-json\/wp\/v2\/categories?post=378336"},{"taxonomy":"post_tag","embeddable":true,"href":"https:\/\/diarioelpopular.com\/index.php\/wp-json\/wp\/v2\/tags?post=378336"}],"curies":[{"name":"wp","href":"https:\/\/api.w.org\/{rel}","templated":true}]}}