{"id":3785,"date":"2011-07-04T23:38:17","date_gmt":"2011-07-05T03:38:17","guid":{"rendered":"http:\/\/retrolab.ca\/elpopular\/?p=3785"},"modified":"2011-07-04T23:38:17","modified_gmt":"2011-07-05T03:38:17","slug":"peru-logra-empatar-con-uruguay-pese-a-las-bajas","status":"publish","type":"post","link":"https:\/\/diarioelpopular.com\/index.php\/2011\/07\/04\/peru-logra-empatar-con-uruguay-pese-a-las-bajas\/","title":{"rendered":"Per\u00fa logra empatar con Uruguay pese a las bajas"},"content":{"rendered":"<div id=\"attachment_3786\" style=\"width: 710px\" class=\"wp-caption aligncenter\"><a href=\"http:\/\/retrolab.ca\/elpopular\/wp-content\/uploads\/2011\/07\/peru.jpeg\"><img loading=\"lazy\" decoding=\"async\" aria-describedby=\"caption-attachment-3786\" class=\"size-full wp-image-3786\" title=\"Copa Am\u00e9rica, Per\u00fa-Uruguay\" src=\"http:\/\/retrolab.ca\/elpopular\/wp-content\/uploads\/2011\/07\/peru.jpeg\" alt=\"\" width=\"700\" height=\"420\" \/><\/a><p id=\"caption-attachment-3786\" class=\"wp-caption-text\">El jugador de la selecci\u00f3n de Per\u00fa Paolo Guerrero (izq) disputa el bal\u00f3n con Egidio Ar\u00e9valo (der) frente a Uruguay, en el estadio del Bicentenario de San Juan. Foto: Walter Moreno \/ EFE<\/p><\/div>\n<p><em>Jorge Figueroa. San Juan (Argentina).- <\/em>Uruguay\u00a0y Per\u00fa, con goles de Luis Su\u00e1rez y Paolo Guerrero, igualaron este lunes en su debut en la\u00a0Copa\u00a0Am\u00e9rica, pero en un resultado con sabor m\u00e1s dulce para los peruanos que tienen la baja de varias de sus principales figuras.<\/p>\n<p>La primera mitad fue entretenida y con ambos equipos con la actitud prevista.<\/p>\n<p>Uruguay, considerado favorito por su mejor integraci\u00f3n, tom\u00f3 la iniciativa y busc\u00f3 desde el inicio cercar al rival en su campo mientras que el equipo peruano se par\u00f3 con muchas piernas frente a su \u00e1rea para cerrar los caminos hacia la porter\u00eda.<\/p>\n<p>La primera jugada de riesgo estuvo de parte de los celestes con un avance por la derecha de Forl\u00e1n pero su pase en profundidad fue despejado por la defensa peruana dentro del \u00e1rea peque\u00f1a.<\/p>\n<p>Luego los peruanos adelantaron algo, comenzaron a pelear el bal\u00f3n en el medio y el juego se hizo equilibrado.<\/p>\n<p>Cuando los celestes manten\u00edan el control del bal\u00f3n y la iniciativa recibieron un balde de agua fr\u00eda.<\/p>\n<p>Paolo Guerrero, luchador solitario que fue una pesadilla durante toda la noche para los defensas uruguayos, recibi\u00f3 un largo pelotazo de Guevara, pic\u00f3 habilitado desde el centro del campo, eludi\u00f3 con frialdad al portero Muslera y remat\u00f3 al gol.<\/p>\n<p>Guerrero repiti\u00f3 el plato ya que en el inicio de la\u00a0Copa\u00a0Am\u00e9rica de Venezuela 2007 marc\u00f3 uno de los goles con los que su equipo venci\u00f3 por 3-0 a los celestes.<\/p>\n<p>Con un gol en contra el equipo uruguayo apret\u00f3 el acelerador para buscar la igualdad y llev\u00f3 peligro en varias ocasiones por intermedio de Forl\u00e1n que sacudi\u00f3 a Fern\u00e1ndez con un remate potente, Lugano con un cabezazo y Su\u00e1rez con un tiro cruzado.<\/p>\n<p>Per\u00fa intent\u00f3 manejar el bal\u00f3n, y lo logr\u00f3 por momentos pero le falt\u00f3 claridad para explotar el contragolpe pese a los espacios.<\/p>\n<p>Cuando parec\u00eda que los peruanos se llevar\u00edan la victoria parcial lleg\u00f3 el empate uruguayo en la mejor jugada ofensiva de la primera parte.<\/p>\n<p>C\u00e1ceres arranc\u00f3 por la derecha, subi\u00f3 con velocidad, encontr\u00f3 a Lodeiro, este dio una gran habilitaci\u00f3n a Su\u00e1rez y el goleador del Liverpool no dud\u00f3 y a la carrera puso el bal\u00f3n contra el poste izquierdo.<\/p>\n<p>A continuaci\u00f3n termin\u00f3 la primera mitad sin que los peruanos, que se miraban sin entender nada, pudieran siquiera reanudar el juego.<\/p>\n<p>El segundo tiempo se hizo emocionante, de ida y vuelta y con los equipos generando riesgo.<\/p>\n<p>Guerrero sigui\u00f3 complicando a la defensa celeste y el tridente ofensivo uruguayo de Forl\u00e1n, Su\u00e1rez y Cavani inquietando a los peruanos.<\/p>\n<p>Forl\u00e1n tuvo la oportunidad m\u00e1s clara para desnivelar el marcador en el minuto 69 cuando, tras un fallo defensivo y un toque de Su\u00e1rez qued\u00f3 mano a mano con el portero rival aunque un poco esquinado.<\/p>\n<p>El dos veces m\u00e1ximo goleador de Europa remat\u00f3 por encima del larguero desde una posici\u00f3n en la que habitualmente no falla.<\/p>\n<p>Promediando el segundo tiempo ambos entrenadores movieron su banca buscando mas creatividad por Vargas por el lado de Per\u00fa y Rodr\u00edguez y Hern\u00e1ndez por\u00a0Uruguay.<\/p>\n<p>En los minutos finales el equipo de Tab\u00e1rez sigui\u00f3 con la iniciativa y los peruanos buscando su oportunidad y casi al final la tuvieron una vez m\u00e1s por intermedio de Guerrero pero su cabezazo se fue junto al poste y varios corazones uruguayos casi se paralizan.<\/p>\n<p><strong>Ficha t\u00e9cnica:<\/strong><\/p>\n<ul>\n<li><strong>1 &#8211;\u00a0Uruguay: <\/strong>Muslera; Rodr\u00edguez, Victorino, Lugano, C\u00e1ceres; P\u00e9rez, Ar\u00e9valo R\u00edos, Lodeiro (Rodr\u00edguez, m.78); Su\u00e1rez, Forl\u00e1n y Cavani (Hern\u00e1ndez, m.78).<\/li>\n<li><strong>1 &#8211; Per\u00fa: <\/strong>Fern\u00e1ndez; Revoredo, Acasiete, Rodr\u00edguez, Vilchez; Balb\u00edn, Cruzado, Guevara (Lobat\u00f3n, m.57), Yotum (Vargas, m.58); Guerrero y Adv\u00edncula (Chiroque, m.90+).<\/li>\n<li><strong>\u00c1rbitro: <\/strong>Wilmar Rold\u00e1n (COL) que mostr\u00f3 tarjetas amarillas a Guerrero, Acasiete, Cruzado y Vargas en Per\u00fa y a C\u00e1ceres en\u00a0Uruguay.<\/li>\n<li><strong>Incidencias: <\/strong>Partido inaugural del Grupo C de la\u00a0Copa\u00a0Am\u00e9rica. Disputado en el estadio San Juan Bicentenario frente a unos 25.000 espectadores (lleno completo) la gran mayor\u00eda de ellos chilenos que llegaron para alentar a su selecci\u00f3n en el partido que iba disputar a continuaci\u00f3n frente a M\u00e9xico.<\/li>\n<\/ul>\n<p>&nbsp;<\/p>\n","protected":false},"excerpt":{"rendered":"<p>Uruguay y Per\u00fa, con goles de Luis Su\u00e1rez y Paolo Guerrero, igualaron en su debut en la Copa Am\u00e9rica, pero en un resultado con sabor m\u00e1s dulce para los peruanos que tienen la baja de varias de sus principales figuras.<\/p>\n","protected":false},"author":1,"featured_media":3786,"comment_status":"closed","ping_status":"open","sticky":false,"template":"","format":"standard","meta":{"footnotes":""},"categories":[28],"tags":[6506,179,272,182],"class_list":["post-3785","post","type-post","status-publish","format-standard","has-post-thumbnail","hentry","category-deportes","tag-copa-america","tag-futbol-2","tag-peru","tag-uruguay"],"_links":{"self":[{"href":"https:\/\/diarioelpopular.com\/index.php\/wp-json\/wp\/v2\/posts\/3785","targetHints":{"allow":["GET"]}}],"collection":[{"href":"https:\/\/diarioelpopular.com\/index.php\/wp-json\/wp\/v2\/posts"}],"about":[{"href":"https:\/\/diarioelpopular.com\/index.php\/wp-json\/wp\/v2\/types\/post"}],"author":[{"embeddable":true,"href":"https:\/\/diarioelpopular.com\/index.php\/wp-json\/wp\/v2\/users\/1"}],"replies":[{"embeddable":true,"href":"https:\/\/diarioelpopular.com\/index.php\/wp-json\/wp\/v2\/comments?post=3785"}],"version-history":[{"count":0,"href":"https:\/\/diarioelpopular.com\/index.php\/wp-json\/wp\/v2\/posts\/3785\/revisions"}],"wp:featuredmedia":[{"embeddable":true,"href":"https:\/\/diarioelpopular.com\/index.php\/wp-json\/"}],"wp:attachment":[{"href":"https:\/\/diarioelpopular.com\/index.php\/wp-json\/wp\/v2\/media?parent=3785"}],"wp:term":[{"taxonomy":"category","embeddable":true,"href":"https:\/\/diarioelpopular.com\/index.php\/wp-json\/wp\/v2\/categories?post=3785"},{"taxonomy":"post_tag","embeddable":true,"href":"https:\/\/diarioelpopular.com\/index.php\/wp-json\/wp\/v2\/tags?post=3785"}],"curies":[{"name":"wp","href":"https:\/\/api.w.org\/{rel}","templated":true}]}}