{"id":378753,"date":"2012-04-11T00:07:19","date_gmt":"2012-04-11T04:07:19","guid":{"rendered":"http:\/\/diarioelpopular.com\/?p=378753"},"modified":"2012-04-11T00:07:19","modified_gmt":"2012-04-11T04:07:19","slug":"los-maple-leafs-piden-perdon","status":"publish","type":"post","link":"https:\/\/diarioelpopular.com\/index.php\/2012\/04\/11\/los-maple-leafs-piden-perdon\/","title":{"rendered":"Los Maple Leafs piden perd\u00f3n"},"content":{"rendered":"<div id=\"attachment_378754\" style=\"width: 710px\" class=\"wp-caption aligncenter\"><a href=\"https:\/\/diarioelpopular.com\/wp-content\/uploads\/2012\/04\/1.brev_.jpg\"><img loading=\"lazy\" decoding=\"async\" aria-describedby=\"caption-attachment-378754\" class=\"size-full wp-image-378754\" title=\"1.brev\" src=\"https:\/\/diarioelpopular.com\/wp-content\/uploads\/2012\/04\/1.brev_.jpg\" alt=\"\" width=\"700\" height=\"420\" \/><\/a><p id=\"caption-attachment-378754\" class=\"wp-caption-text\">El director general de los Maple Leafs da explicaciones ayer en rueda de prensa.<\/p><\/div>\n<p><strong><em>TORONTO.-<\/em><\/strong> El director general de los Toronto Maple Leafs, Brian Burke, se disculp\u00f3 p\u00fablicamente a los aficionados por una decepcionante temporada del equipo de hockey de la ciudad, que se qued\u00f3 fuera de los play-offs de la NHL por s\u00e9ptimo a\u00f1o consecutivo.<\/p>\n<p>Burke se dirigi\u00f3 a los medios tras confirmarse el 13\u00ba puesto de los Leafs en la liga regular en la Conferencia Este.<\/p>\n<p>Pese a pedir perd\u00f3n, el dirigente asegur\u00f3 que no tiene intenci\u00f3n de cambiar el estilo de juego del equipo, convencido de que as\u00ed llegar\u00e1n las victorias.<\/p>\n<p>El manager general enton\u00f3 el <em>mea culpa<\/em> y secund\u00f3 la carta publicada en varios medios pidiendo disculpas a los seguidores y abonados.<\/p>\n<p>La sensaci\u00f3n de fracaso ha incrementado recientemente tras un pobre balance de dos victorias en los \u00faltimos 17 partidos.<\/p>\n<p>Un colapso final que envi\u00f3 a los Maple Leafs a la cola de la clasificaci\u00f3n desde la sexta posici\u00f3n que ocupaban en febrero.<\/p>\n<p>El entrenador del equipo, Randy Carlyle, que lleg\u00f3 a la franquicia en marzo, desafi\u00f3 a sus jugadores a mejorar su \u00e9tica de trabajo.<\/p>\n<p>Las reacciones de los aficionados no se han hecho esperar: piden mayor inversi\u00f3n para armar un equipo a la altura de los elevados precios de los abonos.<\/p>\n","protected":false},"excerpt":{"rendered":"<p>El director general de los Toronto Maple Leafs, Brian Burke, se disculp\u00f3 p\u00fablicamente a los aficionados por una decepcionante temporada del equipo de hockey de la ciudad<\/p>\n","protected":false},"author":1,"featured_media":378754,"comment_status":"open","ping_status":"open","sticky":false,"template":"","format":"standard","meta":{"footnotes":""},"categories":[21,28],"tags":[2857,2858,607,2859],"class_list":["post-378753","post","type-post","status-publish","format-standard","has-post-thumbnail","hentry","category-canada","category-deportes","tag-disculpas","tag-leafs","tag-maple","tag-perdon"],"_links":{"self":[{"href":"https:\/\/diarioelpopular.com\/index.php\/wp-json\/wp\/v2\/posts\/378753","targetHints":{"allow":["GET"]}}],"collection":[{"href":"https:\/\/diarioelpopular.com\/index.php\/wp-json\/wp\/v2\/posts"}],"about":[{"href":"https:\/\/diarioelpopular.com\/index.php\/wp-json\/wp\/v2\/types\/post"}],"author":[{"embeddable":true,"href":"https:\/\/diarioelpopular.com\/index.php\/wp-json\/wp\/v2\/users\/1"}],"replies":[{"embeddable":true,"href":"https:\/\/diarioelpopular.com\/index.php\/wp-json\/wp\/v2\/comments?post=378753"}],"version-history":[{"count":0,"href":"https:\/\/diarioelpopular.com\/index.php\/wp-json\/wp\/v2\/posts\/378753\/revisions"}],"wp:featuredmedia":[{"embeddable":true,"href":"https:\/\/diarioelpopular.com\/index.php\/wp-json\/"}],"wp:attachment":[{"href":"https:\/\/diarioelpopular.com\/index.php\/wp-json\/wp\/v2\/media?parent=378753"}],"wp:term":[{"taxonomy":"category","embeddable":true,"href":"https:\/\/diarioelpopular.com\/index.php\/wp-json\/wp\/v2\/categories?post=378753"},{"taxonomy":"post_tag","embeddable":true,"href":"https:\/\/diarioelpopular.com\/index.php\/wp-json\/wp\/v2\/tags?post=378753"}],"curies":[{"name":"wp","href":"https:\/\/api.w.org\/{rel}","templated":true}]}}