{"id":378762,"date":"2012-04-11T00:06:17","date_gmt":"2012-04-11T04:06:17","guid":{"rendered":"http:\/\/diarioelpopular.com\/?p=378762"},"modified":"2012-04-11T00:06:17","modified_gmt":"2012-04-11T04:06:17","slug":"canada-no-quiere-comentar-la-carta-critica-de-fidel-castro","status":"publish","type":"post","link":"https:\/\/diarioelpopular.com\/index.php\/2012\/04\/11\/canada-no-quiere-comentar-la-carta-critica-de-fidel-castro\/","title":{"rendered":"Canad\u00e1 no quiere comentar la carta cr\u00edtica de Fidel Castro"},"content":{"rendered":"<div id=\"attachment_378763\" style=\"width: 710px\" class=\"wp-caption aligncenter\"><a href=\"https:\/\/diarioelpopular.com\/wp-content\/uploads\/2012\/04\/webharper.jpg\"><img loading=\"lazy\" decoding=\"async\" aria-describedby=\"caption-attachment-378763\" class=\"size-full wp-image-378763\" title=\"webharper\" src=\"https:\/\/diarioelpopular.com\/wp-content\/uploads\/2012\/04\/webharper.jpg\" alt=\"\" width=\"700\" height=\"420\" \/><\/a><p id=\"caption-attachment-378763\" class=\"wp-caption-text\">&quot;no tenemos ning\u00fan comentario sobre la carta de Castro&quot; , dijo Harper<\/p><\/div>\n<p><strong><em>Toronto (Canad\u00e1).-<\/em><\/strong> Canad\u00e1 dijo este martes que &#8220;no tiene ning\u00fan comentario&#8221; que realizar a la carta escrita por el ex dictador Fidel Castro en la que critica al primer ministro Stephen Harper por su negativa a que Cuba sea aceptada en la Cumbre de las Am\u00e9ricas.<\/p>\n<p>Un portavoz de la Oficina del Primer Ministro de Canad\u00e1 declar\u00f3: &#8220;no tenemos ning\u00fan comentario sobre la carta de Castro&#8221; que los medios canadienses han recogido en las \u00faltimas horas y en la que el exdirigente cubano tambi\u00e9n critica las actividades de las empresas mineras canadienses en Latinoam\u00e9rica.<\/p>\n<p>En la misiva, titulada &#8220;Las ilusiones de Stephen Harper&#8221;, y dada a conocer ayer, Castro se\u00f1ala que el ministro de Asuntos Exteriores canadiense, John Baird, tampoco &#8220;se atreve a decir si apoya o no a la Argentina en el espinoso tema de las Malvinas&#8221;.<\/p>\n<p>&#8220;Expresa solo beat\u00edficos deseos de que reine la paz entre los dos pa\u00edses&#8221;, a\u00f1adi\u00f3 Castro.<br \/>\nCastro se refer\u00eda a las declaraciones efectuadas el pasado 4 de abril \u00a0por un portavoz del Ministerio de Asuntos Exteriores de Canad\u00e1 en las que afirm\u00f3 que Ottawa quiere una &#8220;resoluci\u00f3n pac\u00edfica&#8221; a la disputa entre Argentina y el Reino Unido por las islas Malvinas.<\/p>\n<p>El mismo portavoz se\u00f1al\u00f3 que Canad\u00e1 se opone a que Cuba asista a la Cumbre de las Am\u00e9ricas porque &#8220;no cumple las condiciones democr\u00e1ticas adoptadas de forma un\u00e1nime por todos los l\u00edderes en la Cumbre de 2001&#8221;.<\/p>\n","protected":false},"excerpt":{"rendered":"<p>Canad\u00e1 dijo este martes que &#8220;no tiene ning\u00fan comentario&#8221; que realizar a la carta escrita por el ex dictador Fidel Castro en la que critica al primer ministro Stephen Harper por su negativa a que Cuba sea aceptada en la Cumbre de las Am\u00e9ricas.<\/p>\n","protected":false},"author":1,"featured_media":378763,"comment_status":"open","ping_status":"open","sticky":false,"template":"","format":"standard","meta":{"footnotes":""},"categories":[21],"tags":[2824,2863,60,1178,1337,2864],"class_list":["post-378762","post","type-post","status-publish","format-standard","has-post-thumbnail","hentry","category-canada","tag-castro","tag-comentarios","tag-cuba","tag-harper","tag-ministro","tag-primer"],"_links":{"self":[{"href":"https:\/\/diarioelpopular.com\/index.php\/wp-json\/wp\/v2\/posts\/378762","targetHints":{"allow":["GET"]}}],"collection":[{"href":"https:\/\/diarioelpopular.com\/index.php\/wp-json\/wp\/v2\/posts"}],"about":[{"href":"https:\/\/diarioelpopular.com\/index.php\/wp-json\/wp\/v2\/types\/post"}],"author":[{"embeddable":true,"href":"https:\/\/diarioelpopular.com\/index.php\/wp-json\/wp\/v2\/users\/1"}],"replies":[{"embeddable":true,"href":"https:\/\/diarioelpopular.com\/index.php\/wp-json\/wp\/v2\/comments?post=378762"}],"version-history":[{"count":0,"href":"https:\/\/diarioelpopular.com\/index.php\/wp-json\/wp\/v2\/posts\/378762\/revisions"}],"wp:featuredmedia":[{"embeddable":true,"href":"https:\/\/diarioelpopular.com\/index.php\/wp-json\/"}],"wp:attachment":[{"href":"https:\/\/diarioelpopular.com\/index.php\/wp-json\/wp\/v2\/media?parent=378762"}],"wp:term":[{"taxonomy":"category","embeddable":true,"href":"https:\/\/diarioelpopular.com\/index.php\/wp-json\/wp\/v2\/categories?post=378762"},{"taxonomy":"post_tag","embeddable":true,"href":"https:\/\/diarioelpopular.com\/index.php\/wp-json\/wp\/v2\/tags?post=378762"}],"curies":[{"name":"wp","href":"https:\/\/api.w.org\/{rel}","templated":true}]}}