{"id":378777,"date":"2012-04-11T00:04:36","date_gmt":"2012-04-11T04:04:36","guid":{"rendered":"http:\/\/diarioelpopular.com\/?p=378777"},"modified":"2012-04-11T00:04:36","modified_gmt":"2012-04-11T04:04:36","slug":"penelope-cruz-hara-solo-una-o-dos-peliculas-al-ano-tras-nacer-su-primer-hijo","status":"publish","type":"post","link":"https:\/\/diarioelpopular.com\/index.php\/2012\/04\/11\/penelope-cruz-hara-solo-una-o-dos-peliculas-al-ano-tras-nacer-su-primer-hijo\/","title":{"rendered":"Pen\u00e9lope Cruz har\u00e1 solo una o dos pel\u00edculas al a\u00f1o tras nacer su primer hijo"},"content":{"rendered":"<div id=\"attachment_378778\" style=\"width: 710px\" class=\"wp-caption aligncenter\"><a href=\"https:\/\/diarioelpopular.com\/wp-content\/uploads\/2012\/04\/web.pene_.jpg\"><img loading=\"lazy\" decoding=\"async\" aria-describedby=\"caption-attachment-378778\" class=\"size-full wp-image-378778\" title=\"web.pene\" src=\"https:\/\/diarioelpopular.com\/wp-content\/uploads\/2012\/04\/web.pene_.jpg\" alt=\"\" width=\"700\" height=\"420\" \/><\/a><p id=\"caption-attachment-378778\" class=\"wp-caption-text\">&quot;Quiz\u00e1s haga un film al a\u00f1o, quiz\u00e1s dos, pero no m\u00e1s porque ahora tengo otras prioridades&quot;, se\u00f1ala Cruz.<\/p><\/div>\n<p><strong><em>Nueva York.-<\/em><\/strong> La actriz espa\u00f1ola Pen\u00e9lope Cruz asegura que en el futuro inmediato har\u00e1 \u00fanicamente una o dos pel\u00edculas al a\u00f1o, pues ahora tiene &#8220;otras prioridades&#8221; despu\u00e9s del nacimiento de su primer hijo con Javier Bardem.<\/p>\n<p>&#8220;Quiz\u00e1s haga un film al a\u00f1o, quiz\u00e1s dos, pero no m\u00e1s porque ahora tengo otras prioridades&#8221;, se\u00f1ala Cruz en una entrevista para la edici\u00f3n de mayo de la revista estadounidense Harper&#8217;s Bazaar, que public\u00f3 este martes un extracto en su p\u00e1gina web.<\/p>\n<p>La actriz, centrada en su vida personal junto a Bardem y el peque\u00f1o Leonardo, confirma asimismo que en el futuro no piensa vivir en Los \u00c1ngeles, donde en enero del a\u00f1o pasado naci\u00f3 su hijo.<\/p>\n<p>&#8220;Cuando estoy aqu\u00ed, tengo tantas memorias&#8230; Muchas buenas, algunas no tanto. He vivido momentos preciosos aqu\u00ed, pero no quiero quedarme a vivir. \u00c9ste no es el lugar en el que quiero criar a mis ni\u00f1os&#8221;, explica Cruz que cumplir\u00e1 38 a\u00f1os el pr\u00f3ximo 28 de abril.<\/p>\n<p>&#8220;Nunca voy a sitios donde vaya a llamar m\u00e1s la atenci\u00f3n, busco justo lo contrario&#8221;, detalla la artista, que explica a la revista que en el futuro quiere echar ra\u00edces en Madrid y para la que un d\u00eda perfecto es &#8220;estar en la playa con mi familia, eso es todo&#8221;.<\/p>\n<p>En cuanto a Leonardo, la protagonista de &#8220;Volver&#8221; confiesa que &#8220;hablo sobre \u00e9l todo el d\u00eda, incluso a los extra\u00f1os en la calle. \u00a1Es mi tema de conversaci\u00f3n favorito! Pero sabes, \u00e9ste es mi trabajo&#8221;.<\/p>\n<p>La espa\u00f1ola, ganadora en 2009 de un \u00d3scar de Hollywood a la mejor actriz secundaria por &#8220;Vicky Cristina Barcelona&#8221;, tambi\u00e9n guarda un lugar especial en su coraz\u00f3n para el director de aquella pel\u00edcula, Woody Allen.<\/p>\n<p>&#8220;Me encanta estar con Woody y verle dirigir&#8221;, indica Cruz, quien se\u00f1ala que el cineasta neoyorquino &#8220;a veces se queda dormido mientras preparan las luces entre toma y toma, y entonces le tomo fotos porque siempre elige las posturas m\u00e1s extra\u00f1as. Siempre creo que se va a caer de la silla&#8221;.<\/p>\n<p>Preguntada por cu\u00e1l es el rasgo m\u00e1s destacado de su personalidad, Cruz, que acaba de terminar &#8220;Twice Born&#8221;, un drama sobre una madre soltera que educa a un adolescente en Sarajevo, responde que es &#8220;testaruda&#8221;, que tiene &#8220;una fuerte personalidad&#8221; y tendencia a &#8220;estar preocupada&#8221;.<\/p>\n","protected":false},"excerpt":{"rendered":"<p>La actriz espa\u00f1ola Pen\u00e9lope Cruz asegura que en el futuro inmediato har\u00e1 \u00fanicamente una o dos pel\u00edculas al a\u00f1o, pues ahora tiene &#8220;otras prioridades&#8221; despu\u00e9s del nacimiento de su primer hijo con Javier Bardem.<\/p>\n","protected":false},"author":1,"featured_media":378778,"comment_status":"open","ping_status":"open","sticky":false,"template":"","format":"standard","meta":{"footnotes":""},"categories":[80,23],"tags":[2202,2871,604,2872],"class_list":["post-378777","post","type-post","status-publish","format-standard","has-post-thumbnail","hentry","category-cine-2","category-latinoamerica","tag-cine-3","tag-cruz","tag-hijos","tag-penelope"],"_links":{"self":[{"href":"https:\/\/diarioelpopular.com\/index.php\/wp-json\/wp\/v2\/posts\/378777","targetHints":{"allow":["GET"]}}],"collection":[{"href":"https:\/\/diarioelpopular.com\/index.php\/wp-json\/wp\/v2\/posts"}],"about":[{"href":"https:\/\/diarioelpopular.com\/index.php\/wp-json\/wp\/v2\/types\/post"}],"author":[{"embeddable":true,"href":"https:\/\/diarioelpopular.com\/index.php\/wp-json\/wp\/v2\/users\/1"}],"replies":[{"embeddable":true,"href":"https:\/\/diarioelpopular.com\/index.php\/wp-json\/wp\/v2\/comments?post=378777"}],"version-history":[{"count":0,"href":"https:\/\/diarioelpopular.com\/index.php\/wp-json\/wp\/v2\/posts\/378777\/revisions"}],"wp:featuredmedia":[{"embeddable":true,"href":"https:\/\/diarioelpopular.com\/index.php\/wp-json\/"}],"wp:attachment":[{"href":"https:\/\/diarioelpopular.com\/index.php\/wp-json\/wp\/v2\/media?parent=378777"}],"wp:term":[{"taxonomy":"category","embeddable":true,"href":"https:\/\/diarioelpopular.com\/index.php\/wp-json\/wp\/v2\/categories?post=378777"},{"taxonomy":"post_tag","embeddable":true,"href":"https:\/\/diarioelpopular.com\/index.php\/wp-json\/wp\/v2\/tags?post=378777"}],"curies":[{"name":"wp","href":"https:\/\/api.w.org\/{rel}","templated":true}]}}