{"id":379157,"date":"2012-04-11T23:41:43","date_gmt":"2012-04-12T03:41:43","guid":{"rendered":"http:\/\/diarioelpopular.com\/?p=379157"},"modified":"2012-04-11T23:41:43","modified_gmt":"2012-04-12T03:41:43","slug":"flamenco-en-pantalla-grande","status":"publish","type":"post","link":"https:\/\/diarioelpopular.com\/index.php\/2012\/04\/11\/flamenco-en-pantalla-grande\/","title":{"rendered":"Flamenco en pantalla grande"},"content":{"rendered":"<div id=\"attachment_379158\" style=\"width: 715px\" class=\"wp-caption aligncenter\"><a href=\"https:\/\/diarioelpopular.com\/wp-content\/uploads\/2012\/04\/web.1-flam.jpg\"><img loading=\"lazy\" decoding=\"async\" aria-describedby=\"caption-attachment-379158\" class=\"size-full wp-image-379158\" title=\"web.1-flam\" src=\"https:\/\/diarioelpopular.com\/wp-content\/uploads\/2012\/04\/web.1-flam.jpg\" alt=\"\" width=\"705\" height=\"420\" \/><\/a><p id=\"caption-attachment-379158\" class=\"wp-caption-text\">La bailaora japonesa Mizuho Sato forma parte del elenco de artistas de la pel\u00edcula Kumpan\u00eda. Foto cortes\u00eda de Bruce Bisenz.<\/p><\/div>\n<p><strong><em>TORONTO.-<\/em><\/strong> El Festival Internacional de Flamenco de Toronto presenta entre el 12 y el 22 de abril una serie de pel\u00edculas espa\u00f1olas que tienen en el arte del flamenco su denominador com\u00fan.<\/p>\n<p>El ciclo empieza este jueves en el NFB Mediatheque de Toronto bajo el lema \u201cUn viaje a trav\u00e9s del flamenco y el cine espa\u00f1ol\u201d y seguir\u00e1 en Montreal (18 y 19 de abril), Calgary (20 de abril) y Winnipeg (21 y 22 de abril). La selecci\u00f3n de documentales descubrir\u00e1, a propios y extra\u00f1os, nuevos aspectos este g\u00e9nero que a\u00fana m\u00fasica, canto y baile.<\/p>\n<p>En esta primera edici\u00f3n, auspiciada por el Toronto Internacional Flamenco Festival, se proyectar\u00e1n cuatro obras del director espa\u00f1ol Emilio Ruiz Barrachina. Entre ellas, destaca \u201cMorente. El cantaor, el hombre, el genio\u201d, documental nominado a los premios Goya 2012 que sigue los pasos del malogrado <em>cantaor<\/em> Enrique Morente. La escritora madrile\u00f1a Justine Bayoz Espoz, amiga del director, acudir\u00e1 al evento para charlar con el p\u00fablico antes y despu\u00e9s de las sesiones.<\/p>\n<p>Tambi\u00e9n estar\u00e1n presentes en el festival, aunque de forma virtual, la directora y el elenco de artistas de Kumpan\u00eda. El documental, motivado por el reconocido fot\u00f3grafo Bruce Bisenz, sigue los pasos de un grupo de m\u00fasicos de Los Angeles que se inspira en la corriente m\u00e1s antigua del flamenco, el gitano ruman\u00ed. Tras la proyecci\u00f3n de este jueves (20.30h), Katia Dunn y los artistas Jose Tanaka, Mizuho Sato y Briseyda Zarate Fernandez conectar\u00e1n con el NFB Mediateque para hablar de la pel\u00edcula y de su pasi\u00f3n por el flamenco.<\/p>\n<p>La programaci\u00f3n tambi\u00e9n incluye pel\u00edculas sobre la copla, la historia de amor entre la <em>bailaora<\/em> catalana Carmen Montero y el guitarrista granadino Diego Amaya y documentales sobre Lorca, Orson Welles y Goya.<\/p>\n<p>A continuaci\u00f3n, detallamos las pel\u00edculas y los horarios del primer fin de semana en Toronto. Se puede encontrar m\u00e1s informaci\u00f3n del evento en la p\u00e1gina web del festival: www.torontoflamencofestival.com.<\/p>\n<p><em>Kumpan\u00eda<\/em><\/p>\n<p>Desde la Espa\u00f1a medieval hasta la actual ciudad de Los Angeles. La directora Katina Dunn sigue un grupo de m\u00fasicos angelinos que han hecho del flamenco su modo de vida. Los protagonistas de Kumpan\u00eda -una palabra del gitano roman\u00ed que se refiere a personas que viajan en el mismo territorio- vienen de diferentes or\u00edgenes y cruzan caminos diversos pero todos coinciden en su pasi\u00f3n por el flamenco, ya sean espa\u00f1oles, mexicanos, americanos o incluso japoneses.<\/p>\n<p><em><strong>Morente. El cantaor, el hombre, el genio.<\/strong><\/em><\/p>\n<div id=\"attachment_379161\" style=\"width: 715px\" class=\"wp-caption aligncenter\"><a href=\"https:\/\/diarioelpopular.com\/wp-content\/uploads\/2012\/04\/web.2flam.jpg\"><img loading=\"lazy\" decoding=\"async\" aria-describedby=\"caption-attachment-379161\" class=\"size-full wp-image-379161\" title=\"web.2flam\" src=\"https:\/\/diarioelpopular.com\/wp-content\/uploads\/2012\/04\/web.2flam.jpg\" alt=\"\" width=\"705\" height=\"420\" \/><\/a><p id=\"caption-attachment-379161\" class=\"wp-caption-text\">Fotograma de \u201cMorente. El cantaor, el hombre, el genio\u201d, sobre el cantante granadino fallecido a finales de 2010.<\/p><\/div>\n<p>Realizaci\u00f3n musical donde Enrique Morente desgrana su vida al comp\u00e1s de los cantes elaborados sobre letras de Pablo Picasso y donde a su propia vida se suma la historia del pintor malague\u00f1o y el m\u00e1s grande de sus amigos, el barbero Eugenio Arias. Desde su rupturista visi\u00f3n musical de la obra de Federico Garc\u00eda Lorca a trav\u00e9s de su disco \u201cOmega\u201d, Morente se ha convertido en uno de los referentes tanto de la m\u00fasica flamenca ortodoxa como de la fusi\u00f3n con otros g\u00e9neros.<\/p>\n<p><em><strong>La Espa\u00f1a de la Copla<\/strong><\/em><\/p>\n<p>Documental dirigido por Esteban Barrachina que cuenta la historia social y pol\u00edtica de la Copla, desde sus or\u00edgenes a principios del siglo XX hasta su asimilaci\u00f3n por el franquismo bajo la denominaci\u00f3n de \u201ccanci\u00f3n espa\u00f1ola o andaluza\u201d. Concha Piquer, Rafael de Le\u00f3n, Angelillo y Miguel de Molina Cuatro son las cuatro grandes figuras que, nacidas en el a\u00f1o 1908, sirven de hilo argumental para la pel\u00edcula. En el documental se muestran y se recuperan coplas cantadas en pel\u00edculas antiguas y en documentos audiovisuales de gran importancia, desde el primer tercio del siglo XX hasta la posguerra.<\/p>\n<p><em><strong>A cara o cruz<\/strong><\/em><\/p>\n<p>La realizadora Silvia Pr\u00edo se adentra en la escuela La Carmeta, un lugar donde confluyen personas de muy diversas procedencias que comparten una misma pasi\u00f3n: el arte del flamenco. Los art\u00edfices de esta escuela donde es posible un di\u00e1logo que no conoce fronteras, ni razas, ni clases sociales son la <em>bailaora<\/em> catalana Carmen Montero y el guitarrista granadino Diego Amaya. Una historia real de amor, sacrificio y pasi\u00f3n.<\/p>\n<p><em><strong>Lorca. El mar deja de moverse<\/strong><\/em><\/p>\n<p>Documental para cine y televisi\u00f3n que analiza las \u00faltimas horas de la vida de Federico Garc\u00eda Lorca y el posterior devenir de la familia Rosales y la familia Lorca. El trabajo recoge las opiniones y teor\u00edas de los grandes estudiosos de Lorca, desde Ian Gibson y Paul Preston hasta Miguel Caballero y Pilar G\u00f3ngora, acerca de la muerte del poeta. Una trama compleja de acontecimientos de \u00edndole pol\u00edtica, econ\u00f3mica y familiar en la Granada de 1936.<\/p>\n<p><em><strong>Orson Welles y Goya<\/strong><\/em><\/p>\n<p>Orson Welles, desde su juventud, tuvo fijaci\u00f3n con dos genios, uno de las letras, Shakespeare, y otro de la pintura, Francisco de Goya. Estas fascinaciones, adem\u00e1s de la que sent\u00eda por Espa\u00f1a y sus manifestaciones m\u00e1s populares, son las que se recogen en el documental. Entre el a\u00f1o 1957 y 1961 Orson Welles va grabando im\u00e1genes por toda Espa\u00f1a a la vez que sigue las temporadas taurinas de su gran amigo, el torero Antonio Ord\u00f3\u00f1ez. Esas im\u00e1genes in\u00e9ditas, en su mayor\u00eda de car\u00e1cter familiar o personal, rodadas para cumplimentar series vendidas a las televisiones extranjeras o para su propio disfrute, son la base del documental que nos muestra esa Espa\u00f1a remota de los a\u00f1os 50 y las coincidencias biogr\u00e1ficas, tem\u00e1ticas o t\u00e9cnicas con Francisco de Goya.<\/p>\n<p><strong>Programaci\u00f3n en el NFB Mediatheque de Toronto<\/strong><\/p>\n<p><strong><\/strong><strong>Jueves, 12 de abril<\/strong><\/p>\n<p>13h &#8211; Lorca<\/p>\n<p>15h &#8211; Copla \/ A Cara o Cruz<\/p>\n<p>18h &#8211; Morente<\/p>\n<p>20:30h &#8211; Kumpania<\/p>\n<p><strong>Viernes, 13 de abril<\/strong><\/p>\n<p>13h &#8211; Morente<\/p>\n<p>15h &#8211; Lorca<\/p>\n<p>&nbsp;<\/p>\n<p><strong>S\u00e1bado, 14 de abril<\/strong><\/p>\n<p>13h &#8211; Copla \/ A Cara o Cruz<\/p>\n<p>15h &#8211; A Cara O Cruz \/ Orson Welles y Goya<\/p>\n<p>18h &#8211; Lorca<\/p>\n<p>20h &#8211; Morente<\/p>\n<p>&nbsp;<\/p>\n","protected":false},"excerpt":{"rendered":"<p>El Festival Internacional de Flamenco ofrece un ciclo de seis pel\u00edculas espa\u00f1olas que se podr\u00e1n ver entre el 12 y el 22 de abril en cines de Toronto, Montreal, Winnipeg y Calgary. La cita arranca este jueves en el NFB Mediatheque de Toronto.<\/p>\n","protected":false},"author":1,"featured_media":379158,"comment_status":"open","ping_status":"open","sticky":false,"template":"","format":"standard","meta":{"footnotes":""},"categories":[21,80],"tags":[2202,2633,2892],"class_list":["post-379157","post","type-post","status-publish","format-standard","has-post-thumbnail","hentry","category-canada","category-cine-2","tag-cine-3","tag-festival","tag-flamenco"],"_links":{"self":[{"href":"https:\/\/diarioelpopular.com\/index.php\/wp-json\/wp\/v2\/posts\/379157","targetHints":{"allow":["GET"]}}],"collection":[{"href":"https:\/\/diarioelpopular.com\/index.php\/wp-json\/wp\/v2\/posts"}],"about":[{"href":"https:\/\/diarioelpopular.com\/index.php\/wp-json\/wp\/v2\/types\/post"}],"author":[{"embeddable":true,"href":"https:\/\/diarioelpopular.com\/index.php\/wp-json\/wp\/v2\/users\/1"}],"replies":[{"embeddable":true,"href":"https:\/\/diarioelpopular.com\/index.php\/wp-json\/wp\/v2\/comments?post=379157"}],"version-history":[{"count":0,"href":"https:\/\/diarioelpopular.com\/index.php\/wp-json\/wp\/v2\/posts\/379157\/revisions"}],"wp:featuredmedia":[{"embeddable":true,"href":"https:\/\/diarioelpopular.com\/index.php\/wp-json\/"}],"wp:attachment":[{"href":"https:\/\/diarioelpopular.com\/index.php\/wp-json\/wp\/v2\/media?parent=379157"}],"wp:term":[{"taxonomy":"category","embeddable":true,"href":"https:\/\/diarioelpopular.com\/index.php\/wp-json\/wp\/v2\/categories?post=379157"},{"taxonomy":"post_tag","embeddable":true,"href":"https:\/\/diarioelpopular.com\/index.php\/wp-json\/wp\/v2\/tags?post=379157"}],"curies":[{"name":"wp","href":"https:\/\/api.w.org\/{rel}","templated":true}]}}