{"id":380130,"date":"2012-04-14T00:53:45","date_gmt":"2012-04-14T04:53:45","guid":{"rendered":"http:\/\/diarioelpopular.com\/?p=380130"},"modified":"2012-04-14T00:53:45","modified_gmt":"2012-04-14T04:53:45","slug":"angelina-jolie-y-brad-pitt-estan-comprometidos","status":"publish","type":"post","link":"https:\/\/diarioelpopular.com\/index.php\/2012\/04\/14\/angelina-jolie-y-brad-pitt-estan-comprometidos\/","title":{"rendered":"Angelina Jolie y Brad Pitt est\u00e1n comprometidos"},"content":{"rendered":"<div id=\"attachment_380131\" style=\"width: 715px\" class=\"wp-caption aligncenter\"><a href=\"https:\/\/diarioelpopular.com\/wp-content\/uploads\/2012\/04\/web.angelina.jpg\"><img loading=\"lazy\" decoding=\"async\" aria-describedby=\"caption-attachment-380131\" class=\"size-full wp-image-380131\" title=\"web.angelina\" src=\"https:\/\/diarioelpopular.com\/wp-content\/uploads\/2012\/04\/web.angelina.jpg\" alt=\"\" width=\"705\" height=\"420\" \/><\/a><p id=\"caption-attachment-380131\" class=\"wp-caption-text\">&quot;S\u00ed, est\u00e1 confirmado&quot;, dijo Cynthia-Pett Dante a la revista especializada People.<\/p><\/div>\n<p><strong><em>Los \u00c1ngeles (EEUU).-<\/em><\/strong> Los actores estadounidenses Angelina Jolie y Brad Pitt, cuya relaci\u00f3n sentimental se remonta a 2005, se han comprometido oficialmente, confirm\u00f3 este viernes la representante de la actriz.<\/p>\n<p>&#8220;S\u00ed, est\u00e1 confirmado&#8221;, dijo Cynthia-Pett Dante a la revista especializada People. &#8220;Es una promesa para el futuro y sus hijos est\u00e1n muy contentos. No hay fijada una fecha (para la boda) de momento&#8221;, a\u00f1adi\u00f3.<\/p>\n<p>Los rumores comenzaron cuando el joyero Robert Procop admiti\u00f3 a la revista The Hollywood Reporter que hab\u00eda dise\u00f1ado un anillo de compromiso para Jolie.<\/p>\n<p>Procop, que posee una colecci\u00f3n de joyer\u00eda llamada &#8220;Style of Jolie&#8221;, confirm\u00f3 a la publicaci\u00f3n que el dise\u00f1o de la pieza cont\u00f3 con la colaboraci\u00f3n de Pitt.<\/p>\n<p>Jolie fue vista luciendo dicho anillo la noche del 11 de abril, en compa\u00f1\u00eda de Pitt y de uno de sus hijos.<\/p>\n<p>&#8220;Brad ten\u00eda una visi\u00f3n espec\u00edfica para este anillo, a la que lleg\u00f3 tras m\u00e1s de un a\u00f1o de colaboraci\u00f3n. Quer\u00eda que cada aspecto fuera perfecto, as\u00ed que logr\u00e9 dar con un diamante de la mejor calidad y lo pul\u00ed hasta obtener el tama\u00f1o exacto para que encajara en el dedo de Angelina&#8221;, relat\u00f3 Procop.<\/p>\n<p>&#8220;Brad se mantuvo muy involucrado y supervis\u00f3 cada detalle de la evoluci\u00f3n del dise\u00f1o creativo. Los diamantes laterales han sido cortados especialmente para que encajen en su dedo. Cada uno de ellos es una gema de la m\u00e1s alta calidad&#8221;, a\u00f1adi\u00f3.<\/p>\n<p>La colecci\u00f3n &#8220;Style of Jolie&#8221; fue dise\u00f1ada por la propia actriz, que ha lucido varias de esas piezas en las alfombras rojas a las que ha acudido.<\/p>\n<p>Jolie, que comenz\u00f3 su relaci\u00f3n con Pitt en 2005, dio a luz a los mellizos Vivienne y Knox en julio de 2008 en una cl\u00ednica de Niza (Francia), y tiene otra hija biol\u00f3gica con el actor, Shiloh Nouvel Jolie-Pitt, nacida en 2006 en Namibia.<\/p>\n<p>Adem\u00e1s, la int\u00e9rprete tiene tres ni\u00f1os adoptados: Maddox, de Camboya; Zahara, de Etiop\u00eda, y Pax, de Vietnam, posteriormente adoptados tambi\u00e9n por Pitt.<\/p>\n","protected":false},"excerpt":{"rendered":"<p>Los actores estadounidenses Angelina Jolie y Brad Pitt, cuya relaci\u00f3n sentimental se remonta a 2005, se han comprometido oficialmente, confirm\u00f3 este viernes la representante de la actriz.<\/p>\n","protected":false},"author":1,"featured_media":380131,"comment_status":"open","ping_status":"open","sticky":false,"template":"","format":"standard","meta":{"footnotes":""},"categories":[80,24],"tags":[2943,2944,2945,2946],"class_list":["post-380130","post","type-post","status-publish","format-standard","has-post-thumbnail","hentry","category-cine-2","category-mundo","tag-angelina","tag-brad","tag-comprometidos","tag-jolie"],"_links":{"self":[{"href":"https:\/\/diarioelpopular.com\/index.php\/wp-json\/wp\/v2\/posts\/380130","targetHints":{"allow":["GET"]}}],"collection":[{"href":"https:\/\/diarioelpopular.com\/index.php\/wp-json\/wp\/v2\/posts"}],"about":[{"href":"https:\/\/diarioelpopular.com\/index.php\/wp-json\/wp\/v2\/types\/post"}],"author":[{"embeddable":true,"href":"https:\/\/diarioelpopular.com\/index.php\/wp-json\/wp\/v2\/users\/1"}],"replies":[{"embeddable":true,"href":"https:\/\/diarioelpopular.com\/index.php\/wp-json\/wp\/v2\/comments?post=380130"}],"version-history":[{"count":0,"href":"https:\/\/diarioelpopular.com\/index.php\/wp-json\/wp\/v2\/posts\/380130\/revisions"}],"wp:featuredmedia":[{"embeddable":true,"href":"https:\/\/diarioelpopular.com\/index.php\/wp-json\/"}],"wp:attachment":[{"href":"https:\/\/diarioelpopular.com\/index.php\/wp-json\/wp\/v2\/media?parent=380130"}],"wp:term":[{"taxonomy":"category","embeddable":true,"href":"https:\/\/diarioelpopular.com\/index.php\/wp-json\/wp\/v2\/categories?post=380130"},{"taxonomy":"post_tag","embeddable":true,"href":"https:\/\/diarioelpopular.com\/index.php\/wp-json\/wp\/v2\/tags?post=380130"}],"curies":[{"name":"wp","href":"https:\/\/api.w.org\/{rel}","templated":true}]}}