{"id":380542,"date":"2012-04-17T00:07:52","date_gmt":"2012-04-17T04:07:52","guid":{"rendered":"http:\/\/diarioelpopular.com\/?p=380542"},"modified":"2012-04-17T00:07:52","modified_gmt":"2012-04-17T04:07:52","slug":"el-gobierno-espanol-prepara-medidas-contundentes-ante-expropiacion-de-ypf","status":"publish","type":"post","link":"https:\/\/diarioelpopular.com\/index.php\/2012\/04\/17\/el-gobierno-espanol-prepara-medidas-contundentes-ante-expropiacion-de-ypf\/","title":{"rendered":"El Gobierno espa\u00f1ol prepara medidas &#8220;contundentes&#8221; ante expropiaci\u00f3n de YPF"},"content":{"rendered":"<div id=\"attachment_380543\" style=\"width: 715px\" class=\"wp-caption aligncenter\"><a href=\"https:\/\/diarioelpopular.com\/wp-content\/uploads\/2012\/04\/web.esp_..jpg\"><img loading=\"lazy\" decoding=\"async\" aria-describedby=\"caption-attachment-380543\" class=\"size-full wp-image-380543\" title=\"web.esp.\" src=\"https:\/\/diarioelpopular.com\/wp-content\/uploads\/2012\/04\/web.esp_..jpg\" alt=\"\" width=\"705\" height=\"420\" \/><\/a><p id=\"caption-attachment-380543\" class=\"wp-caption-text\">MADRID.- El Ministro de Asuntos Exteriores, Jos\u00e9 Manuel Garc\u00eda Margallo, y el de Industria, Jos\u00e9 Manuel Soria, este lunes en Madrid durante su comparecencia ante la prensa en la que condenaron la decisi\u00f3n &quot;arbitraria&quot; de las autoridades argentinas de intervenir YPF y anunciaron que el Gobierno que adoptar\u00e1 las decisiones que considere convenientes en defensa de los intereses de Repsol y de todas las empresas espa\u00f1olas en el exterior.<\/p><\/div>\n<p><strong><em>Madrid.-<\/em><\/strong> El Gobierno espa\u00f1ol anunci\u00f3 este lunes que prepara medidas &#8220;claras y contundentes&#8221; para los pr\u00f3ximos d\u00edas en respuesta a la &#8220;arbitraria decisi\u00f3n&#8221; de las autoridades argentinas de expropiar las acciones de Repsol en la petrolera YPF y pidi\u00f3 a la Uni\u00f3n Europea que trate la situaci\u00f3n esta semana.<\/p>\n<p>El ministro de Asuntos Exteriores de Espa\u00f1a, Jos\u00e9 Manuel Garc\u00eda Margallo, acompa\u00f1ado por el responsable de Industria, Jos\u00e9 Manuel Soria, ley\u00f3 una declaraci\u00f3n del Ejecutivo, en la que se afirma que la decisi\u00f3n argentina &#8220;rompe el clima de cordialidad y amistad&#8221; que tradicionalmente ha presido las relaciones entre los dos pa\u00edses.<\/p>\n<p>El Gobierno espa\u00f1ol adoptar\u00e1 &#8220;todas las medidas que considere convenientes en defensa de los intereses leg\u00edtimos de Repsol y de todas las empresas e intereses espa\u00f1oles en el exterior&#8221;, se\u00f1ala la declaraci\u00f3n.<\/p>\n<p>El Ejecutivo de Madrid se puso en contacto con la Comisi\u00f3n Europea y las instituciones de la UE para dar cuenta &#8220;de esta arbitraria decisi\u00f3n&#8221; y para pedir que el Parlamento Europeo trate la expropiaci\u00f3n en el pleno que celebra esta semana.<\/p>\n<p>Rajoy, que ma\u00f1ana martes emprende en M\u00e9xico su primera visita a Latinoam\u00e9rica como jefe del Ejecutivo, har\u00e1 gestiones con los presidentes de este pa\u00eds y de Colombia, al que viajar\u00e1 posteriormente, para recabar su apoyo.<\/p>\n<p>El secretario mexicano de Econom\u00eda, Bruno Ferrari, dijo hoy que M\u00e9xico estaba a la espera de que Espa\u00f1a defina qu\u00e9 tipo de gesti\u00f3n puede hacer su pa\u00eds ante Argentina.<\/p>\n<p>El Gobierno espa\u00f1ol destac\u00f3 los perjuicios que la nacionalizaci\u00f3n supondr\u00e1 para los &#8220;miles de peque\u00f1os accionistas&#8221; de Repsol, medida que considera &#8220;es tambi\u00e9n extraordinariamente lesiva para el pueblo argentino porque quiebra el clima de confianza necesario para atraer los ahorros e inversiones que Argentina necesita para crecer y salir de la situaci\u00f3n en que se encuentra&#8221;.<\/p>\n<p>&#8220;Es una p\u00e9sima decisi\u00f3n para Espa\u00f1a, una p\u00e9sima decisi\u00f3n para Argentina y una mal\u00edsima noticia para la seguridad jur\u00eddica que debe regir las relaciones entre los pa\u00edses amigos y aliados&#8221;, concluy\u00f3 Margallo.<\/p>\n<p>El responsable de Industria puso el acento en que se trata de una decisi\u00f3n &#8220;discriminatoria&#8221; desde el punto de vista de los socios de YPF y respecto a otros operadores de hidrocarburos en Argentina al adoptar medidas solo en relaci\u00f3n a una empresa (YPF) en la que &#8220;Repsol es leg\u00edtima propietaria de la mayor\u00eda de las acciones&#8221;.<\/p>\n<p>Tambi\u00e9n la consider\u00f3 &#8220;una decisi\u00f3n hostil contra Repsol, y por tanto contra una empresa espa\u00f1ola, y por tanto contra Espa\u00f1a y contra el Gobierno de Espa\u00f1a&#8221;.<\/p>\n<p>Las autoridades espa\u00f1olas acusaron a las argentinas de cerrarse al di\u00e1logo y de &#8220;haber quebrado el acuerdo verbal&#8221; alcanzado por Soria con miembros del Ejecutivo de Cristina Fern\u00e1ndez el pasado 28 de febrero para intentar solventar el contencioso a trav\u00e9s de la negociaci\u00f3n.<\/p>\n<p>La petrolera espa\u00f1ola Repsol calific\u00f3 este lunes la expropiaci\u00f3n de &#8220;manifiestamente il\u00edcita y gravemente discriminatoria&#8221;.<\/p>\n<p>En un comunicado, anunci\u00f3 que se reserva todos los derechos y acciones &#8220;conforme al derecho argentino, la normativa de valores de los mercados en que YPF cotiza y el derecho internacional, incluyendo el tratado de protecci\u00f3n de inversiones Argentina-Espa\u00f1a&#8221;.<\/p>\n<p>Tambi\u00e9n sostuvo que no se ha justificado &#8220;la utilidad p\u00fablica&#8221; que se persigue con la decisi\u00f3n, en la que ve un &#8220;patente incumplimiento&#8221; de las obligaciones asumidas por el Estado argentino en la privatizaci\u00f3n de YPF.<\/p>\n<p>Anuncia adem\u00e1s &#8220;que llevar\u00e1 a cabo todas las medidas legales que procedan para preservar el valor de todos sus activos y los intereses de todos sus accionistas&#8221;.<\/p>\n<p>La petrolera espa\u00f1ola detalla que su participaci\u00f3n del 57,43 % en YPF ten\u00eda un valor patrimonial de 4.122 millones de euros al cierre de 2011 y recuerda que mantiene un pr\u00e9stamo con el grupo Petersen valorado en 1.542 millones de euros.<\/p>\n<p>El embajador de Argentina en Madrid, carlos Bettini, ser\u00e1 convocado ma\u00f1ana martes al Ministerio de Asuntos Exteriores, donde ya fue citado el pasado viernes.<\/p>\n","protected":false},"excerpt":{"rendered":"<p>El Gobierno espa\u00f1ol anunci\u00f3 este lunes que prepara medidas &#8220;claras y contundentes&#8221; para los pr\u00f3ximos d\u00edas en respuesta a la &#8220;arbitraria decisi\u00f3n&#8221; de las autoridades argentinas de expropiar las acciones de Repsol en la petrolera YPF y pidi\u00f3 a la Uni\u00f3n Europea que trate la situaci\u00f3n esta semana.<\/p>\n","protected":false},"author":1,"featured_media":380543,"comment_status":"open","ping_status":"open","sticky":false,"template":"","format":"standard","meta":{"footnotes":""},"categories":[23,24],"tags":[43,85,2966,444,2967,476],"class_list":["post-380542","post","type-post","status-publish","format-standard","has-post-thumbnail","hentry","category-latinoamerica","category-mundo","tag-argentina","tag-contra","tag-cuntundentes","tag-espana","tag-medids","tag-repsol"],"_links":{"self":[{"href":"https:\/\/diarioelpopular.com\/index.php\/wp-json\/wp\/v2\/posts\/380542","targetHints":{"allow":["GET"]}}],"collection":[{"href":"https:\/\/diarioelpopular.com\/index.php\/wp-json\/wp\/v2\/posts"}],"about":[{"href":"https:\/\/diarioelpopular.com\/index.php\/wp-json\/wp\/v2\/types\/post"}],"author":[{"embeddable":true,"href":"https:\/\/diarioelpopular.com\/index.php\/wp-json\/wp\/v2\/users\/1"}],"replies":[{"embeddable":true,"href":"https:\/\/diarioelpopular.com\/index.php\/wp-json\/wp\/v2\/comments?post=380542"}],"version-history":[{"count":0,"href":"https:\/\/diarioelpopular.com\/index.php\/wp-json\/wp\/v2\/posts\/380542\/revisions"}],"wp:featuredmedia":[{"embeddable":true,"href":"https:\/\/diarioelpopular.com\/index.php\/wp-json\/"}],"wp:attachment":[{"href":"https:\/\/diarioelpopular.com\/index.php\/wp-json\/wp\/v2\/media?parent=380542"}],"wp:term":[{"taxonomy":"category","embeddable":true,"href":"https:\/\/diarioelpopular.com\/index.php\/wp-json\/wp\/v2\/categories?post=380542"},{"taxonomy":"post_tag","embeddable":true,"href":"https:\/\/diarioelpopular.com\/index.php\/wp-json\/wp\/v2\/tags?post=380542"}],"curies":[{"name":"wp","href":"https:\/\/api.w.org\/{rel}","templated":true}]}}