{"id":380882,"date":"2012-04-17T23:57:06","date_gmt":"2012-04-18T03:57:06","guid":{"rendered":"http:\/\/diarioelpopular.com\/?p=380882"},"modified":"2012-04-17T23:57:06","modified_gmt":"2012-04-18T03:57:06","slug":"vargas-llosa-se-muestra-a-favor-de-la-legalizacion-progresiva-de-las-drogas","status":"publish","type":"post","link":"https:\/\/diarioelpopular.com\/index.php\/2012\/04\/17\/vargas-llosa-se-muestra-a-favor-de-la-legalizacion-progresiva-de-las-drogas\/","title":{"rendered":"Vargas Llosa se muestra a favor de la legalizaci\u00f3n progresiva de las drogas"},"content":{"rendered":"<div id=\"attachment_380883\" style=\"width: 715px\" class=\"wp-caption aligncenter\"><a href=\"https:\/\/diarioelpopular.com\/wp-content\/uploads\/2012\/04\/web.varga_.jpg\"><img loading=\"lazy\" decoding=\"async\" aria-describedby=\"caption-attachment-380883\" class=\"size-full wp-image-380883\" title=\"web.varga\" src=\"https:\/\/diarioelpopular.com\/wp-content\/uploads\/2012\/04\/web.varga_.jpg\" alt=\"\" width=\"705\" height=\"420\" \/><\/a><p id=\"caption-attachment-380883\" class=\"wp-caption-text\">MADRID.- El escritor Mario Vargas Llosa considera que &quot;es muy peligrosa&quot; la devaluaci\u00f3n que padece la pol\u00edtica hoy d\u00eda, y cree que el que se asocie con &quot;la desverg\u00fcenza, la piller\u00eda y la mediocridad&quot; es &quot;un suicidio lento para la democracia&quot;, ha dicho. El Premio Nobel se encuentra en Madrid para presentar su nuevo libro, &quot;La civilizaci\u00f3n del espect\u00e1culo&quot;.<\/p><\/div>\n<p>Ana Mendoza y Mercedes Bermejo<\/p>\n<p><strong><em>Madrid.-<\/em><\/strong> Mario\u00a0Vargas\u00a0Llosa\u00a0se mostr\u00f3 este partidario de que los pa\u00edses latinoamericanos avancen en pol\u00edticas que propicien la legalizaci\u00f3n progresiva de las drogas a fin de acabar con el &#8220;monstruo&#8221; del narcotr\u00e1fico en la regi\u00f3n.<\/p>\n<p>El premio nobel de literatura, que present\u00f3 en Madrid su \u00faltimo ensayo, &#8220;La civilizaci\u00f3n del espect\u00e1culo&#8221;, en el que reflexiona sobre la banalizaci\u00f3n de la cultura, el periodismo y la pol\u00edtica, se pronunci\u00f3 en una entrevista con Efe sobre cuestiones que iban desde la expropiaci\u00f3n de la petrolera YPF, controlada por la espa\u00f1ola Repsol, al narcotr\u00e1fico que amenaza a la regi\u00f3n.<\/p>\n<p>Lo fundamental para el escritor peruano es acabar con la criminalidad vinculada al narcotr\u00e1fico, que, a su juicio, crece de una &#8220;manera cancerosa&#8221; y puede destruir esas &#8220;democracias fr\u00e1giles&#8221; de los pa\u00edses latinoamericanos.<\/p>\n<p>A su juicio, el narcotr\u00e1fico es una &#8220;industria muy poderosa econ\u00f3micamente&#8221; y que &#8220;carece de escr\u00fapulos&#8221;. &#8220;El narcotr\u00e1fico puede pagar mejores salarios que el Estado&#8221;, puede comprar polic\u00edas, periodistas y ministros.<\/p>\n<p>El narcotr\u00e1fico &#8220;es un &#8216;monstruo&#8217; que est\u00e1 all\u00ed y que hay que enfrentar con racionalidad&#8221;, dijo el novelista, quien explic\u00f3 que las pol\u00edticas &#8220;puramente represivas&#8221; no han tenido \u00e9xito, ya que se gastan &#8220;sumas astron\u00f3micas&#8221; para combatirlo y el resultado es un aumento del consumo, la producci\u00f3n y el comercio de las drogas y del poder de las mafias.<\/p>\n<p>El ensayista y novelista puso de ejemplo a M\u00e9xico. &#8220;Es para mi un espejo de lo que puede pasar en toda Latinoam\u00e9rica si no se cambia de pol\u00edticas&#8221;, afirm\u00f3 el autor de &#8220;Conversaci\u00f3n en La Catedral&#8221;, quien indic\u00f3 que en la regi\u00f3n ha comenzado a desarrollarse un debate para reemplazar la pol\u00edtica represiva por una preventiva.<\/p>\n<p>El autor de &#8220;La casa verde&#8221; tambi\u00e9n se pronunci\u00f3 sobre la expropiaci\u00f3n de la petrolera YPF, controlada por la espa\u00f1ola Repsol, y dijo que se trata de &#8220;una medida demag\u00f3gica que est\u00e1 inspirada b\u00e1sicamente en la crisis profunda que vive Argentina&#8221;, debido a las &#8220;pol\u00edticas populistas&#8221; que se adoptan en este pa\u00eds.<\/p>\n<p>Esta decisi\u00f3n &#8220;no va a traer beneficios a Argentina sino perjuicios&#8221;.<br \/>\nEl premio nobel se\u00f1al\u00f3 que el modelo de la presidenta de Argentina, Cristina Fern\u00e1ndez, &#8220;parece ser el mismo que el del presidente de Venezuela, Hugo Ch\u00e1vez&#8221;.<\/p>\n<p>La mayor\u00eda de los pol\u00edticos no salen bien parados en el sombr\u00edo panorama que dibuja\u00a0Vargas\u00a0Llosa, que s\u00ed destaca la labor de personalidades como Nelson Mandela.<br \/>\nEl escritor considera &#8220;muy peligrosa&#8221; la devaluaci\u00f3n que padece la pol\u00edtica hoy d\u00eda, y cree que el que se la asocie con &#8220;la desverg\u00fcenza, la piller\u00eda y la mediocridad&#8221; es &#8220;un suicidio lento para la democracia&#8221; .<\/p>\n<p>En su ensayo, valiente y l\u00facido, lamenta que hoy se le d\u00e9 m\u00e1s importancia a la moda, a la gastronom\u00eda o al f\u00fatbol que a la buena literatura o a la buena m\u00fasica.<\/p>\n<p>&#8220;No creo que meter goles sea mucho m\u00e1s importante que pensar con claridad, que escribir una gran obra de teatro o un hermoso poema. No lo es, pero s\u00ed lo parece&#8221;, afirm\u00f3\u00a0Vargas\u00a0Llosa, que es un forofo del f\u00fatbol y aplaudi\u00f3 &#8220;como un loco&#8221;al Real Madrid en su enfrentamiento con el Bayern de M\u00fanich.<\/p>\n<p>Este libro, que Alfaguara acaba de publicar en Espa\u00f1a y que en las pr\u00f3ximas semanas llegar\u00e1 a Hispanoam\u00e9rica, es &#8220;muy personal, una opini\u00f3n que no tiene por qu\u00e9 ser compartida y, de hecho, hay materia para una controversia, un debate, una reflexi\u00f3n&#8221;, reconoc\u00eda\u00a0Vargas\u00a0Llosa, muy relajado pese a que acaba de llegar del Per\u00fa y cada vez lleva &#8220;peor lo del &#8216;jet lag'&#8221;.<\/p>\n<p>En su an\u00e1lisis de detiene en el campo de las bellas artes y asegura que la situaci\u00f3n &#8220;es mucho m\u00e1s grave que en otros&#8221;, porque en el de la literatura &#8220;todav\u00eda hay ciertos criterios que permiten establecer jerarqu\u00edas&#8221;.<\/p>\n<p>&#8220;Eso es pr\u00e1cticamente imposible en las bellas artes, y ello abre la puerta al fraude, al embauque y a la confusi\u00f3n&#8221;, a\u00f1ad\u00eda.<\/p>\n<p>&#8220;\u00bfLa vieja cultura merece sobrevivir? Es una decisi\u00f3n que hay que tomar y en funci\u00f3n de ella se la puede revitalizar o simplemente enterrarla&#8221;.<\/p>\n<p>Vargas\u00a0Llosa\u00a0se ocupa en el libro del desapego a la ley, &#8220;otra consecuencia de la civilizaci\u00f3n del espect\u00e1culo&#8221;, y asegura que en ning\u00fan caso se ve mejor que en la pirater\u00eda de libros, discos, v\u00eddeos.<\/p>\n<p>Como cuenta en el libro, la editorial Alfaguara calcula que, por cada novela de este escritor que se vende legalmente en Per\u00fa, hay seis o siete piratas. Y una de las ediciones piratas de &#8220;La fiesta del Chivo&#8221; se imprimi\u00f3 &#8220;\u00a1en la imprenta del Ej\u00e9rcito!&#8221;.<\/p>\n<p>Y, en cuanto al cine, el escritor lamenta que ya no haya grandes creadores como &#8220;Visconti, Bergman, Bu\u00f1uel o Berlanga&#8221; y que se haya convertido en icono a Woody Allen, cuyas primeras pel\u00edculas le gustaron &#8220;mucho, pero despu\u00e9s se volvi\u00f3 un imitador de s\u00ed mismo&#8221;.<\/p>\n","protected":false},"excerpt":{"rendered":"<p>Mario Vargas Llosa se mostr\u00f3 este partidario de que los pa\u00edses latinoamericanos avancen en pol\u00edticas que propicien la legalizaci\u00f3n progresiva de las drogas a fin de acabar con el &#8220;monstruo&#8221; del narcotr\u00e1fico en la regi\u00f3n.<\/p>\n","protected":false},"author":1,"featured_media":380883,"comment_status":"open","ping_status":"open","sticky":false,"template":"","format":"standard","meta":{"footnotes":""},"categories":[23,24],"tags":[72,963,2974,2915],"class_list":["post-380882","post","type-post","status-publish","format-standard","has-post-thumbnail","hentry","category-latinoamerica","category-mundo","tag-drogas","tag-legalizacion","tag-llosa","tag-vargas"],"_links":{"self":[{"href":"https:\/\/diarioelpopular.com\/index.php\/wp-json\/wp\/v2\/posts\/380882","targetHints":{"allow":["GET"]}}],"collection":[{"href":"https:\/\/diarioelpopular.com\/index.php\/wp-json\/wp\/v2\/posts"}],"about":[{"href":"https:\/\/diarioelpopular.com\/index.php\/wp-json\/wp\/v2\/types\/post"}],"author":[{"embeddable":true,"href":"https:\/\/diarioelpopular.com\/index.php\/wp-json\/wp\/v2\/users\/1"}],"replies":[{"embeddable":true,"href":"https:\/\/diarioelpopular.com\/index.php\/wp-json\/wp\/v2\/comments?post=380882"}],"version-history":[{"count":0,"href":"https:\/\/diarioelpopular.com\/index.php\/wp-json\/wp\/v2\/posts\/380882\/revisions"}],"wp:featuredmedia":[{"embeddable":true,"href":"https:\/\/diarioelpopular.com\/index.php\/wp-json\/"}],"wp:attachment":[{"href":"https:\/\/diarioelpopular.com\/index.php\/wp-json\/wp\/v2\/media?parent=380882"}],"wp:term":[{"taxonomy":"category","embeddable":true,"href":"https:\/\/diarioelpopular.com\/index.php\/wp-json\/wp\/v2\/categories?post=380882"},{"taxonomy":"post_tag","embeddable":true,"href":"https:\/\/diarioelpopular.com\/index.php\/wp-json\/wp\/v2\/tags?post=380882"}],"curies":[{"name":"wp","href":"https:\/\/api.w.org\/{rel}","templated":true}]}}