{"id":380885,"date":"2012-04-17T23:56:29","date_gmt":"2012-04-18T03:56:29","guid":{"rendered":"http:\/\/diarioelpopular.com\/?p=380885"},"modified":"2012-04-17T23:56:29","modified_gmt":"2012-04-18T03:56:29","slug":"alcalde-de-buenos-aires-dice-expropiacion-ypf-va-contra-intereses-argentinos","status":"publish","type":"post","link":"https:\/\/diarioelpopular.com\/index.php\/2012\/04\/17\/alcalde-de-buenos-aires-dice-expropiacion-ypf-va-contra-intereses-argentinos\/","title":{"rendered":"Alcalde de Buenos Aires dice expropiaci\u00f3n YPF va contra intereses argentinos"},"content":{"rendered":"<div id=\"attachment_380886\" style=\"width: 710px\" class=\"wp-caption aligncenter\"><a href=\"https:\/\/diarioelpopular.com\/wp-content\/uploads\/2012\/04\/web.arg_.macri_.jpg\"><img loading=\"lazy\" decoding=\"async\" aria-describedby=\"caption-attachment-380886\" class=\"size-full wp-image-380886\" title=\"web.arg.macri\" src=\"https:\/\/diarioelpopular.com\/wp-content\/uploads\/2012\/04\/web.arg_.macri_.jpg\" alt=\"\" width=\"700\" height=\"420\" \/><\/a><p id=\"caption-attachment-380886\" class=\"wp-caption-text\">BUENOS AIRES (ARGENTINA). - El alcalde de Buenos Aires, el conservador Mauricio Macri, habla este martes 17 de abril, en una rueda de prensa en la sede del gobierno de Buenos Aires (Argentina). Macri ha considerado que la decisi\u00f3n del Gobierno argentino de expropiar el 51 % de la petrolera YPF a la espa\u00f1ola Repsol va &quot;contra los intereses de los argentinos&quot; y no resuelve el grave problema energ\u00e9tico del pa\u00eds.<\/p><\/div>\n<p><strong><em>Buenos Aires.-<\/em><\/strong> El alcalde de Buenos Aires, el conservador Mauricio\u00a0Macri, ha considerado este martes que la decisi\u00f3n del Gobierno argentino de expropiar el 51% de la petrolera YPF a la espa\u00f1ola Repsol va &#8220;contra los intereses de los argentinos&#8221; y no resuelve el grave problema energ\u00e9tico del pa\u00eds.<\/p>\n<p>&#8220;Los argentinos van a estar peor dentro de un a\u00f1o que hoy&#8221;, afirm\u00f3 el jefe del Gobierno porte\u00f1o en una rueda de prensa convocada para anunciar que su grupo parlamentario, Propuesta Republicana (PRO), votar\u00e1 contra el proyecto de ley del oficialismo para expropiar el 51% de las acciones de Repsol en YPF.<\/p>\n<p>Macri\u00a0responsabiliz\u00f3 del problema energ\u00e9tico que sufre\u00a0Argentina\u00a0a los gobiernos de N\u00e9stor Kirchner (2003-2007) y de su esposa y sucesora, Cristina Fern\u00e1ndez.<\/p>\n<p>&#8220;Los mismos que en 1992 decidieron privatizar YPF, hoy deciden estatizarla, cuando el centro del debate deber\u00eda estar en analizar por qu\u00e9 fue un fracaso la pol\u00edtica energ\u00e9tica&#8221;, insisti\u00f3.<\/p>\n<p>Su decisi\u00f3n, dijo, compromete a los argentinos &#8220;a pagar miles de millones de pesos y, lo que es mucho peor, va a quedar nuestra palabra, una vez m\u00e1s, devaluada&#8221;.<\/p>\n<p>&#8220;Esta discusi\u00f3n, si YPF tiene que ser privada o p\u00fablica,\u00a0argentina\u00a0o extranjera, no resuelve nuestro problema, que es grav\u00edsimo&#8221;, admiti\u00f3.<\/p>\n<p>El alcalde apost\u00f3 por &#8220;una comuni\u00f3n de trabajo de argentinos y extranjeros, construyendo confianzas, que los argentinos seamos cre\u00edbles frente al mundo, no prepotentes&#8221;.<\/p>\n<p>&#8220;Ese es el camino, el de reglas claras, de hablar claro, de trabajar, no con los amigos, con todos los que trabajen&#8221;, concluy\u00f3.<\/p>\n<p>Las declaraciones de\u00a0Macri\u00a0coinciden con el inicio de la tramitaci\u00f3n parlamentaria del proyecto de ley de expropiaci\u00f3n de YPF, que fue intervenida el lunes y est\u00e1 administrada por un equipo encabezado por el ministro de Planificaci\u00f3n, Julio de Vido, y el viceministro de Econom\u00eda, Axel Kicillof.<\/p>\n<p><strong><em>Espa\u00f1a advierte a Argentina de las consecuencias de su decisi\u00f3n sobre YPF<\/em><\/strong><\/p>\n<p>Madrid.- El Gobierno espa\u00f1ol advirti\u00f3 este martes a las autoridades argentinas de las graves consecuencias que puede acarrear al pa\u00eds suramericano su decisi\u00f3n de expropiar las acciones de Repsol en YPF, medida que la petrolera espa\u00f1ola calific\u00f3 de &#8220;ilegitima e injustificable&#8221; y anunci\u00f3 que pedir\u00e1 compensaciones.<\/p>\n<p>El malestar espa\u00f1ol por el anuncio realizado el lunes por la presidenta de Argentina, Cristina Fern\u00e1ndez, fue expresado por varios miembros del Gobierno, incluido el presidente Mariano Rajoy desde M\u00e9xico, donde se encuentra en su primera visita oficial a un pa\u00eds de Latinoam\u00e9rica.<\/p>\n<p>En Madrid, su ministro de Asuntos Exteriores, Jos\u00e9 Manuel Garc\u00eda-Margallo, convoc\u00f3 por segunda vez al embajador argentino, Carlos Bettini, para comunicarle personalmente el disgusto de las autoridades espa\u00f1olas y advertir asimismo sobre las consecuencias negativas que puede tener la medida para la econom\u00eda de ese pa\u00eds.<\/p>\n<p>El jefe de la diplomacia espa\u00f1ola resumi\u00f3 su opini\u00f3n con la frase de que &#8220;Argentina se ha dado un tiro en el pie&#8221; con su decisi\u00f3n de intervenir YPF ya que la medida puede suponer, entre otras consecuencias, que el pa\u00eds vea cortado &#8220;el acceso al cr\u00e9dito internacional&#8221;.<\/p>\n<p>El ministro de Industria, Jos\u00e9 Manuel Soria, que considera un gesto &#8220;hostil&#8221; hacia Espa\u00f1a la expropiaci\u00f3n de las acciones de Repsol, dijo que el Ejecutivo de Madrid prepara medidas de respuesta en el \u00e1mbito &#8220;diplom\u00e1tico, comercial, industrial y energ\u00e9tico&#8221;.<\/p>\n<p>Las medidas, que no han sido concretadas, pueden ser aprobadas el pr\u00f3ximo viernes en la reuni\u00f3n semanal del Consejo de Ministros, seg\u00fan Garc\u00eda Margallo.<\/p>\n<p>El ministro de Justicia, Alberto Ruiz-Gallard\u00f3n, tambi\u00e9n avis\u00f3 a Buenos Aires de que su decisi\u00f3n supondr\u00e1 una &#8220;modificaci\u00f3n&#8221; en la consideraci\u00f3n y el &#8220;trato preferente&#8221; de Espa\u00f1a hacia Argentina.<\/p>\n<p>Adem\u00e1s de la ofensiva diplom\u00e1tica del Gobierno espa\u00f1ol, que logr\u00f3 el respaldo de las autoridades de las instituciones de la Uni\u00f3n Europea y de pa\u00edses como M\u00e9xico, que preside el G20, la petrolera espa\u00f1ola anunci\u00f3 que reclamar\u00e1 compensaciones.<\/p>\n<p>Su presidente, Antonio Brufau, acus\u00f3 a las autoridades argentinas de haber planificado una campa\u00f1a de &#8220;hostigamiento, coacciones y filtraciones interesadas&#8221; para provocar el derrumbe del precio de YPF y facilitar as\u00ed su expropiaci\u00f3n a precio de saldo.<\/p>\n<p>En una multitudinaria conferencia de prensa en Madrid, Brufau calific\u00f3 los planes del Gobierno de Cristina Fern\u00e1ndez de nacionalizar la filial de Repsol de acto &#8220;absolutamente ileg\u00edtimo e injustificable&#8221; y los relacion\u00f3 con el descubrimiento del yacimiento &#8220;Vaca Muerta&#8221;, que calific\u00f3 de &#8220;muy goloso&#8221;.<\/p>\n<p>El presidente de la petrolera anunci\u00f3 que recurrir\u00e1 al arbitraje internacional y exigir\u00e1 compensaci\u00f3n por las acciones expropiadas, al menos por la misma cantidad que la que le corresponder\u00eda a los accionistas de acuerdo con la ley y que la compa\u00f1\u00eda cifra en 46,55 d\u00f3lares por acci\u00f3n, lo que supone valorar YPF en 18.300 millones de d\u00f3lares.<\/p>\n<p>Brufau concret\u00f3 que su compa\u00f1\u00eda reclamar\u00e1 a Argentina unos 10.500 millones de d\u00f3lares por su participaci\u00f3n del 57,4 % en YPF.<\/p>\n<p>Argentina es el tercer pa\u00eds de Latinoam\u00e9rica, por detr\u00e1s solo de M\u00e9xico y Brasil, al que Espa\u00f1a compra m\u00e1s bienes y servicios, unas importaciones que en 2011 supusieron el doble que las exportaciones.<\/p>\n<p>Adem\u00e1s, Espa\u00f1a es uno de los principales inversores extranjeros sobre todo en los sectores de hidrocarburos y servicios p\u00fablicos, seg\u00fan datos de un informe de la secretar\u00eda de Estado de Comercio.<\/p>\n<p>Los efectos de la decisi\u00f3n del Gobierno de Cristina Fern\u00e1ndez se hicieron notar hoy en la Bolsa espa\u00f1ola en la que las acciones de Repsol encabezaron las p\u00e9rdidas del principal selectivo, al caer el 6,06 por ciento.<\/p>\n<p>En Puerto Vallarta (M\u00e9xico), donde hoy participa en un foro econ\u00f3mico internacional el presidente del Gobierno espa\u00f1ol, Mariano Rajoy, consider\u00f3 que la decisi\u00f3n argentina de expropiar YPF se ha tomado &#8220;sin justificaci\u00f3n alguna y sin raz\u00f3n econ\u00f3mica&#8221;.<\/p>\n<p>Rajoy asegur\u00f3 que Espa\u00f1a defender\u00e1 con perseverancia los &#8220;intereses leg\u00edtimos&#8221; de Repsol.<\/p>\n","protected":false},"excerpt":{"rendered":"<p>El alcalde de Buenos Aires, el conservador Mauricio Macri, ha considerado este martes que la decisi\u00f3n del Gobierno argentino de expropiar el 51% de la petrolera YPF a la espa\u00f1ola Repsol va &#8220;contra los intereses de los argentinos&#8221; y no resuelve el grave problema energ\u00e9tico del pa\u00eds.<\/p>\n","protected":false},"author":1,"featured_media":380886,"comment_status":"open","ping_status":"open","sticky":false,"template":"","format":"standard","meta":{"footnotes":""},"categories":[23,24],"tags":[43,444,2975],"class_list":["post-380885","post","type-post","status-publish","format-standard","has-post-thumbnail","hentry","category-latinoamerica","category-mundo","tag-argentina","tag-espana","tag-repsol-macri"],"_links":{"self":[{"href":"https:\/\/diarioelpopular.com\/index.php\/wp-json\/wp\/v2\/posts\/380885","targetHints":{"allow":["GET"]}}],"collection":[{"href":"https:\/\/diarioelpopular.com\/index.php\/wp-json\/wp\/v2\/posts"}],"about":[{"href":"https:\/\/diarioelpopular.com\/index.php\/wp-json\/wp\/v2\/types\/post"}],"author":[{"embeddable":true,"href":"https:\/\/diarioelpopular.com\/index.php\/wp-json\/wp\/v2\/users\/1"}],"replies":[{"embeddable":true,"href":"https:\/\/diarioelpopular.com\/index.php\/wp-json\/wp\/v2\/comments?post=380885"}],"version-history":[{"count":0,"href":"https:\/\/diarioelpopular.com\/index.php\/wp-json\/wp\/v2\/posts\/380885\/revisions"}],"wp:featuredmedia":[{"embeddable":true,"href":"https:\/\/diarioelpopular.com\/index.php\/wp-json\/"}],"wp:attachment":[{"href":"https:\/\/diarioelpopular.com\/index.php\/wp-json\/wp\/v2\/media?parent=380885"}],"wp:term":[{"taxonomy":"category","embeddable":true,"href":"https:\/\/diarioelpopular.com\/index.php\/wp-json\/wp\/v2\/categories?post=380885"},{"taxonomy":"post_tag","embeddable":true,"href":"https:\/\/diarioelpopular.com\/index.php\/wp-json\/wp\/v2\/tags?post=380885"}],"curies":[{"name":"wp","href":"https:\/\/api.w.org\/{rel}","templated":true}]}}