{"id":381131,"date":"2012-04-18T22:51:19","date_gmt":"2012-04-19T02:51:19","guid":{"rendered":"http:\/\/diarioelpopular.com\/?p=381131"},"modified":"2012-04-18T22:51:19","modified_gmt":"2012-04-19T02:51:19","slug":"ee-uu-se-enfrenta-a-nuevo-escandalo-por-fotografias-con-cadaveres-afganos","status":"publish","type":"post","link":"https:\/\/diarioelpopular.com\/index.php\/2012\/04\/18\/ee-uu-se-enfrenta-a-nuevo-escandalo-por-fotografias-con-cadaveres-afganos\/","title":{"rendered":"EE.UU. se enfrenta a nuevo esc\u00e1ndalo por fotograf\u00edas con cad\u00e1veres afganos"},"content":{"rendered":"<div id=\"attachment_381132\" style=\"width: 715px\" class=\"wp-caption aligncenter\"><a href=\"https:\/\/diarioelpopular.com\/wp-content\/uploads\/2012\/04\/web.afgan_.jpg\"><img loading=\"lazy\" decoding=\"async\" aria-describedby=\"caption-attachment-381132\" class=\"size-full wp-image-381132\" title=\"web.afgan\" src=\"https:\/\/diarioelpopular.com\/wp-content\/uploads\/2012\/04\/web.afgan_.jpg\" alt=\"\" width=\"705\" height=\"420\" \/><\/a><p id=\"caption-attachment-381132\" class=\"wp-caption-text\">Los soldados estadounidenses posan sonrientes, junto con miembros de las fuerzas de seguridad afganas, sosteniendo las piernas mutiladas del asaltante y con el dedo pulgar hacia arriba en se\u00f1al de triunfo.<\/p><\/div>\n<p><strong><em>Washington.- EE.UU.<\/em><\/strong>&#8211; se enfrenta a un nuevo esc\u00e1ndalo en Afganist\u00e1n tras la publicaci\u00f3n de unas fotograf\u00edas de 2010 en las que varios militares estadounidenses posan con cad\u00e1veres mutilados de insurgentes afganos, una revelaci\u00f3n que mina a\u00fan m\u00e1s su imagen en un momento clave de la transici\u00f3n en aquel pa\u00eds.<\/p>\n<p>&#8220;Esta conducta viola totalmente nuestras normas y nuestros valores&#8221;, afirm\u00f3 el secretario estadounidense de Defensa, Leon Panetta, en una rueda de prensa en Bruselas, donde particip\u00f3 en una reuni\u00f3n de ministros de Exteriores y Defensa de la OTAN, previa a la cumbre que se celebrar\u00e1 en mayo en Chicago (EE.UU.)<\/p>\n<p>Panetta, que conden\u00f3 la conducta &#8220;inaceptable&#8221; de los soldados y anunci\u00f3 una investigaci\u00f3n del suceso, se\u00f1al\u00f3, no obstante, que en Afganist\u00e1n hay &#8220;una guerra, y la guerra es fea y violenta&#8221;, por lo que los j\u00f3venes pueden &#8220;tomar decisiones insensatas&#8221;.<\/p>\n<p>&#8220;No intento excusar esa conducta&#8221;, recalc\u00f3, pero explic\u00f3 que tampoco quiere que las im\u00e1genes afecten a la relaci\u00f3n entre EE.UU. y Afganist\u00e1n.<\/p>\n<p>Las fotograf\u00edas fueron tomadas en Qalat, la capital de la provincia afgana de Zabul en febrero de 2010, despu\u00e9s de que soldados de la 82 Divisi\u00f3n Aerotransportada llegaran a una comisar\u00eda de polic\u00eda atacada por un supuesto insurgente suicida.<\/p>\n<p>En una de las dos fotos publicadas por el diario Los Angeles Times (LAT), los soldados estadounidenses posan sonrientes, junto con miembros de las fuerzas de seguridad afganas, sosteniendo las piernas mutiladas del asaltante y con el dedo pulgar hacia arriba en se\u00f1al de triunfo.<\/p>\n<p>El diario indica que un militar de la misma unidad entreg\u00f3 18 fotograf\u00edas, porque quer\u00eda denunciar &#8220;el riesgo para la seguridad de una crisis de liderazgo y disciplina&#8221; en sus filas, explic\u00f3.<\/p>\n<p>En otra de las im\u00e1genes, los soldados posan en la morgue de Qalat con un cad\u00e1ver que la polic\u00eda afgana les indic\u00f3 que pertenec\u00eda a un insurgente que muri\u00f3 accidentalmente, junto a otros dos, cuando preparaban una bomba en la carretera.<\/p>\n<p>Seg\u00fan el soldado que entreg\u00f3 las im\u00e1genes, quien pidi\u00f3 que se protegiera su identidad, casi todos los militares que aparecen en las fotograf\u00edas ten\u00edan amigos muertos o heridos por artefactos caseros.<\/p>\n<p>&#8220;Se sent\u00edan frustrados, enfadados, sus amigos hab\u00edan sido destrozados por explosiones&#8221;, dijo, &#8220;era una especie de celebraci\u00f3n&#8221;.<\/p>\n<p>&#8220;La conducta mostrada en esas im\u00e1genes es reprobable y no muestra de ninguna manera los altos est\u00e1ndares de las Fuerzas Armadas estadounidenses&#8221;, indic\u00f3 el portavoz de la Casa Blanca, Jay Carney, al tiempo que mostr\u00f3 su &#8220;decepci\u00f3n&#8221; con el diario por la publicaci\u00f3n de las fotos dos a\u00f1os despu\u00e9s.<\/p>\n<p>El Pent\u00e1gono pidi\u00f3 al diario no publicar las fotograf\u00edas porque &#8220;este material puede ser utilizado por el enemigo para incitar a la violencia contra las tropas afganas y los soldados estadounidenses destacados en Afganist\u00e1n&#8221;, explic\u00f3 su portavoz, George Little.<\/p>\n<p>El editor del diario, Davan Maharaj, explic\u00f3 por su parte que, &#8220;despu\u00e9s de una consideraci\u00f3n cuidadosa&#8221;, Los Angeles Times decidi\u00f3 &#8220;que la publicaci\u00f3n de una peque\u00f1a pero representativa selecci\u00f3n de las fotograf\u00edas cumple&#8221; con su &#8220;obligaci\u00f3n de informar imparcialmente sobre todos los aspectos de la misi\u00f3n en Afganist\u00e1n&#8221;.<\/p>\n<p>El temor de las autoridades es que puedan repetirse protestas como las que causaron al menos 30 muertes despu\u00e9s de que en febrero fueran quemados varios ejemplares del Cor\u00e1n supuestamente por error en una base militar en Afganist\u00e1n.<\/p>\n<p>En previsi\u00f3n de ello, &#8220;las fuerzas de Estados Unidos en el pa\u00eds han adoptado medidas de seguridad para protegerse&#8221;, agreg\u00f3 Little.<\/p>\n<p>Las im\u00e1genes ha hecho recordar sucesos recientes como la matanza de 17 civiles afganos en marzo por la que est\u00e1 acusado un soldado estadounidense, que han tensado las relaciones en un momento delicado para la misi\u00f3n en Afganist\u00e1n, que tocar\u00e1 su fin en 2014.<\/p>\n<p>Tambi\u00e9n ha evocado otros episodios como el v\u00eddeo de 39 segundos difundido en enero que mostraba soldados estadounidense orinando sobre los cad\u00e1veres de varios afganos, presuntamente insurgentes, entre risas. Uno de ellos llega a decir: &#8220;ten un buen d\u00eda, amigo&#8221;.<\/p>\n<p>El m\u00e1ximo responsable de la misi\u00f3n de la OTAN en Afganist\u00e1n (ISAF), el general John Allen, tambi\u00e9n expres\u00f3 su &#8220;en\u00e9rgica condena&#8221; por la actitud de los soldados y record\u00f3 que la ISAF tiene una &#8220;pol\u00edtica estricta&#8221; en cuanto al tratamiento humano del enemigo.<\/p>\n<p>&#8220;Posar con cad\u00e1veres para fotograf\u00edas fuera de los prop\u00f3sitos de aprobaci\u00f3n oficial es una violaci\u00f3n de las normas&#8221;, explic\u00f3 a Los \u00c1ngeles Times, George Wright, portavoz del Ej\u00e9rcito, quien se\u00f1al\u00f3 que tras una investigaci\u00f3n se podr\u00edan &#8220;tomar acciones&#8221; contra los implicados.<\/p>\n","protected":false},"excerpt":{"rendered":"<p>EE.UU. se enfrenta a un nuevo esc\u00e1ndalo en Afganist\u00e1n tras la publicaci\u00f3n de unas fotograf\u00edas de 2010 en las que varios militares estadounidenses posan con cad\u00e1veres mutilados de insurgentes afganos, una revelaci\u00f3n que mina a\u00fan m\u00e1s su imagen en un momento clave de la transici\u00f3n en aquel pa\u00eds.<\/p>\n","protected":false},"author":1,"featured_media":381132,"comment_status":"open","ping_status":"open","sticky":false,"template":"","format":"standard","meta":{"footnotes":""},"categories":[24],"tags":[2261,709,2998,2999],"class_list":["post-381131","post","type-post","status-publish","format-standard","has-post-thumbnail","hentry","category-mundo","tag-abusos","tag-afganistan","tag-estadounidenses","tag-soldados"],"_links":{"self":[{"href":"https:\/\/diarioelpopular.com\/index.php\/wp-json\/wp\/v2\/posts\/381131","targetHints":{"allow":["GET"]}}],"collection":[{"href":"https:\/\/diarioelpopular.com\/index.php\/wp-json\/wp\/v2\/posts"}],"about":[{"href":"https:\/\/diarioelpopular.com\/index.php\/wp-json\/wp\/v2\/types\/post"}],"author":[{"embeddable":true,"href":"https:\/\/diarioelpopular.com\/index.php\/wp-json\/wp\/v2\/users\/1"}],"replies":[{"embeddable":true,"href":"https:\/\/diarioelpopular.com\/index.php\/wp-json\/wp\/v2\/comments?post=381131"}],"version-history":[{"count":0,"href":"https:\/\/diarioelpopular.com\/index.php\/wp-json\/wp\/v2\/posts\/381131\/revisions"}],"wp:featuredmedia":[{"embeddable":true,"href":"https:\/\/diarioelpopular.com\/index.php\/wp-json\/"}],"wp:attachment":[{"href":"https:\/\/diarioelpopular.com\/index.php\/wp-json\/wp\/v2\/media?parent=381131"}],"wp:term":[{"taxonomy":"category","embeddable":true,"href":"https:\/\/diarioelpopular.com\/index.php\/wp-json\/wp\/v2\/categories?post=381131"},{"taxonomy":"post_tag","embeddable":true,"href":"https:\/\/diarioelpopular.com\/index.php\/wp-json\/wp\/v2\/tags?post=381131"}],"curies":[{"name":"wp","href":"https:\/\/api.w.org\/{rel}","templated":true}]}}