{"id":381316,"date":"2012-04-20T00:40:16","date_gmt":"2012-04-20T04:40:16","guid":{"rendered":"http:\/\/diarioelpopular.com\/?p=381316"},"modified":"2012-04-20T00:40:16","modified_gmt":"2012-04-20T04:40:16","slug":"zoellick-considera-un-error-la-expropiacion-de-ypf-por-argentina","status":"publish","type":"post","link":"https:\/\/diarioelpopular.com\/index.php\/2012\/04\/20\/zoellick-considera-un-error-la-expropiacion-de-ypf-por-argentina\/","title":{"rendered":"Zoellick considera un &#8220;error&#8221; la expropiaci\u00f3n de YPF por Argentina"},"content":{"rendered":"<div id=\"attachment_381317\" style=\"width: 710px\" class=\"wp-caption aligncenter\"><a href=\"https:\/\/diarioelpopular.com\/wp-content\/uploads\/2012\/04\/web.bm_.jpg\"><img loading=\"lazy\" decoding=\"async\" aria-describedby=\"caption-attachment-381317\" class=\"size-full wp-image-381317\" title=\"web.bm\" src=\"https:\/\/diarioelpopular.com\/wp-content\/uploads\/2012\/04\/web.bm_.jpg\" alt=\"\" width=\"700\" height=\"420\" \/><\/a><p id=\"caption-attachment-381317\" class=\"wp-caption-text\">WASHINGTON (ESTADOS UNIDOS).- El presidente el Banco Mundial, Robert Zoellick, comparece ante los medios en la sede del FMI en Washington, Estados Unidos, este jueves 19 de abril de 2012. Robert Zoellick indic\u00f3 en rueda de prensa que la expropiaci\u00f3n de YPF, filial de la petrolera espa\u00f1ola Repsol por parte del Gobierno argentino, es un &quot;error&quot; y algo &quot;que no se debe hacer&quot;.<\/p><\/div>\n<p><strong><em>Washington.-<\/em><\/strong> El presidente el Banco Mundial, Robert Zoellick, afirm\u00f3 este jueves que es un &#8220;error&#8221; la expropiaci\u00f3n de YPF, filial de la petrolera espa\u00f1ola Repsol, anunciada el lunes por el Gobierno argentino, y declar\u00f3 que es algo &#8220;que no se debe hacer&#8221;.<\/p>\n<p>El responsable saliente del BM dijo en una rueda de prensa en Washington que la decisi\u00f3n del Gobierno argentino &#8220;es un error y es un s\u00edntoma que tenemos que vigilar&#8221;.<br \/>\nZoellick rechaz\u00f3 que ante la presi\u00f3n econ\u00f3mica los pa\u00edses &#8220;respondan con populismo y proteccionismo&#8221;, y opin\u00f3 que la nacionalizaci\u00f3n &#8220;es lo que no se debe hacer&#8221;.<\/p>\n<p>El responsable de la entidad multilateral se suma as\u00ed a las cr\u00edticas a la expropiaci\u00f3n del 51 por ciento de las acciones de Repsol en YPF lanzadas por el Fondo Monetario Internacional (FMI), que consider\u00f3 el mi\u00e9rcoles que nacionalizar YPF es algo que afecta al clima de negocios de Argentina.<\/p>\n<p>El consejero del departamento de Investigaci\u00f3n del FMI Thomas Helbling afirm\u00f3 ayer en la presentaci\u00f3n del informe de &#8220;Perspectivas Econ\u00f3micas Globales&#8221; que las intervenciones en las empresas privadas del Gobierno argentino &#8220;empeoran el clima de inversi\u00f3n a\u00fan m\u00e1s, lo hacen impredecible y es perjudicial para inversiones y el crecimiento&#8221;.<\/p>\n","protected":false},"excerpt":{"rendered":"<p>Washington.- El presidente el Banco Mundial, Robert Zoellick, afirm\u00f3 este jueves que es un &#8220;error&#8221; la expropiaci\u00f3n de YPF, filial de la petrolera espa\u00f1ola Repsol,&hellip;<\/p>\n","protected":false},"author":1,"featured_media":381317,"comment_status":"open","ping_status":"open","sticky":false,"template":"","format":"standard","meta":{"footnotes":""},"categories":[23,24],"tags":[43,2924,3009,476],"class_list":["post-381316","post","type-post","status-publish","format-standard","has-post-thumbnail","hentry","category-latinoamerica","category-mundo","tag-argentina","tag-banco","tag-mundial","tag-repsol"],"_links":{"self":[{"href":"https:\/\/diarioelpopular.com\/index.php\/wp-json\/wp\/v2\/posts\/381316","targetHints":{"allow":["GET"]}}],"collection":[{"href":"https:\/\/diarioelpopular.com\/index.php\/wp-json\/wp\/v2\/posts"}],"about":[{"href":"https:\/\/diarioelpopular.com\/index.php\/wp-json\/wp\/v2\/types\/post"}],"author":[{"embeddable":true,"href":"https:\/\/diarioelpopular.com\/index.php\/wp-json\/wp\/v2\/users\/1"}],"replies":[{"embeddable":true,"href":"https:\/\/diarioelpopular.com\/index.php\/wp-json\/wp\/v2\/comments?post=381316"}],"version-history":[{"count":0,"href":"https:\/\/diarioelpopular.com\/index.php\/wp-json\/wp\/v2\/posts\/381316\/revisions"}],"wp:featuredmedia":[{"embeddable":true,"href":"https:\/\/diarioelpopular.com\/index.php\/wp-json\/"}],"wp:attachment":[{"href":"https:\/\/diarioelpopular.com\/index.php\/wp-json\/wp\/v2\/media?parent=381316"}],"wp:term":[{"taxonomy":"category","embeddable":true,"href":"https:\/\/diarioelpopular.com\/index.php\/wp-json\/wp\/v2\/categories?post=381316"},{"taxonomy":"post_tag","embeddable":true,"href":"https:\/\/diarioelpopular.com\/index.php\/wp-json\/wp\/v2\/tags?post=381316"}],"curies":[{"name":"wp","href":"https:\/\/api.w.org\/{rel}","templated":true}]}}