{"id":381319,"date":"2012-04-20T00:39:57","date_gmt":"2012-04-20T04:39:57","guid":{"rendered":"http:\/\/diarioelpopular.com\/?p=381319"},"modified":"2012-04-20T00:39:57","modified_gmt":"2012-04-20T04:39:57","slug":"los-simpsons-un-controvertido-reclamo-para-springfield","status":"publish","type":"post","link":"https:\/\/diarioelpopular.com\/index.php\/2012\/04\/20\/los-simpsons-un-controvertido-reclamo-para-springfield\/","title":{"rendered":"Los Simpsons, un controvertido reclamo para Springfield"},"content":{"rendered":"<div id=\"attachment_381320\" style=\"width: 710px\" class=\"wp-caption aligncenter\"><a href=\"https:\/\/diarioelpopular.com\/wp-content\/uploads\/2012\/04\/web.simpsons.jpg\"><img loading=\"lazy\" decoding=\"async\" aria-describedby=\"caption-attachment-381320\" class=\"size-full wp-image-381320\" title=\"web.simpsons\" src=\"https:\/\/diarioelpopular.com\/wp-content\/uploads\/2012\/04\/web.simpsons.jpg\" alt=\"\" width=\"700\" height=\"420\" \/><\/a><p id=\"caption-attachment-381320\" class=\"wp-caption-text\">SPRINFGIELD.- La directora del Museo de Sprinfield, Debra Gruell, posa junto a una representaci\u00f3n de gran tama\u00f1o de Homer Simpson y su familia sentados en un sof\u00e1, pieza que consigui\u00f3 la localidad por su participaci\u00f3n en un concurso y cuyo emplazamiento en el citado museo ha sido criticado por algunos habitantes de esta peque\u00f1a poblaci\u00f3n del estado de Oreg\u00f3n. Las autoridades de Springfield sopesan subirse al carro de la fama de &quot;The Simpsons&quot; para buscar una rentabilidad tur\u00edstica a su vinculaci\u00f3n con la serie, un proyecto que demuestra su sentido del humor aunque no haga gracia a todos los vecinos.<\/p><\/div>\n<p>Fernando Mex\u00eda<\/p>\n<p><strong><em>Springfield (EE.UU.).-<\/em><\/strong> Las autoridades de Springfield, en Oreg\u00f3n, sopesan subirse al carro de la fama de &#8220;The Simpsons&#8221; para buscar una rentabilidad tur\u00edstica a su vinculaci\u00f3n con la serie, un proyecto que demuestra su sentido del humor aunque no haga gracia a todos los vecinos.<\/p>\n<p>La idea ha ido ganando enteros tras el reciente revuelo organizado por los comentarios de Matt Groening, creador de los personajes, que se\u00f1al\u00f3 a Springfield (Oreg\u00f3n), como la inspiraci\u00f3n del ficticio Springfield del programa.<\/p>\n<p>La alcaldesa de la ciudad, Christine Lundberg, asegur\u00f3 que est\u00e1n &#8220;interesados y abiertos&#8221; al di\u00e1logo para explorar la posibilidad de hacer algo con los Simpsons, aunque afirm\u00f3 que &#8220;no hay nada planeado&#8221; en estos momentos.<\/p>\n<p>M\u00e1s decidido se mostr\u00f3 el director de la C\u00e1mara de Comercio, Dan Egan, que adelant\u00f3 que habr\u00eda una reuni\u00f3n en unas semanas para evaluar el potencial tur\u00edstico de los Simpsons.<\/p>\n<p>&#8220;Estamos pensando que quiz\u00e1 deber\u00edamos hacer algo tangible como un festival&#8221;, indic\u00f3 Egan, en cuyo despacho hay una figura del hura\u00f1o y avaricioso &#8220;Mr.Barns&#8221; de la serie y quien en una &#8220;noche loca&#8221; se disfraz\u00f3 de Homer para asistir a un acto ben\u00e9fico.<\/p>\n<p>Para Egan, la clave del \u00e9xito de cualquier iniciativa estar\u00eda en que se implicara el propio Groening y empezar con alg\u00fan evento peque\u00f1o para ver c\u00f3mo adoptan a los Simpsons los habitantes de Springfield.<\/p>\n<p>Ya en 2007 la ciudad qued\u00f3 tercera en un concurso nacional con otras localidades del mismo nombre para acoger el preestreno de &#8220;The Simpsons Movie&#8221;. En aquella ocasi\u00f3n se moviliz\u00f3 a parte de la poblaci\u00f3n para pintar de amarillo, el color de los Simpsons, una estatua blanca de un hombre a caballo.<\/p>\n<p>A ra\u00edz de su participaci\u00f3n en aquel concurso, Springfield recibi\u00f3 una representaci\u00f3n de gran tama\u00f1o de Homer Simpson y su familia sentados en un sof\u00e1, una pieza que fue trasladada al museo local hace dos a\u00f1os.<\/p>\n<p>Pero la directora del museo, Debra Gruell, fue criticada por incorporar ese elemento a la colecci\u00f3n de objetos e im\u00e1genes hist\u00f3ricas de Springfield.<\/p>\n<p>Las gigantes figuras amarillas resaltan como pez fuera del agua en un antiguo edificio de la era industrial, rodeadas de objetos e im\u00e1genes de un tiempo en el que no exist\u00eda la televisi\u00f3n. Una falta de contexto que, sin embargo, result\u00f3 irrelevante de cara al p\u00fablico.<\/p>\n<p>&#8220;La gente se hac\u00eda fotos con ellas para felicitar la Navidad o para sus invitaciones de boda&#8221;, declar\u00f3 Gruell, quien durante los \u00faltimos d\u00edas ha visto c\u00f3mo repunta el n\u00famero de turistas.<\/p>\n<p>Pero &#8220;The Simpsons&#8221;, m\u00e1s all\u00e1 de su gran popularidad, no dejan de ser una caricatura grotesca de la sociedad estadounidense, seg\u00fan sus detractores.<\/p>\n<p>Sus personajes no son un modelo de conducta y ubicarlos en Springfield podr\u00eda suponer para algunos la creaci\u00f3n de estereotipos negativos, aseguran.<\/p>\n<p>La ciudad, como muchas otras en EE.UU., tiene vecinos que se apellidan Simpson, aunque se refugian en el anonimato, lejos de las c\u00e1maras y los periodistas para evitar inc\u00f3modas comparaciones.<\/p>\n<p>Dan Egan confes\u00f3 que en 2007, en plena campa\u00f1a para conseguir ser los primeros en mostrar la pel\u00edcula de los Simpsons, recibi\u00f3 &#8220;unas cuantas llamadas de gente que dec\u00eda que la serie era maligna y que la ciudad no deber\u00eda relacionarse con eso&#8221;.<\/p>\n<p>&#8220;Algunos estaban muy enfadados&#8221;, afirm\u00f3 Egan.<\/p>\n<p>Lundberg reconoci\u00f3 que s\u00ed exist\u00edan personas que ve\u00edan el fen\u00f3meno de los Simpsons en la ciudad como algo &#8220;negativo&#8221;.<br \/>\nDe hecho, adem\u00e1s del inter\u00e9s tur\u00edstico, la idea de que los Simpsons son de Springfield, Oreg\u00f3n, llam\u00f3 la atenci\u00f3n de quienes quieren divertirse a costa de sus residentes.<\/p>\n<p>&#8220;El otro d\u00eda trataron de gastarnos una broma. Llamaron al tel\u00e9fono y contest\u00f3 mi jefe. Nos preguntaron si estaban hablando con el Kwik-E-Mart de Springfield, que es la tienda que aparece en la serie&#8221;, dijo Becky Barnes, dependienta en el establecimiento Dari Mart.<br \/>\nPara Gruell, al final &#8220;todo depende de la actitud&#8221;.<\/p>\n<p>&#8220;La gente que vive en Springfield no quiere que nadie les mire mal pero al mismo tiempo es una gran oportunidad para atraer visitantes. Que vean que Springfield no es nada de lo que piensan y es bueno para el negocio&#8221;, manifest\u00f3.<\/p>\n","protected":false},"excerpt":{"rendered":"<p>Las autoridades de Springfield, en Oreg\u00f3n, sopesan subirse al carro de la fama de &#8220;The Simpsons&#8221; para buscar una rentabilidad tur\u00edstica a su vinculaci\u00f3n con la serie, un proyecto que demuestra su sentido del humor aunque no haga gracia a todos los vecinos.<\/p>\n","protected":false},"author":1,"featured_media":381320,"comment_status":"open","ping_status":"open","sticky":false,"template":"","format":"standard","meta":{"footnotes":""},"categories":[80,24],"tags":[3010,1241],"class_list":["post-381319","post","type-post","status-publish","format-standard","has-post-thumbnail","hentry","category-cine-2","category-mundo","tag-los","tag-simpsons"],"_links":{"self":[{"href":"https:\/\/diarioelpopular.com\/index.php\/wp-json\/wp\/v2\/posts\/381319","targetHints":{"allow":["GET"]}}],"collection":[{"href":"https:\/\/diarioelpopular.com\/index.php\/wp-json\/wp\/v2\/posts"}],"about":[{"href":"https:\/\/diarioelpopular.com\/index.php\/wp-json\/wp\/v2\/types\/post"}],"author":[{"embeddable":true,"href":"https:\/\/diarioelpopular.com\/index.php\/wp-json\/wp\/v2\/users\/1"}],"replies":[{"embeddable":true,"href":"https:\/\/diarioelpopular.com\/index.php\/wp-json\/wp\/v2\/comments?post=381319"}],"version-history":[{"count":0,"href":"https:\/\/diarioelpopular.com\/index.php\/wp-json\/wp\/v2\/posts\/381319\/revisions"}],"wp:featuredmedia":[{"embeddable":true,"href":"https:\/\/diarioelpopular.com\/index.php\/wp-json\/"}],"wp:attachment":[{"href":"https:\/\/diarioelpopular.com\/index.php\/wp-json\/wp\/v2\/media?parent=381319"}],"wp:term":[{"taxonomy":"category","embeddable":true,"href":"https:\/\/diarioelpopular.com\/index.php\/wp-json\/wp\/v2\/categories?post=381319"},{"taxonomy":"post_tag","embeddable":true,"href":"https:\/\/diarioelpopular.com\/index.php\/wp-json\/wp\/v2\/tags?post=381319"}],"curies":[{"name":"wp","href":"https:\/\/api.w.org\/{rel}","templated":true}]}}