{"id":381322,"date":"2012-04-20T00:39:33","date_gmt":"2012-04-20T04:39:33","guid":{"rendered":"http:\/\/diarioelpopular.com\/?p=381322"},"modified":"2012-04-20T00:39:33","modified_gmt":"2012-04-20T04:39:33","slug":"raul-dice-que-su-futuro-deportivo-no-esta-en-europa","status":"publish","type":"post","link":"https:\/\/diarioelpopular.com\/index.php\/2012\/04\/20\/raul-dice-que-su-futuro-deportivo-no-esta-en-europa\/","title":{"rendered":"Ra\u00fal dice que su futuro deportivo &#8220;no est\u00e1 en Europa&#8221;"},"content":{"rendered":"<div id=\"attachment_381323\" style=\"width: 710px\" class=\"wp-caption aligncenter\"><a href=\"https:\/\/diarioelpopular.com\/wp-content\/uploads\/2012\/04\/web.raul_.jpg\"><img loading=\"lazy\" decoding=\"async\" aria-describedby=\"caption-attachment-381323\" class=\"size-full wp-image-381323\" title=\"web.raul\" src=\"https:\/\/diarioelpopular.com\/wp-content\/uploads\/2012\/04\/web.raul_.jpg\" alt=\"\" width=\"700\" height=\"420\" \/><\/a><p id=\"caption-attachment-381323\" class=\"wp-caption-text\">GELSENKIRCHEN (ALEMANIA).- El presidente del consejo de vigilancia del Schalke, Clemens T\u00f6nnies (d), posa junto a Ra\u00fal Gonz\u00e1lez, delantero espa\u00f1ol del Schalke 04, durante una rueda de prensa en Gelsenkirchen, Alemania, este jueves 19 de abril de 2012. El Schalke 04 anunci\u00f3 que Ra\u00fal dejar\u00e1 el club alem\u00e1n al final de esta temporada, tras varios meses de negociaciones destinadas a lograr la renovaci\u00f3n de su contrato.<\/p><\/div>\n<p>Berl\u00edn.- El delantero espa\u00f1ol Ra\u00fal Gonz\u00e1lez, que dejar\u00e1 el Schalke a finales de esta temporada, dijo este jueves que su futuro deportivo &#8220;no est\u00e1 en Europa&#8221; pese a haber tenido dos ofertas muy tentadoras de la liga espa\u00f1ola.<\/p>\n<p>&#8220;Mi futuro deportivo no est\u00e1 en Europa&#8221;, dijo Ra\u00fal en rueda de prensa, tras conocerse hoy su decisi\u00f3n de no seguir en el Schalke.<\/p>\n<p>&#8220;No voy a volver a jugar en Espa\u00f1a. He tenido dos ofertas muy tentadoras de all\u00ed&#8221;, explic\u00f3 el exjugador del Real Madrid.<\/p>\n<p>Ra\u00fal no revel\u00f3 con exactitud d\u00f3nde proseguir\u00e1 su carrera, pero agreg\u00f3 que no ser\u00e1 en un pa\u00eds con una liga tan potente como la Bundesliga alemana.<\/p>\n<p>&#8220;No voy a jugar en un pa\u00eds con una Liga muy potente como la Bundesliga. Mi futuro deportivo no est\u00e1 en Europa. Durante las pr\u00f3ximas semanas estudiar\u00e9 las ofertas y tomar\u00e9 una decisi\u00f3n&#8221;, dijo el jugador.<\/p>\n<p>La decisi\u00f3n de dejar el Schalke, seg\u00fan Ra\u00fal, no fue f\u00e1cil de tomar.<br \/>\nEl jugador agradeci\u00f3 a la afici\u00f3n el cari\u00f1o que ha recibido en Alemania y al club la paciencia que tuvo al esperar su decisi\u00f3n de seguir o no seguir en el Schalke,<\/p>\n<p>&#8220;Siempre guardar\u00e9 estos dos a\u00f1os en mi coraz\u00f3n. Me he sentido como en mi propia casa en este club, maravillosamente bien. Quiero dar las gracias a todo el cuerpo t\u00e9cnico y a la afici\u00f3n del Schalke, que siempre me ha apoyado incondicionalmente&#8221;, dijo.<\/p>\n<p>El presidente del Consejo de Vigilancia del Schalke, Clemens T\u00f6nnies, dijo, por su parte, que las puertas del club siempre estar\u00e1n abiertas para Ra\u00fal.<\/p>\n<p>&#8220;Debemos aceptar esta decisi\u00f3n aunque sea muy dif\u00edcil para nosotros. Su estancia aqu\u00ed ha estado presidida por los \u00e9xitos deportivos&#8221;, asegur\u00f3 T\u00f6nnies.<\/p>\n<p>&#8220;Tu papel en el Schalke ha sido brillante. Y las puertas de nuestro club siempre estar\u00e1n abiertas para ti&#8221;, a\u00f1adi\u00f3 dirigi\u00e9ndose a Ra\u00fal.<\/p>\n<p>Ra\u00fal estuvo dos a\u00f1os en el Schalke y en su primera temporada gan\u00f3 con el club la Copa de Alemania y lleg\u00f3 a semifinales de la Liga de Campeones, competici\u00f3n en la que marc\u00f3 cinco goles para el club de Gelsenkirchen.<\/p>\n<p>En la Bundesliga ha jugado hasta ahora 64 partidos y marcado 27 goles. En la Copa de Alemania marc\u00f3, en siete compromisos, tres goles y el m\u00e1s importante de ellos fue el tanto de la victoria ante el Bayern la temporada pasada en semifinales de esa competici\u00f3n.<\/p>\n<p>El Schalke quer\u00eda renovar a Ra\u00fal un a\u00f1o m\u00e1s y, seg\u00fan cifras oficiosas, habr\u00eda ofrecido al jugador de 34 a\u00f1os 4 millones de euros por una nueva temporada.<\/p>\n<p>Durante las dos campa\u00f1as anteriores Ra\u00fal habr\u00eda recibido 7 millones de euros al a\u00f1o, de los cuales 2 millones eran pagados por el Real Madrid.<\/p>\n<p>Sin embargo, el director deportivo del Schalke, Horst Held, asegur\u00f3 que ni el monto del contrato ni la duraci\u00f3n del mismo hab\u00edan sido determinantes para la decisi\u00f3n de Ra\u00fal.<br \/>\n&#8220;Ra\u00fal tuvo otras motivaciones&#8221;, asegur\u00f3 Held.<\/p>\n","protected":false},"excerpt":{"rendered":"<p>Berl\u00edn.- El delantero espa\u00f1ol Ra\u00fal Gonz\u00e1lez, que dejar\u00e1 el Schalke a finales de esta temporada, dijo este jueves que su futuro deportivo &#8220;no est\u00e1 en&hellip;<\/p>\n","protected":false},"author":1,"featured_media":381323,"comment_status":"open","ping_status":"open","sticky":false,"template":"","format":"standard","meta":{"footnotes":""},"categories":[28],"tags":[3011,3012],"class_list":["post-381322","post","type-post","status-publish","format-standard","has-post-thumbnail","hentry","category-deportes","tag-futbol-alemania","tag-raul"],"_links":{"self":[{"href":"https:\/\/diarioelpopular.com\/index.php\/wp-json\/wp\/v2\/posts\/381322","targetHints":{"allow":["GET"]}}],"collection":[{"href":"https:\/\/diarioelpopular.com\/index.php\/wp-json\/wp\/v2\/posts"}],"about":[{"href":"https:\/\/diarioelpopular.com\/index.php\/wp-json\/wp\/v2\/types\/post"}],"author":[{"embeddable":true,"href":"https:\/\/diarioelpopular.com\/index.php\/wp-json\/wp\/v2\/users\/1"}],"replies":[{"embeddable":true,"href":"https:\/\/diarioelpopular.com\/index.php\/wp-json\/wp\/v2\/comments?post=381322"}],"version-history":[{"count":0,"href":"https:\/\/diarioelpopular.com\/index.php\/wp-json\/wp\/v2\/posts\/381322\/revisions"}],"wp:featuredmedia":[{"embeddable":true,"href":"https:\/\/diarioelpopular.com\/index.php\/wp-json\/"}],"wp:attachment":[{"href":"https:\/\/diarioelpopular.com\/index.php\/wp-json\/wp\/v2\/media?parent=381322"}],"wp:term":[{"taxonomy":"category","embeddable":true,"href":"https:\/\/diarioelpopular.com\/index.php\/wp-json\/wp\/v2\/categories?post=381322"},{"taxonomy":"post_tag","embeddable":true,"href":"https:\/\/diarioelpopular.com\/index.php\/wp-json\/wp\/v2\/tags?post=381322"}],"curies":[{"name":"wp","href":"https:\/\/api.w.org\/{rel}","templated":true}]}}