{"id":381709,"date":"2012-04-21T00:24:06","date_gmt":"2012-04-21T04:24:06","guid":{"rendered":"http:\/\/diarioelpopular.com\/?p=381709"},"modified":"2012-04-21T00:24:06","modified_gmt":"2012-04-21T04:24:06","slug":"manzanares-abre-la-puerta-del-principe-tras-cortar-cuatro-orejas-en-sevilla","status":"publish","type":"post","link":"https:\/\/diarioelpopular.com\/index.php\/2012\/04\/21\/manzanares-abre-la-puerta-del-principe-tras-cortar-cuatro-orejas-en-sevilla\/","title":{"rendered":"Manzanares abre la Puerta del Pr\u00edncipe tras cortar cuatro orejas en Sevilla"},"content":{"rendered":"<div id=\"attachment_381710\" style=\"width: 715px\" class=\"wp-caption aligncenter\"><a href=\"https:\/\/diarioelpopular.com\/wp-content\/uploads\/2012\/04\/web.toros_1.jpg\"><img loading=\"lazy\" decoding=\"async\" aria-describedby=\"caption-attachment-381710\" class=\"size-full wp-image-381710\" title=\"web.toros\" src=\"https:\/\/diarioelpopular.com\/wp-content\/uploads\/2012\/04\/web.toros_1.jpg\" alt=\"\" width=\"705\" height=\"420\" \/><\/a><p id=\"caption-attachment-381710\" class=\"wp-caption-text\">SEVILLA.- El diestro alicantino Jos\u00e9 Mar\u00eda Manzanares, torea al natural a su primer toro, al que cort\u00f3 las dos orejas, durante la novena de la Feria de Abril celebrada este viernes, en la Maestranza de Sevilla, en la que ha compartido cartel con los diestros Juan Jose Padilla y Alejandro Talavante, lidiando reses de Victoriano del R\u00edo-Toros de Cort\u00e9s.<\/p><\/div>\n<p>Alvaro R. del Moral.<\/p>\n<p><strong><em>Sevilla (Espa\u00f1a).-<\/em><\/strong> El diestro Jos\u00e9 Mar\u00eda Manzanares ha cortado cuatro orejas despu\u00e9s de una tarde plet\u00f3rica en la que ha conseguido volver a abrir la Puerta del Pr\u00edncipe en la novena de abono celebrada este viernes en la Maestranza.<\/p>\n<p>Se lidiaron seis toros de Garcigrande aunque cuarto y quinto estuvieron marcados con el hierro filial de Toros de Cort\u00e9s. El encierro, de ajustada pero bonita presentaci\u00f3n, fue noble en l\u00edneas generales aunque a la mayor\u00eda de las reses le fallaron un punto las fuerzas.<\/p>\n<p>Juan Jos\u00e9 Padilla, de cautivo y oro con cabos negros. Pinchazo y estocada (ovaci\u00f3n). Estocada (ovaci\u00f3n).<\/p>\n<p>Jos\u00e9 Mar\u00eda Manzanares, de berenjena y oro, estocada recibiendo (dos orejas). Estocada recibiendo. (Dos orejas).<\/p>\n<p>Alejandro Talavante, de verde manzana y oro. Estocada (oreja). Pinchazo y estocada (ovaci\u00f3n).<\/p>\n<p>La plaza se llen\u00f3 hasta la bandera en tarde agradable y primaveral. Destac\u00f3 la cuadrilla al completo de Jos\u00e9 Mar\u00eda Manzanares, que salud\u00f3 junto a su matador al culminar la lidia de quinto de la tarde.<\/p>\n<p><strong><em>MANZANARES RENUEVA SU ROMANCE CON SEVILLA<\/em><\/strong><\/p>\n<p>El romance de Manzanares con la plaza de Sevilla no tiene parang\u00f3n. El alicantino volvi\u00f3 a hacerse due\u00f1o de la plaza en una actuaci\u00f3n plet\u00f3rica que le sirvi\u00f3 para sumar una nueva Puerta del Pr\u00edncipe en medio del delirio del p\u00fablico de la Maestranza, que le premi\u00f3 con cuatro orejas despu\u00e9s de una actuaci\u00f3n reveladora en la que el torero mostr\u00f3 nuevos registros art\u00edsticos y t\u00e9cnicos.<\/p>\n<p>Hubo belleza y cerebro desde que se abri\u00f3 de capa con el segundo de la tarde, un animal noble y no exento de clase al que acarici\u00f3 con un par de ver\u00f3nicas y dos preciosistas chicuelinas que pusieron a todo el mundo alerta.<\/p>\n<p>Pero el torero sab\u00eda que hab\u00eda que administrar las fuerzas y la clase del animal, que tambi\u00e9n mostr\u00f3 su bondad en los delantales que le enjaret\u00f3 Alejandro Talavante en su turno de quites. Lo que vino despu\u00e9s fue un tratado enciclop\u00e9dico de buen torear: en los templados y medidos inicios por naturales primero y en el toreo en redondo que vino despu\u00e9s en creciente intensidad.<\/p>\n<p>Las trincheras, los remates plenos de imaginaci\u00f3n y los cambios de mano sirvieron de sedosos nexos entre unas series y otras a la vez que el p\u00fablico se iba enardeciendo con una faena que marc\u00f3 su cumbre en una postrera serie diestra rematada con un estoconazo en la suerte de recibir que termin\u00f3 de desatar todos los entusiasmos: la Puerta del Pr\u00edncipe quedaba entreabierta.<\/p>\n<p>Pero Manzanares no quer\u00eda conformarse y volvi\u00f3 a emplear sobre el albero todo el potencial t\u00e9cnico que atesora en una faena que cont\u00f3 a favor con la exacta medida de los tiempos para evitar que el toro, un pel\u00edn rajado, claudicara en su gran faena a la que precedi\u00f3 la excelsa lidia de Curro Javier y la maestr\u00eda con los palos de Juan Jos\u00e9 Trujillo y Luis Bl\u00e1zquez.<\/p>\n<p>Una vez m\u00e1s, la faena se inici\u00f3 al natural en medio de un clima de calma contagiado por el torero que marc\u00f3 otras cumbres toreando sobre ambas manos. Ya no cab\u00edan dudas, el diestro alicantino forz\u00f3 la suerte de recibir a pesar del escaso gas del toro para cortar dos nuevas orejas que le abr\u00edan la puerta de la gloria.<\/p>\n<p>Otro trofeo se llevar\u00eda el diestro extreme\u00f1o Alejandro Talavante gracias a una templada y entonada faena cuajada sobre la mano derecha en la que pes\u00f3 como una losa la cumbre vivida en el toro anterior. Pero Talavante no se amilan\u00f3 y se emple\u00f3 en una labor segura, tambi\u00e9n imaginativa, en la que el toro no le permiti\u00f3 las \u00faltimas innovaciones en su tauromaquia basadas en el toreo mexicano.<\/p>\n<p>Volvi\u00f3 a brillar con el sexto, otro toro de buenas intenciones al que no le sobraban las fuerzas con el que se emple\u00f3 en un largo trasteo que podr\u00eda haber puesto en sus manos otra oreja si la espada hubiera entrado al primer viaje.<\/p>\n<p>Pero la tarde se hab\u00eda iniciado con la impresionante ovaci\u00f3n que le dedic\u00f3 el p\u00fablico sevillano al diestro Juan Jos\u00e9 Padilla en su vuelta a la plaza de la Maestranza despu\u00e9s de su grav\u00edsimo percance del pasado mes de octubre en Zaragoza.<\/p>\n<p>Padilla, que se mostr\u00f3 sobrio y cl\u00e1sico, destac\u00f3 en el manejo del capote y, sobre todo, en dos soberbios tercios de banderillas en los que supo lucir mucho a sus toros. Pudo templarse a media altura toreando al tercero aunque apenas tuvo enemigo con el sexto, que se aplom\u00f3 por completo.<\/p>\n","protected":false},"excerpt":{"rendered":"<p>El diestro Jos\u00e9 Mar\u00eda Manzanares ha cortado cuatro orejas despu\u00e9s de una tarde plet\u00f3rica en la que ha conseguido volver a abrir la Puerta del Pr\u00edncipe en la novena de abono celebrada este viernes en la Maestranza.<\/p>\n","protected":false},"author":1,"featured_media":381710,"comment_status":"open","ping_status":"open","sticky":false,"template":"","format":"standard","meta":{"footnotes":""},"categories":[28],"tags":[3032,3033,1234],"class_list":["post-381709","post","type-post","status-publish","format-standard","has-post-thumbnail","hentry","category-deportes","tag-fiesta-de-abril","tag-sevilla","tag-toros"],"_links":{"self":[{"href":"https:\/\/diarioelpopular.com\/index.php\/wp-json\/wp\/v2\/posts\/381709","targetHints":{"allow":["GET"]}}],"collection":[{"href":"https:\/\/diarioelpopular.com\/index.php\/wp-json\/wp\/v2\/posts"}],"about":[{"href":"https:\/\/diarioelpopular.com\/index.php\/wp-json\/wp\/v2\/types\/post"}],"author":[{"embeddable":true,"href":"https:\/\/diarioelpopular.com\/index.php\/wp-json\/wp\/v2\/users\/1"}],"replies":[{"embeddable":true,"href":"https:\/\/diarioelpopular.com\/index.php\/wp-json\/wp\/v2\/comments?post=381709"}],"version-history":[{"count":0,"href":"https:\/\/diarioelpopular.com\/index.php\/wp-json\/wp\/v2\/posts\/381709\/revisions"}],"wp:featuredmedia":[{"embeddable":true,"href":"https:\/\/diarioelpopular.com\/index.php\/wp-json\/"}],"wp:attachment":[{"href":"https:\/\/diarioelpopular.com\/index.php\/wp-json\/wp\/v2\/media?parent=381709"}],"wp:term":[{"taxonomy":"category","embeddable":true,"href":"https:\/\/diarioelpopular.com\/index.php\/wp-json\/wp\/v2\/categories?post=381709"},{"taxonomy":"post_tag","embeddable":true,"href":"https:\/\/diarioelpopular.com\/index.php\/wp-json\/wp\/v2\/tags?post=381709"}],"curies":[{"name":"wp","href":"https:\/\/api.w.org\/{rel}","templated":true}]}}