{"id":381712,"date":"2012-04-21T00:23:39","date_gmt":"2012-04-21T04:23:39","guid":{"rendered":"http:\/\/diarioelpopular.com\/?p=381712"},"modified":"2012-04-21T00:23:39","modified_gmt":"2012-04-21T04:23:39","slug":"los-osos-polares-cinco-veces-mas-antiguos-de-lo-que-se-creia","status":"publish","type":"post","link":"https:\/\/diarioelpopular.com\/index.php\/2012\/04\/21\/los-osos-polares-cinco-veces-mas-antiguos-de-lo-que-se-creia\/","title":{"rendered":"Los osos polares, cinco veces m\u00e1s antiguos de lo que se cre\u00eda"},"content":{"rendered":"<div id=\"attachment_381893\" style=\"width: 715px\" class=\"wp-caption aligncenter\"><a href=\"https:\/\/diarioelpopular.com\/wp-content\/uploads\/2012\/04\/web.osos_.jpg\"><img loading=\"lazy\" decoding=\"async\" aria-describedby=\"caption-attachment-381893\" class=\"size-full wp-image-381893\" title=\"web.osos\" src=\"https:\/\/diarioelpopular.com\/wp-content\/uploads\/2012\/04\/web.osos_.jpg\" alt=\"\" width=\"705\" height=\"420\" \/><\/a><p id=\"caption-attachment-381893\" class=\"wp-caption-text\">Fotograf\u00eda facilitada por el Consejo Superior de Investigaciones Cient\u00edficas (CSIC) de una hembra de oso polar junto a su cr\u00eda en un lago helado cercano a Cape Churchill, Canad\u00e1. El origen de los osos polares como especie independiente tuvo lugar hace unos 600.000 a\u00f1os, por lo que son unas cinco veces m\u00e1s antiguos de lo que se cre\u00eda, seg\u00fan un estudio que revela, adem\u00e1s, que no pertenecieron a un linaje de osos pardos. Estas son las principales conclusiones de un estudio publicado en la portada de la revista cient\u00edfica Science en el que han participado investigadores espa\u00f1oles (del Consejo Superior de Investigaciones Cient\u00edficas, CSIC), EEUU, Alemania y Suecia.<\/p><\/div>\n<p>Madrid.- El origen de los\u00a0osos\u00a0polares como especie independiente tuvo lugar hace unos 600.000 a\u00f1os, por lo que son unas cinco veces m\u00e1s antiguos de lo que se cre\u00eda, seg\u00fan un estudio que revela, adem\u00e1s, que no pertenecieron a un linaje de\u00a0osos\u00a0pardos.<\/p>\n<p>Estas son las principales conclusiones de un estudio publicado en la portada de la revista cient\u00edfica Science en el que han participado investigadores espa\u00f1oles, de EEUU, Alemania y Suecia.<\/p>\n<p>Esta investigaci\u00f3n se ha basado en el an\u00e1lisis del ADN nuclear procedente de 19 ejemplares de oso polar (Ursus maritimus), 18 ejemplares de oso pardo y 7 ejemplares de oso negro.<\/p>\n<p>Las diferencias detectadas entre los genomas indican que la especie polar y la parda divergieron de un ancestro com\u00fan hace unos 600.000 a\u00f1os, seg\u00fan inform\u00f3 el Consejo Superior de Investigaciones Cient\u00edficas (CSIC) espa\u00f1ol, en una nota de prensa.<\/p>\n<p>El nuevo hallazgo supone una evoluci\u00f3n &#8220;mucho m\u00e1s similar&#8221; al del resto de los mam\u00edferos \u00e1rticos (el zorro polar, por ejemplo, se separ\u00f3 de su linaje original hace unos 900.000 a\u00f1os).<\/p>\n<p>La investigadora en la Estaci\u00f3n Biol\u00f3gica de Do\u00f1ana del CSIC Jennifer Leonard subray\u00f3 que sus adaptaciones espec\u00edficas, como el pelo blanco, la piel negra y la envoltura de sus pies, son ahora &#8220;menos sorprendentes&#8221;.<\/p>\n<p>Sin embargo, en art\u00edculos previos los cient\u00edficos hab\u00edan encontrado similitudes en el ADN mirocondrial (procedente de la madre) entre los\u00a0osos\u00a0polares y los\u00a0osos\u00a0pardos (U. arctos).<\/p>\n<p>Leonard encontr\u00f3 la explicaci\u00f3n de estas similitudes entre el ADN mitrocondrial de las dos especies en la posible hibridaci\u00f3n entre hembras pardas y machos polares, cuya descendencia se integr\u00f3 finalmente con la poblaci\u00f3n polar.<\/p>\n<p>Debido a las investigaciones anteriores, la comunidad cient\u00edfica asumi\u00f3 que la especie \u00e1rtica pertenec\u00eda a un linaje escindido de sus &#8220;primos marrones&#8221; hace entre 166.000 y 111.000 a\u00f1os y que hab\u00edan experimentado una r\u00e1pida adaptaci\u00f3n a las condiciones polares.<\/p>\n<p>Sin embargo, el cambio de paradigma puesto de manifiesto ahora sugiere que podr\u00edan ser mucho m\u00e1s sensibles de lo que se pensaba ante los posibles efectos del cambio clim\u00e1tico.<\/p>\n<p>Y es que, seg\u00fan el CSIC, esta especie no s\u00f3lo se enfrenta a la desaparici\u00f3n de su h\u00e1bitat a causa del deshielo glacial.<\/p>\n<p>Para la investigadora Leonard, este hecho &#8220;les obliga a colonizar regiones habitadas por los humanos donde su supervivencia se ve comprometida&#8221;.<\/p>\n<p>&#8220;Si perdi\u00e9ramos al oso polar en nuestra era deber\u00edamos preguntarnos hasta qu\u00e9 punto hemos dificultado su supervivencia, ya que ellos fueron claramente capaces de resistir otras \u00e9pocas m\u00e1s c\u00e1lidas en el pasado&#8221;, asegur\u00f3 esta cient\u00edfica.<\/p>\n","protected":false},"excerpt":{"rendered":"<p>El origen de los osos polares como especie independiente tuvo lugar hace unos 600.000 a\u00f1os, por lo que son unas cinco veces m\u00e1s antiguos de lo que se cre\u00eda, seg\u00fan un estudio que revela, adem\u00e1s, que no pertenecieron a un linaje de osos pardos.<\/p>\n","protected":false},"author":1,"featured_media":381893,"comment_status":"open","ping_status":"open","sticky":false,"template":"","format":"standard","meta":{"footnotes":""},"categories":[24],"tags":[2758,2759],"class_list":["post-381712","post","type-post","status-publish","format-standard","has-post-thumbnail","hentry","category-mundo","tag-osos","tag-polares"],"_links":{"self":[{"href":"https:\/\/diarioelpopular.com\/index.php\/wp-json\/wp\/v2\/posts\/381712","targetHints":{"allow":["GET"]}}],"collection":[{"href":"https:\/\/diarioelpopular.com\/index.php\/wp-json\/wp\/v2\/posts"}],"about":[{"href":"https:\/\/diarioelpopular.com\/index.php\/wp-json\/wp\/v2\/types\/post"}],"author":[{"embeddable":true,"href":"https:\/\/diarioelpopular.com\/index.php\/wp-json\/wp\/v2\/users\/1"}],"replies":[{"embeddable":true,"href":"https:\/\/diarioelpopular.com\/index.php\/wp-json\/wp\/v2\/comments?post=381712"}],"version-history":[{"count":0,"href":"https:\/\/diarioelpopular.com\/index.php\/wp-json\/wp\/v2\/posts\/381712\/revisions"}],"wp:featuredmedia":[{"embeddable":true,"href":"https:\/\/diarioelpopular.com\/index.php\/wp-json\/"}],"wp:attachment":[{"href":"https:\/\/diarioelpopular.com\/index.php\/wp-json\/wp\/v2\/media?parent=381712"}],"wp:term":[{"taxonomy":"category","embeddable":true,"href":"https:\/\/diarioelpopular.com\/index.php\/wp-json\/wp\/v2\/categories?post=381712"},{"taxonomy":"post_tag","embeddable":true,"href":"https:\/\/diarioelpopular.com\/index.php\/wp-json\/wp\/v2\/tags?post=381712"}],"curies":[{"name":"wp","href":"https:\/\/api.w.org\/{rel}","templated":true}]}}