{"id":381898,"date":"2012-04-23T22:12:14","date_gmt":"2012-04-24T02:12:14","guid":{"rendered":"http:\/\/diarioelpopular.com\/?p=381898"},"modified":"2012-04-23T22:12:14","modified_gmt":"2012-04-24T02:12:14","slug":"argentina-busca-inversion-mientras-crece-polemica-por-el-precio-de-ypf","status":"publish","type":"post","link":"https:\/\/diarioelpopular.com\/index.php\/2012\/04\/23\/argentina-busca-inversion-mientras-crece-polemica-por-el-precio-de-ypf\/","title":{"rendered":"Argentina busca inversi\u00f3n mientras crece pol\u00e9mica por el precio de YPF"},"content":{"rendered":"<div id=\"attachment_381899\" style=\"width: 715px\" class=\"wp-caption aligncenter\"><a href=\"https:\/\/diarioelpopular.com\/wp-content\/uploads\/2012\/04\/web.arg_.esp_.jpg\"><img loading=\"lazy\" decoding=\"async\" aria-describedby=\"caption-attachment-381899\" class=\"size-full wp-image-381899\" title=\"web.arg.esp\" src=\"https:\/\/diarioelpopular.com\/wp-content\/uploads\/2012\/04\/web.arg_.esp_.jpg\" alt=\"\" width=\"705\" height=\"420\" \/><\/a><p id=\"caption-attachment-381899\" class=\"wp-caption-text\">LUXEMBURGO.- (i-d) La alta representante para Asuntos Exteriores de la Uni\u00f3n Europea (UE), Catherine Ashton; el ministro de Exteriores sueco, Carl Bildt; y su hom\u00f3logo espa\u00f1ol, Jos\u00e9 Manuel Garc\u00eda-Margallo, charlan antes del comienzo de la reuni\u00f3n de ministros de Exteriores europeos en Luxemburgo, este lunes 23 de abril. Garc\u00eda-Margallo pidi\u00f3 que Argentina arregle &quot;de forma amistosa&quot; el contencioso sobre la expropiaci\u00f3n de YPF o cumpla lo que decidan los tribunales arbitrales internacionales.<\/p><\/div>\n<p>Maricel Seeger<\/p>\n<p><strong><em>Buenos Aires.-<\/em><\/strong> El Gobierno argentino avanz\u00f3 hoeste lunes en la b\u00fasqueda de inversores petroleros para aumentar su producci\u00f3n de hidrocarburos mientras crece la pol\u00e9mica sobre la indemnizaci\u00f3n que deber\u00eda pagar al grupo espa\u00f1ol Repsol por la expropiaci\u00f3n del 51 por ciento de sus acciones en YPF.<\/p>\n<p>Los gestores de la petrolera YPF, intervenida el 16 de abril por el Gobierno, iniciaron este lunes una ronda de reuniones con directivos de la argentina Medanito y las estadounidenses Conoco Phillips y Chevron en busca de acuerdos para impulsar la producci\u00f3n de hidrocarburos, informaron fuentes oficiales.<\/p>\n<p>Para este martes, adem\u00e1s, est\u00e1 prevista una reuni\u00f3n con la estadounidense Exxon mientras que en los pr\u00f3ximos d\u00edas se espera una cita con los de la canadiense Talism\u00e1n, agreg\u00f3 una nota de la web del Gobierno argentino.<\/p>\n<p>Los funcionarios salieron a buscar inversiones luego de la decisi\u00f3n de la presidenta argentina, Cristina Fern\u00e1ndez, de intervenir la compa\u00f1\u00eda y enviar un proyecto de ley al Parlamento, de mayor\u00eda oficialista, para expropiar el 51 por ciento de las acciones de la petrolera y de la empresa YPF Gas, ambas en manos de Repsol.<\/p>\n<p>En respuesta, Repsol confirm\u00f3 que tomar\u00e1 medidas legales contra cualquier compa\u00f1\u00eda que intente invertir en YPF o subsidiariamente en sus activos.<br \/>\nEl grupo espa\u00f1ol, due\u00f1o del 57,43 por ciento de las acciones de YPF, ya ha preparado incluso a sus abogados para actuar en contra de una posible entrada de inversores en el capital de la firma, se\u00f1alaron fuentes del consorcio.<\/p>\n<p>El presidente de Repsol, Antonio Brufau, reclama 10.000 millones de d\u00f3lares (unos 8.000 millones de euros) en compensaci\u00f3n por las acciones que le ser\u00e1n expropiadas al grupo, precio que el Gobierno argentino se opone a pagar.<\/p>\n<p>&#8220;Siempre se va a indemnizar con los valores que corresponda, los de verdad, no los que se les antoje a este se\u00f1or que ha sido el responsable de esta situaci\u00f3n de saqueo y depredaci\u00f3n a la que han sometido a YPF&#8221;, dijo el senador y ex jefe de Gabinete An\u00edbal Fern\u00e1ndez a la televisi\u00f3n local.<\/p>\n<p>Seg\u00fan el diario bonaerense La Naci\u00f3n, el viceministro de Econom\u00eda, Axel Kicillof, a quien se le adjudica la autor\u00eda del proyecto de expropiaci\u00f3n, asegur\u00f3 a Cristina Fern\u00e1ndez que la indemnizaci\u00f3n ser\u00e1 de &#8220;cero pesos&#8221; luego de que el Tribunal de Tasaci\u00f3n establezca el precio de la compa\u00f1\u00eda, tal como fija el proyecto de ley.<\/p>\n<p>En medio de la disputa, el ministro argentino de Planificaci\u00f3n, Julio de Vido, avis\u00f3 la semana pasada de que Repsol &#8220;tendr\u00e1 que pagar&#8221; por supuestos da\u00f1os ambientales en el pa\u00eds.<\/p>\n<p>De hecho, la Justicia argentina analiza dos &#8220;megacausas&#8221; iniciadas a\u00f1os atr\u00e1s por supuesta contaminaci\u00f3n ambiental generada por la producci\u00f3n del petr\u00f3leo de YPF, indic\u00f3 el presidente de la Corte Suprema de Justicia, Ricardo Lorenzetti, en declaraciones divulgadas hoy por el diario Tiempo Argentino.<\/p>\n<p>Mientras crece la controversia, fuentes del sector petrolero confirmaron que el pasado el lunes -el mismo d\u00eda en que se anunci\u00f3 la expropiaci\u00f3n- funcionarios argentinos registraron el apartamento de Brufau en Buenos Aires.<\/p>\n<p>La decisi\u00f3n argentina de expropiar la empresa provoc\u00f3 una dura reacci\u00f3n en el Gobierno espa\u00f1ol, que hoy plante\u00f3 a los pa\u00edses de la Uni\u00f3n Europea (UE) la posibilidad de continuar la negociaci\u00f3n de un acuerdo de asociaci\u00f3n con el Mercosur sin Argentina, que integra el bloque sudamericano junto con Brasil, Uruguay y Paraguay.<\/p>\n<p>Seg\u00fan el Gobierno espa\u00f1ol, la UE reiter\u00f3 hoy su respaldo en el conflicto desatado con Argentina durante un encuentro de ministros en Luxemburgo.<\/p>\n<p>El pasado viernes, el jefe de la misi\u00f3n de la UE en Ginebra, Angelos Pangratis, distribuy\u00f3 al final de una reuni\u00f3n del G20 en M\u00e9xico una carta dirigida al canciller argentino, H\u00e9ctor Timerman, que advierte sobre la &#8220;seria preocupaci\u00f3n&#8221; que causa la decisi\u00f3n argentina.<\/p>\n<p>Timerman, sin embargo, neg\u00f3 este lunes haber recibido la misiva, confirmaron portavoces diplom\u00e1ticas.<\/p>\n<p>&#8220;No recibi\u00f3 ninguna carta ni en Buenos Aires, ni en Bruselas, ni en M\u00e9xico&#8221;, dijeron las fuentes.<\/p>\n<p>Mientras, el proyecto de expropiaci\u00f3n avanza en el Senado, que el pr\u00f3ximo mi\u00e9rcoles se apresta a darle media sanci\u00f3n a la iniciativa con el respaldo de la mayor\u00eda oficialista y de sectores de la oposici\u00f3n.<\/p>\n<p>La nacionalizaci\u00f3n de YPF se espera adem\u00e1s que sea uno de los principales temas durante el &#8220;mega-acto&#8221; que prepara para el pr\u00f3ximo viernes el oficialismo en el estadio bonaerense de V\u00e9lez Sarsfield, con Cristina Fern\u00e1ndez como principal oradora.<\/p>\n","protected":false},"excerpt":{"rendered":"<p>El Gobierno argentino avanz\u00f3 hoeste lunes en la b\u00fasqueda de inversores petroleros para aumentar su producci\u00f3n de hidrocarburos mientras crece la pol\u00e9mica sobre la indemnizaci\u00f3n que deber\u00eda pagar al grupo espa\u00f1ol Repsol por la expropiaci\u00f3n del 51 por ciento de sus acciones en YPF.<\/p>\n","protected":false},"author":1,"featured_media":381899,"comment_status":"open","ping_status":"open","sticky":false,"template":"","format":"standard","meta":{"footnotes":""},"categories":[23,24],"tags":[43,444,3000],"class_list":["post-381898","post","type-post","status-publish","format-standard","has-post-thumbnail","hentry","category-latinoamerica","category-mundo","tag-argentina","tag-espana","tag-ypf"],"_links":{"self":[{"href":"https:\/\/diarioelpopular.com\/index.php\/wp-json\/wp\/v2\/posts\/381898","targetHints":{"allow":["GET"]}}],"collection":[{"href":"https:\/\/diarioelpopular.com\/index.php\/wp-json\/wp\/v2\/posts"}],"about":[{"href":"https:\/\/diarioelpopular.com\/index.php\/wp-json\/wp\/v2\/types\/post"}],"author":[{"embeddable":true,"href":"https:\/\/diarioelpopular.com\/index.php\/wp-json\/wp\/v2\/users\/1"}],"replies":[{"embeddable":true,"href":"https:\/\/diarioelpopular.com\/index.php\/wp-json\/wp\/v2\/comments?post=381898"}],"version-history":[{"count":0,"href":"https:\/\/diarioelpopular.com\/index.php\/wp-json\/wp\/v2\/posts\/381898\/revisions"}],"wp:featuredmedia":[{"embeddable":true,"href":"https:\/\/diarioelpopular.com\/index.php\/wp-json\/"}],"wp:attachment":[{"href":"https:\/\/diarioelpopular.com\/index.php\/wp-json\/wp\/v2\/media?parent=381898"}],"wp:term":[{"taxonomy":"category","embeddable":true,"href":"https:\/\/diarioelpopular.com\/index.php\/wp-json\/wp\/v2\/categories?post=381898"},{"taxonomy":"post_tag","embeddable":true,"href":"https:\/\/diarioelpopular.com\/index.php\/wp-json\/wp\/v2\/tags?post=381898"}],"curies":[{"name":"wp","href":"https:\/\/api.w.org\/{rel}","templated":true}]}}