{"id":381910,"date":"2012-04-23T22:09:35","date_gmt":"2012-04-24T02:09:35","guid":{"rendered":"http:\/\/diarioelpopular.com\/?p=381910"},"modified":"2012-04-23T22:09:35","modified_gmt":"2012-04-24T02:09:35","slug":"pique-guardiola-me-da-mucha-cana-pero-me-gusta","status":"publish","type":"post","link":"https:\/\/diarioelpopular.com\/index.php\/2012\/04\/23\/pique-guardiola-me-da-mucha-cana-pero-me-gusta\/","title":{"rendered":"Piqu\u00e9: &#8220;Guardiola me da mucha ca\u00f1a, pero me gusta&#8221;"},"content":{"rendered":"<div id=\"attachment_381911\" style=\"width: 715px\" class=\"wp-caption aligncenter\"><a href=\"https:\/\/diarioelpopular.com\/wp-content\/uploads\/2012\/04\/web.pique_.jpg\"><img loading=\"lazy\" decoding=\"async\" aria-describedby=\"caption-attachment-381911\" class=\"size-full wp-image-381911\" title=\"web.pique\" src=\"https:\/\/diarioelpopular.com\/wp-content\/uploads\/2012\/04\/web.pique_.jpg\" alt=\"\" width=\"705\" height=\"420\" \/><\/a><p id=\"caption-attachment-381911\" class=\"wp-caption-text\">BARCELONA.- El jugador del FCBarcelona Gerard Piqu\u00e9 ha negado este lunes tener ning\u00fan problema con el t\u00e9cnico azulgrana, Josep Guardiola, en la rueda de prensa ofrecida en la v\u00edspera del partido de vuelta de semifinales de la liga de campeones que se disputar\u00e1 en el Camp Nou contra el Chelsea.<\/p><\/div>\n<p><strong><em>Barcelona.-<\/em><\/strong> El central azulgrana Gerard Piqu\u00e9 ha rechazado tener ning\u00fan tipo de problema con el entrenador del FC Barcelona, Josep Guardiola, con quien ha asegurado que guarda una gran relaci\u00f3n, aunque ha admitido que le da &#8220;mucha ca\u00f1a&#8221;, algo que &#8220;le gusta&#8221;.<\/p>\n<p>Ausente en los dos \u00faltimos partidos, ante el Chelsea y el Real Madrid, supuestamente por diferencias con su entrenador, Piqu\u00e9 ha insistido en que la decisi\u00f3n de no haber participado en los dos citados encuentros ha sido exclusivamente por motivos t\u00e1cticos.<br \/>\nAdem\u00e1s el central ha vuelto a subrayar que su relaci\u00f3n con Guardiola es &#8220;muy buena&#8221;, adem\u00e1s de asegurar que pone &#8220;la mano en el fuego porque (el entrenador) seguir\u00e1 el a\u00f1o que viene&#8221;.<\/p>\n<p>&#8220;Los dos llegamos juntos el mismo a\u00f1o, \u00e9l como t\u00e9cnico y yo como jugador. Hemos formado parte de una etapa muy bonita del club. Conf\u00edo mucho en \u00e9l. Ama este club y no hay pasi\u00f3n m\u00e1s fuerte para \u00e9l que seguir&#8221;, se ha atrevido a decir el jugador.<\/p>\n<p>El jugador, a pesar de insistir en que no existe ning\u00fan problema en el vestuario, no ha escondido que su estado de \u00e1nimo &#8220;no es bueno&#8221;, despu\u00e9s de no haber participado en los \u00faltimos partidos y haberse perdido los dos \u00faltimos encuentros, contra el Chelsea en la ida de las semifinales de la Liga de Campeones y contra el Real Madrid.<\/p>\n<p>El central catal\u00e1n ha reconocido, sin entrar en detalles, que el viernes mantuvo una reuni\u00f3n con Guardiola y ha advertido que suele dialogar con el entrenador con mucha frecuencia, debido a que se siente que es muy &#8220;exigente&#8221; consigo mismo.<\/p>\n<p>&#8220;Siempre piensas que lo puedes hacer mucho mejor y que puedes dar m\u00e1s. Yo soy muy exigente conmigo mismo. Se puede mejorar y el a\u00f1o podr\u00eda ser mucho mejor&#8221;, ha se\u00f1alado el jugador, quien ha advertido que el club y la afici\u00f3n azulgrana tienen que hacer un frente com\u00fan para el partido de ma\u00f1ana contra el Chelsea para dar el \u00faltimo empuj\u00f3n al equipo catal\u00e1n hacia la final de la Liga de Campeones.<\/p>\n<p>&#8220;\u00bfCu\u00e1ntas veces ha llegado el Barcelona a una final de la Liga de Campeones? Todo est\u00e1 siendo tan bonito ahora que no valoramos lo que tenemos en las manos&#8221;, ha apuntado el jugador en una multitudinaria conferencia de prensa en el Camp Nou.<\/p>\n<p>Gerard Piqu\u00e9 est\u00e1 convencido de que no hay ning\u00fan cul\u00e9 que tenga dudas acerca del Barcelona. &#8220;Hemos dado mucho y la gente est\u00e1 detr\u00e1s del equipo. La afici\u00f3n entiende que se puede perder un partido porque estamos jugando contra equipos muy buenos&#8221;, ha se\u00f1alado<\/p>\n<p>El jugador tiene una idea muy parecida a la que observ\u00f3 el a\u00f1o pasado cuando el Bar\u00e7a perdi\u00f3 la final de la Copa del Rey contra el Madrid y despu\u00e9s observ\u00f3 que muchos aficionados azulgrana no daban nada por el equipo.<\/p>\n<p>&#8220;Al final, ganamos contra el Madrid en la ida de las semifinales (0-2), jugamos la final y nos llevamos la Liga de Campeones. El cul\u00e9 pesimista crey\u00f3 que ya no ten\u00edamos nada que hacer tras aquella derrota. No hemos ganamos muchas Ligas de Campeones y hay que valorar esto&#8221;, ha a\u00f1adido.<\/p>\n","protected":false},"excerpt":{"rendered":"<p>El central azulgrana Gerard Piqu\u00e9 ha rechazado tener ning\u00fan tipo de problema con el entrenador del FC Barcelona, Josep Guardiola, con quien ha asegurado que guarda una gran relaci\u00f3n, aunque ha admitido que le da &#8220;mucha ca\u00f1a&#8221;, algo que &#8220;le gusta&#8221;.<\/p>\n","protected":false},"author":1,"featured_media":381911,"comment_status":"open","ping_status":"open","sticky":false,"template":"","format":"standard","meta":{"footnotes":""},"categories":[28],"tags":[178,2455,2429,2442,503],"class_list":["post-381910","post","type-post","status-publish","format-standard","has-post-thumbnail","hentry","category-deportes","tag-barcelona","tag-campeones","tag-chelsea","tag-de","tag-liga"],"_links":{"self":[{"href":"https:\/\/diarioelpopular.com\/index.php\/wp-json\/wp\/v2\/posts\/381910","targetHints":{"allow":["GET"]}}],"collection":[{"href":"https:\/\/diarioelpopular.com\/index.php\/wp-json\/wp\/v2\/posts"}],"about":[{"href":"https:\/\/diarioelpopular.com\/index.php\/wp-json\/wp\/v2\/types\/post"}],"author":[{"embeddable":true,"href":"https:\/\/diarioelpopular.com\/index.php\/wp-json\/wp\/v2\/users\/1"}],"replies":[{"embeddable":true,"href":"https:\/\/diarioelpopular.com\/index.php\/wp-json\/wp\/v2\/comments?post=381910"}],"version-history":[{"count":0,"href":"https:\/\/diarioelpopular.com\/index.php\/wp-json\/wp\/v2\/posts\/381910\/revisions"}],"wp:featuredmedia":[{"embeddable":true,"href":"https:\/\/diarioelpopular.com\/index.php\/wp-json\/"}],"wp:attachment":[{"href":"https:\/\/diarioelpopular.com\/index.php\/wp-json\/wp\/v2\/media?parent=381910"}],"wp:term":[{"taxonomy":"category","embeddable":true,"href":"https:\/\/diarioelpopular.com\/index.php\/wp-json\/wp\/v2\/categories?post=381910"},{"taxonomy":"post_tag","embeddable":true,"href":"https:\/\/diarioelpopular.com\/index.php\/wp-json\/wp\/v2\/tags?post=381910"}],"curies":[{"name":"wp","href":"https:\/\/api.w.org\/{rel}","templated":true}]}}