{"id":382644,"date":"2012-04-25T00:11:02","date_gmt":"2012-04-25T04:11:02","guid":{"rendered":"http:\/\/diarioelpopular.com\/?p=382644"},"modified":"2012-04-25T00:11:02","modified_gmt":"2012-04-25T04:11:02","slug":"la-gloria-de-la-final-de-munich-espera-al-equipo-mas-laureado-o-al-anfitrion","status":"publish","type":"post","link":"https:\/\/diarioelpopular.com\/index.php\/2012\/04\/25\/la-gloria-de-la-final-de-munich-espera-al-equipo-mas-laureado-o-al-anfitrion\/","title":{"rendered":"La gloria de la final de M\u00fanich espera al equipo m\u00e1s laureado o al anfitri\u00f3n"},"content":{"rendered":"<div id=\"attachment_382645\" style=\"width: 715px\" class=\"wp-caption aligncenter\"><a href=\"https:\/\/diarioelpopular.com\/wp-content\/uploads\/2012\/04\/web.bayern.jpg\"><img loading=\"lazy\" decoding=\"async\" aria-describedby=\"caption-attachment-382645\" class=\"size-full wp-image-382645\" title=\"web.bayern\" src=\"https:\/\/diarioelpopular.com\/wp-content\/uploads\/2012\/04\/web.bayern.jpg\" alt=\"\" width=\"705\" height=\"420\" \/><\/a><p id=\"caption-attachment-382645\" class=\"wp-caption-text\">MADRID.- Varios jugadores del Bayern de M\u00fanich caminan durante el entrenamiento de su equipo hoy, 24 de abril de 2012, en la v\u00edspera del encuentro que disputar\u00e1 este mi\u00e9rcoles el conjunto alem\u00e1n en el estadio Santiago Bernab\u00e9u ante el Real Madrid.<\/p><\/div>\n<p><strong><em>Madrid.-<\/em><\/strong> El Real Madrid busca diez a\u00f1os despu\u00e9s regresar de la mano del portugu\u00e9s Jos\u00e9 Mourinho a una final de la Liga de Campeones, con la obligaci\u00f3n de vencer en un ambiente de noche europea en el Santiago Bernab\u00e9u, para alcanzar la final de M\u00fanich que espera al equipo m\u00e1s laureado o al anfitri\u00f3n, un Bayern que afronta el momento por el que apost\u00f3 a todo o nada su campa\u00f1a.<\/p>\n<p>La imagen de Juan G\u00f3mez, &#8216;Juanito&#8217;, en un tifo gigante en un fondo del Bernab\u00e9u. El v\u00eddeo emotivo de Zinedine Zidane, h\u00e9roe de la &#8216;Novena&#8217; y las declaraciones de Iker Casillas y Cristiano Ronaldo. El Real Madrid pide a su afici\u00f3n que d\u00e9 el m\u00e1ximo en un d\u00eda clave, que marca el \u00e9xito de una temporada, y la grada del Santiago Bernab\u00e9u ser\u00e1 por un d\u00eda una olla a presi\u00f3n. Empujar\u00e1 hacia el triunfo que necesita su equipo.<\/p>\n<p>El perfecto camino hacia la final del Allianz Arena tuvo un traspi\u00e9 en la ida de la semifinal. Lo mismo que ocurri\u00f3 en el primer a\u00f1o de Mourinho en el Real Madrid.En aquella ocasi\u00f3n, rodeado de pol\u00e9mica, fue de local ante el Barcelona. Ahora, ante la derrota en M\u00fanich (2-1), le basta con ganar en su estadio para dar un paso m\u00e1s en la recuperaci\u00f3n del prestigio perdido tras seis a\u00f1os sin avanzar de octavos de final.<\/p>\n<p>Mourinho ha frenado la euforia que se apoder\u00f3 de su vestuario tras dar un paso de gigante hacia la Liga en el Camp Nou. El triunfo ante el gran enemigo, el Barcelona, y en su estadio, no solo sit\u00faa la Liga en su bolsillo, sino que es un impulso moral antes de una &#8216;final&#8217; como la que disputa ante el Bayern de M\u00fanich.<\/p>\n<p>A la hora de la verdad, el t\u00e9cnico portugu\u00e9s se ha olvidado de rotaciones y cansancios. Apuesta por un mismo once en los \u00faltimos partidos y en la previa de la semifinal, solo un cambio se perfila, la posible entrada del brasile\u00f1o Marcelo por el portugu\u00e9s Fabio Coentrao, que fue uno de los futbolistas m\u00e1s reforzados en el cl\u00e1sico por su marcaje a Dani \u00c1lves quit\u00e1ndose la espina del gol del triunfo del Bayern en un error en su defensa en el \u00faltimo minuto.<\/p>\n<p>El Real Madrid necesita marcar y lo ha hecho en todos los partidos del que es un firme camino hacia la &#8216;D\u00e9cima&#8217;. Los n\u00fameros juegan a su favor, aunque de poco le sirven a Mourinho. De local, en la Liga de Campeones, ha ganado diez de sus \u00faltimos once partidos y ante equipos alemanes su balance es de 17 victorias, tres empates y dos derrotas.<\/p>\n<p>Aunque en esta ocasi\u00f3n tendr\u00e1 que rememorar la \u00faltima ocasi\u00f3n que volte\u00f3 un 2-1, gracias a los goles de Zidane y Guti, y no pensar en malos recuerdos de un duelo convertido en cl\u00e1sico del f\u00fatbol europeo. En 19 enfrentamientos, el Bayern venci\u00f3 en once y el Real Madrid en seis. Necesita el s\u00e9ptimo para avanzar a la final.<\/p>\n<p>Es el mismo objetivo con el que llega a Madrid el Bayern, que se juega toda su temporada a una carta, en la competici\u00f3n en la que deposit\u00f3 todas sus esperanzas, con el deseo de ser el primer club de la historia que gana el t\u00edtulo en su estadio. Es la vuelta del t\u00e9cnico que dio la &#8216;S\u00e9ptima&#8217; Copa de Europa al madridismo: Jupp Heynckes.<\/p>\n<p>En su vestuario hay una mezcla de motivaci\u00f3n y tensi\u00f3n. La consigna parece ser entrar en el campo esperando que el Real Madrid salga a jugar al ataque, dej\u00e1ndole a los b\u00e1varos posibilidades de contragolpe, para lo que cuenta con la velocidad del franc\u00e9s Franck Ribery y del holand\u00e9s Arjen Robben. Las dos estrellas que han firmado la paz entre ellos, tras llegar a la manos.<\/p>\n<p>En lo personal, la gran duda es si Heynckes alinear\u00e1 como titular al centrocampista Bastian Schweinsteiger quien, pese a haberse ya recuperado de su lesi\u00f3n, en el partido de ida dio muestras de que todav\u00eda no est\u00e1 en plena forma.<\/p>\n<p>En todo caso, desde la ida ha pasado una semana y Schweinsteiger jug\u00f3 el s\u00e1bado noventa minutos en la victoria ante el Werder Bremen en la Bundesliga por lo que puede esperarse que desde entonces haya subido su nivel. Heynckes asegura que decidir\u00e1 el mi\u00e9rcoles y su alternativa es el ucraniano Anatoli Tymoshchuk.<\/p>\n<p>La posibilidad de retrasar a Toni Kroos a la posici\u00f3n de Schweinsteiger, como ha ocurrido en otros partidos, no parece muy probable debido a que se espera que en Madrid tengan que reforzar el trabajo defensivo.<\/p>\n<p>El Bayern quiere hacer buenos los precedentes en semifinales. Hasta ahora se han cruzado en cuatro ocasiones y tres cayeron del lado germano. El Allianz espera al equipo m\u00e1s laureado de Europa, el Real Madrid, o al anfitri\u00f3n.<\/p>\n","protected":false},"excerpt":{"rendered":"<p> El Real Madrid busca diez a\u00f1os despu\u00e9s regresar de la mano del portugu\u00e9s Jos\u00e9 Mourinho a una final de la Liga de Campeones, con la obligaci\u00f3n de vencer.<\/p>\n","protected":false},"author":1,"featured_media":382645,"comment_status":"open","ping_status":"open","sticky":false,"template":"","format":"standard","meta":{"footnotes":""},"categories":[28],"tags":[2517,2455,2442,503,1956,2432],"class_list":["post-382644","post","type-post","status-publish","format-standard","has-post-thumbnail","hentry","category-deportes","tag-bayern","tag-campeones","tag-de","tag-liga","tag-madrid","tag-real"],"_links":{"self":[{"href":"https:\/\/diarioelpopular.com\/index.php\/wp-json\/wp\/v2\/posts\/382644","targetHints":{"allow":["GET"]}}],"collection":[{"href":"https:\/\/diarioelpopular.com\/index.php\/wp-json\/wp\/v2\/posts"}],"about":[{"href":"https:\/\/diarioelpopular.com\/index.php\/wp-json\/wp\/v2\/types\/post"}],"author":[{"embeddable":true,"href":"https:\/\/diarioelpopular.com\/index.php\/wp-json\/wp\/v2\/users\/1"}],"replies":[{"embeddable":true,"href":"https:\/\/diarioelpopular.com\/index.php\/wp-json\/wp\/v2\/comments?post=382644"}],"version-history":[{"count":0,"href":"https:\/\/diarioelpopular.com\/index.php\/wp-json\/wp\/v2\/posts\/382644\/revisions"}],"wp:featuredmedia":[{"embeddable":true,"href":"https:\/\/diarioelpopular.com\/index.php\/wp-json\/"}],"wp:attachment":[{"href":"https:\/\/diarioelpopular.com\/index.php\/wp-json\/wp\/v2\/media?parent=382644"}],"wp:term":[{"taxonomy":"category","embeddable":true,"href":"https:\/\/diarioelpopular.com\/index.php\/wp-json\/wp\/v2\/categories?post=382644"},{"taxonomy":"post_tag","embeddable":true,"href":"https:\/\/diarioelpopular.com\/index.php\/wp-json\/wp\/v2\/tags?post=382644"}],"curies":[{"name":"wp","href":"https:\/\/api.w.org\/{rel}","templated":true}]}}