{"id":383533,"date":"2012-04-27T00:15:12","date_gmt":"2012-04-27T04:15:12","guid":{"rendered":"http:\/\/diarioelpopular.com\/?p=383533"},"modified":"2012-04-27T00:15:12","modified_gmt":"2012-04-27T04:15:12","slug":"kevin-hernandez","status":"publish","type":"post","link":"https:\/\/diarioelpopular.com\/index.php\/2012\/04\/27\/kevin-hernandez\/","title":{"rendered":"Kevin Hern\u00e1ndez"},"content":{"rendered":"<div id=\"attachment_383534\" style=\"width: 715px\" class=\"wp-caption aligncenter\"><a href=\"https:\/\/diarioelpopular.com\/wp-content\/uploads\/2012\/04\/WEB.GRINGO.jpg\"><img loading=\"lazy\" decoding=\"async\" aria-describedby=\"caption-attachment-383534\" class=\"size-full wp-image-383534\" title=\"WEB.GRINGO\" src=\"https:\/\/diarioelpopular.com\/wp-content\/uploads\/2012\/04\/WEB.GRINGO.jpg\" alt=\"\" width=\"705\" height=\"420\" \/><\/a><p id=\"caption-attachment-383534\" class=\"wp-caption-text\">\u201cMe divert\u00ed much\u00edsimo durante el rodaje. Trabajar con Mel Gibson fue muy divertido, siempre estaba haciendo chistes y tenia una pasi\u00f3n grande trabajando en el set\u201d, fueron las palabras del emocionado Kevin.<\/p><\/div>\n<p align=\"center\">Comenz\u00f3 a actuar cuando era muy peque\u00f1o, es un poco t\u00edmido pero cada vez le encanta m\u00e1s la actuaci\u00f3n llegando a interpretar diferentes personajes. Admite que a la vez que se divierte aprende y tiene la oportunidad de viajar, algo que le apasiona.<\/p>\n<p>El salvadore\u00f1o Kevin Hern\u00e1ndez, participa en \u201cGet The Gringo\u201d, pel\u00edcula que cuenta la historia de un criminal norteamericano que termina preso en una c\u00e1rcel mexicana, y que deber\u00e1 valerse de toda su astucia y de la ayuda de un amigo muy peculiar para sobrevivir. Encarnado por Mel Gibson, es un delincuente que, intentando escapar de la polic\u00eda, se estrella contra el muro de la frontera entre Estados Unidos y M\u00e9xico, terminando detenido por las autoridades mexicanas. All\u00ed ser\u00e1 trasladado a la dura prisi\u00f3n de \u201cEl Pueblito\u201d, en donde conocer\u00e1 \u2018al ni\u00f1o\u2019, que le ense\u00f1ar\u00e1 a moverse dentro de ese peligroso mundo en donde un paso en falso puede pagarse con la vida.<\/p>\n<p><a href=\"https:\/\/diarioelpopular.com\/wp-content\/uploads\/2012\/04\/web.jpg\"><img loading=\"lazy\" decoding=\"async\" class=\"aligncenter size-full wp-image-383535\" title=\"web\" src=\"https:\/\/diarioelpopular.com\/wp-content\/uploads\/2012\/04\/web.jpg\" alt=\"\" width=\"705\" height=\"420\" \/><\/a>\u201cMe divert\u00ed much\u00edsimo durante el rodaje. Trabajar con Mel Gibson fue muy divertido, siempre estaba haciendo chistes y tenia una pasi\u00f3n grande trabajando en el set\u201d, fueron las palabras del emocionado Kevin.<\/p>\n<p>\u00bfCu\u00e1l fue la escena que mas recuerdas?<\/p>\n<p>\u201cLa \u00faltima, cuando fuimos a la playa, ah\u00ed si que la pasamos bien, nos tiramos arena y nos re\u00edmos bastante\u201d. Igualmente cuando firmamos en la c\u00e1rcel, me impresion\u00f3 ya que nunca hab\u00eda entrado en alguna de ellas y solo que yo esperaba ver los presos, claro esta estaba vac\u00eda pero me explicaron como ellos viv\u00edan y com\u00edan\u201d.<\/p>\n<p>\u00bfLa m\u00e1s dif\u00edcil para ti?<\/p>\n<p>\u201cCuando tenia que llorar y enojarme a la misma vez, eso para mi fue bastante dif\u00edcil es que nunca soy as\u00ed y no sabia como actuar. Afortunadamente la hice muy bien y logr\u00e9 lo que se quer\u00eda gracias a los consejos que me dio Mel, como el que pensara en algo que no me gustaba, \u00a0y pens\u00e9 en el colegio y en mi hermanita (risas)\u201d.<\/p>\n<p>La pel\u00edcula fue filmada en M\u00e9xico, \u00bfHab\u00edas estado antes en ese pa\u00eds?<\/p>\n<p>\u201cNo y me qued\u00e9 muy impresionado, no solo por ser tan bonito, sino por su gente amable y su comida. El D.F. y Veracruz son realmente impactantes\u201d.<\/p>\n<p><a href=\"https:\/\/diarioelpopular.com\/wp-content\/uploads\/2012\/04\/web.poster.jpg\"><img loading=\"lazy\" decoding=\"async\" class=\"aligncenter size-full wp-image-383536\" title=\"web.poster\" src=\"https:\/\/diarioelpopular.com\/wp-content\/uploads\/2012\/04\/web.poster.jpg\" alt=\"\" width=\"705\" height=\"420\" \/><\/a>La premiere de \u201cGet The Gringo\u201d, se realiz\u00f3 en la ciudad de Austin el pasado 18 de Abril, como te sentiste en el pre-estreno.<\/p>\n<p>\u201cMuy bien, me gusto todo y fue la primera vez que vi la pel\u00edcula con todo el p\u00fablico. Verme en la pantalla grande es una experiencia realmente maravillosa, me faltan palabras para explicarlo\u201d.<\/p>\n<p>Naciste en El Salvador y de peque\u00f1o te mudas con tu familia a California, \u00bfQu\u00e9 te dicen ellos ahora?<\/p>\n<p>\u201cSe sienten muy orgullosos de todo el trabajo que he logrado y hasta donde he podido llegar. Mi hermanita solo tiene siete a\u00f1os y siempre me dice Kevin te vi en la televisi\u00f3n, igual son mis padres, ellos est\u00e1n bien contentos\u201d.<\/p>\n<p>La pel\u00edcula no se estrenar\u00e1 en cines, y podr\u00e1 ser vista por el p\u00fablico directamente en la comodidad de su casa por el sistema Video On Demand a trav\u00e9s de DIRECTV este 1 de mayo.<\/p>\n<p>\u201cMucha gente en la actualidad prefiere ver las pel\u00edculas en la sala de su casa, ahora podr\u00e1n disfrutar de \u201cGet The Gringo\u201d, no se la pueden perder\u201d, \u00a0expres\u00f3 finalmente el joven actor.<\/p>\n","protected":false},"excerpt":{"rendered":"<p>Comenz\u00f3 a actuar cuando era muy peque\u00f1o, es un poco t\u00edmido pero cada vez le encanta m\u00e1s la actuaci\u00f3n llegando a interpretar diferentes personajes. Admite que a la vez que se divierte aprende y tiene la oportunidad de viajar, algo que le apasiona.<\/p>\n","protected":false},"author":1,"featured_media":383534,"comment_status":"open","ping_status":"open","sticky":false,"template":"","format":"standard","meta":{"footnotes":""},"categories":[80,81],"tags":[],"class_list":["post-383533","post","type-post","status-publish","format-standard","has-post-thumbnail","hentry","category-cine-2","category-columnistas"],"_links":{"self":[{"href":"https:\/\/diarioelpopular.com\/index.php\/wp-json\/wp\/v2\/posts\/383533","targetHints":{"allow":["GET"]}}],"collection":[{"href":"https:\/\/diarioelpopular.com\/index.php\/wp-json\/wp\/v2\/posts"}],"about":[{"href":"https:\/\/diarioelpopular.com\/index.php\/wp-json\/wp\/v2\/types\/post"}],"author":[{"embeddable":true,"href":"https:\/\/diarioelpopular.com\/index.php\/wp-json\/wp\/v2\/users\/1"}],"replies":[{"embeddable":true,"href":"https:\/\/diarioelpopular.com\/index.php\/wp-json\/wp\/v2\/comments?post=383533"}],"version-history":[{"count":0,"href":"https:\/\/diarioelpopular.com\/index.php\/wp-json\/wp\/v2\/posts\/383533\/revisions"}],"wp:featuredmedia":[{"embeddable":true,"href":"https:\/\/diarioelpopular.com\/index.php\/wp-json\/"}],"wp:attachment":[{"href":"https:\/\/diarioelpopular.com\/index.php\/wp-json\/wp\/v2\/media?parent=383533"}],"wp:term":[{"taxonomy":"category","embeddable":true,"href":"https:\/\/diarioelpopular.com\/index.php\/wp-json\/wp\/v2\/categories?post=383533"},{"taxonomy":"post_tag","embeddable":true,"href":"https:\/\/diarioelpopular.com\/index.php\/wp-json\/wp\/v2\/tags?post=383533"}],"curies":[{"name":"wp","href":"https:\/\/api.w.org\/{rel}","templated":true}]}}