{"id":383554,"date":"2012-04-27T00:12:49","date_gmt":"2012-04-27T04:12:49","guid":{"rendered":"http:\/\/diarioelpopular.com\/?p=383554"},"modified":"2012-04-27T00:12:49","modified_gmt":"2012-04-27T04:12:49","slug":"nadal-si-quiero-ganar-a-tipsarevic-tendre-que-jugar-mas-agresivo","status":"publish","type":"post","link":"https:\/\/diarioelpopular.com\/index.php\/2012\/04\/27\/nadal-si-quiero-ganar-a-tipsarevic-tendre-que-jugar-mas-agresivo\/","title":{"rendered":"Nadal: &#8220;Si quiero ganar a Tipsarevic, tendr\u00e9 que jugar m\u00e1s agresivo&#8221;"},"content":{"rendered":"<div id=\"attachment_383555\" style=\"width: 715px\" class=\"wp-caption aligncenter\"><a href=\"https:\/\/diarioelpopular.com\/wp-content\/uploads\/2012\/04\/webnadal.jpg\"><img loading=\"lazy\" decoding=\"async\" aria-describedby=\"caption-attachment-383555\" class=\"size-full wp-image-383555\" title=\"webnadal\" src=\"https:\/\/diarioelpopular.com\/wp-content\/uploads\/2012\/04\/webnadal.jpg\" alt=\"\" width=\"705\" height=\"420\" \/><\/a><p id=\"caption-attachment-383555\" class=\"wp-caption-text\">BARCELONA.- El tenista espa\u00f1ol Rafa Nadal golpea a la bola durante el partido que le ha enfrentado al tenista colombiano Robert Farah, a quien ha vencido este jueves 26 de abril, por 6-2 6-3, en la cuarta jornada del Trofeo Conde de God\u00f3 que se juega en las pistas del Real Club de Tenis Barcelona.<\/p><\/div>\n<p><strong><em>Barcelona.-<\/em><\/strong> El espa\u00f1ol Rafael Nadal, primer cabeza de serie del God\u00f3, cree que para ganar este viernes al serbio Janko Tipsarevic en los cuartos de final del torneo, deber\u00e1 &#8220;jugar m\u00e1s agresivo&#8221; de lo que lo ha hecho ante el colombiano Robert Farah.<\/p>\n<p>&#8220;Hoy no he jugado mi mejor partido. He estado s\u00f3lido a ratos, he cometido algunos errores y he jugado un poco atr\u00e1s&#8221;, ha explicado sobre su partido ante Farah, al que ha vencido por 6-2 y 6-3 en una hora y 26 minutos de partido.<\/p>\n<p>Nadal ha destacado que &#8220;uno no puede esperar ganar 6-1 y 6-1 en tercera ronda del God\u00f3&#8221; y que Farah ha demostrado este jueves que &#8220;no tiene el r\u00e1nking (246 del mundo) que le corresponde&#8221;.<\/p>\n<p>&#8220;Es un jugador que saca bien, tiene un buen rev\u00e9s, se mete dentro de la pista. Y si ayer elimin\u00f3 a Pablo And\u00fajar, 38 del mundo, que viene de ganar Casablanca y es un buen jugador de tierra, ser\u00e1 por algo&#8221;, ha destacado.<\/p>\n<p>Nadal cree que deber\u00e1 mejorar sus prestaciones ante Tipsarevic, para que no se le complique el partido: &#8220;Janko est\u00e1 el 8 del mundo, saca muy bien, tiene buenos tiros desde el fondo y saldr\u00e1 a presionarme y a jugar agresivo desde el primer punto. Yo lo que tengo que hacer es ponerle pelotas que sean dif\u00edciles de atacar y, si las ataca, que sea dos metros por detr\u00e1s de la l\u00ednea de fondo&#8221;.<\/p>\n<p>Se han enfrentado en dos ocasiones, con victoria para el balear en ambas. El \u00fanico partido que han jugado en tierra fue en Benidorm, en primera ronda de la Copa Davis de 2009.<br \/>\nEntonces, Rafal Nadal fulmin\u00f3 al serbio en por 6-1, 6-0, 6-2. &#8220;El partido debi\u00f3 ser muy malo porque no lo recuerdo. Ahora somos tres a\u00f1os m\u00e1s mayores. Yo entonces era el n\u00famero 1 y ahora soy el 2, y Tipsarevic no se cual era y ahora est\u00e1 el 8. Todo ha mejorado m\u00e1s para \u00e9l&#8221;, ha bromeado.<\/p>\n<p>El hexacampe\u00f3n del God\u00f3 comparte el cuadro de cuartos de final con jugadores como Andy Murray, Kei Nishikori o Milos Raonic. Todos ellos se han cansado esta semana de repetir que Nadal es favorito y que ellos no tienen condiciones para jugar en tierra.<\/p>\n<p>Nadal discrepa: &#8220;\u00bfQue Murray no tiene condiciones para jugar en tierra? \u00bfAlguien que ha hecho semis en Roland Garros, en Montecarlo y en Roma? \u00bfRaonic, que hoy ha ganado 6-3 y 6-3 a uno de los mejores del mundo en esta superficie (Almagro)? \u00bfNishikori, un jugador joven, completo, rapid\u00edsimo? Creo no son los mejores ejemplos de jugadores poco habituados a la tierra&#8221;.<\/p>\n<p>Por \u00faltimo, Nadal ha valorado la eliminaci\u00f3n del Real Madrid en las semifinales de la Liga de Campeones ante el Bayern de M\u00fanich. &#8220;Perdieron ante un equipazo, como pod\u00edan haber ganado. El deporte es as\u00ed, pero el Madrid lleva haciendo una temporada fant\u00e1stica y, como seguidor madridista, estoy satisfecho del rendimiento del equipo durante todo el a\u00f1o&#8221;, ha concluido.<\/p>\n","protected":false},"excerpt":{"rendered":"<p>El espa\u00f1ol Rafael Nadal, primer cabeza de serie del God\u00f3, cree que para ganar este viernes al serbio Janko Tipsarevic en los cuartos de final del torneo, deber\u00e1 &#8220;jugar m\u00e1s agresivo&#8221; .<\/p>\n","protected":false},"author":1,"featured_media":383555,"comment_status":"open","ping_status":"open","sticky":false,"template":"","format":"standard","meta":{"footnotes":""},"categories":[28],"tags":[178,3092,426,176],"class_list":["post-383554","post","type-post","status-publish","format-standard","has-post-thumbnail","hentry","category-deportes","tag-barcelona","tag-godo","tag-nadal","tag-tenis"],"_links":{"self":[{"href":"https:\/\/diarioelpopular.com\/index.php\/wp-json\/wp\/v2\/posts\/383554","targetHints":{"allow":["GET"]}}],"collection":[{"href":"https:\/\/diarioelpopular.com\/index.php\/wp-json\/wp\/v2\/posts"}],"about":[{"href":"https:\/\/diarioelpopular.com\/index.php\/wp-json\/wp\/v2\/types\/post"}],"author":[{"embeddable":true,"href":"https:\/\/diarioelpopular.com\/index.php\/wp-json\/wp\/v2\/users\/1"}],"replies":[{"embeddable":true,"href":"https:\/\/diarioelpopular.com\/index.php\/wp-json\/wp\/v2\/comments?post=383554"}],"version-history":[{"count":0,"href":"https:\/\/diarioelpopular.com\/index.php\/wp-json\/wp\/v2\/posts\/383554\/revisions"}],"wp:featuredmedia":[{"embeddable":true,"href":"https:\/\/diarioelpopular.com\/index.php\/wp-json\/"}],"wp:attachment":[{"href":"https:\/\/diarioelpopular.com\/index.php\/wp-json\/wp\/v2\/media?parent=383554"}],"wp:term":[{"taxonomy":"category","embeddable":true,"href":"https:\/\/diarioelpopular.com\/index.php\/wp-json\/wp\/v2\/categories?post=383554"},{"taxonomy":"post_tag","embeddable":true,"href":"https:\/\/diarioelpopular.com\/index.php\/wp-json\/wp\/v2\/tags?post=383554"}],"curies":[{"name":"wp","href":"https:\/\/api.w.org\/{rel}","templated":true}]}}