{"id":384316,"date":"2012-05-01T23:12:06","date_gmt":"2012-05-02T03:12:06","guid":{"rendered":"http:\/\/diarioelpopular.com\/?p=384316"},"modified":"2012-05-01T23:12:06","modified_gmt":"2012-05-02T03:12:06","slug":"exposicion-revive-a-la-actriz-maria-montez-en-centenario-de-su-nacimiento","status":"publish","type":"post","link":"https:\/\/diarioelpopular.com\/index.php\/2012\/05\/01\/exposicion-revive-a-la-actriz-maria-montez-en-centenario-de-su-nacimiento\/","title":{"rendered":"Exposici\u00f3n revive a la actriz Mar\u00eda Montez, en centenario de su nacimiento"},"content":{"rendered":"<div id=\"attachment_384318\" style=\"width: 715px\" class=\"wp-caption aligncenter\"><a href=\"https:\/\/diarioelpopular.com\/wp-content\/uploads\/2012\/05\/WEB.MONTEZ1.jpg\"><img loading=\"lazy\" decoding=\"async\" aria-describedby=\"caption-attachment-384318\" class=\"size-full wp-image-384318\" title=\"WEB.MONTEZ\" src=\"https:\/\/diarioelpopular.com\/wp-content\/uploads\/2012\/05\/WEB.MONTEZ1.jpg\" alt=\"\" width=\"705\" height=\"420\" \/><\/a><p id=\"caption-attachment-384318\" class=\"wp-caption-text\">SANTO DOMINGO (R. DOMINICANA).- Visitantes observan este martesmartes 1 de mayo, varias de las obras que componen la Exposici\u00f3n Homenaje a Mar\u00eda Montez en Santo Domingo, Rep\u00fablica Dominicana. La muestra fotogr\u00e1fica revive a la actriz dominicana, quien conquist\u00f3 Hollywood en la d\u00e9cada de los cuarenta y se gan\u00f3 el t\u00edtulo de &quot;La reina del tecnicolor&quot;, y de cuyo nacimiento se celebrar\u00e1n cien a\u00f1os el pr\u00f3ximo 6 de junio.<\/p><\/div>\n<p><strong><em>Santo Domingo.-<\/em><\/strong> Una muestra fotogr\u00e1fica revive estos d\u00edas en la capital de la Rep\u00fablica Dominicana a la actriz local Mar\u00eda\u00a0Montez, quien conquist\u00f3 Hollywood en la d\u00e9cada de los cuarenta y se gan\u00f3 el t\u00edtulo de &#8220;La reina del tecnicolor&#8221;, y de cuyo nacimiento se celebrar\u00e1n cien a\u00f1os el pr\u00f3ximo 6 de junio.<\/p>\n<p>La Exposici\u00f3n Homenaje a Mar\u00eda\u00a0Montez, que permanecer\u00e1 abierta al p\u00fablico hasta el pr\u00f3ximo domingo, recoge diferentes momentos de la vida cinematogr\u00e1fica de\u00a0Montez, quien naci\u00f3 el 6 de junio de 1912 en Barahona (suroeste dominicano) y falleci\u00f3 en Par\u00eds el 7 de septiembre de 1951, al parecer, de un ataque al coraz\u00f3n mientras se ba\u00f1aba.<\/p>\n<p>Pero tambi\u00e9n recoge informaci\u00f3n sobre la vida y obra de la dominicana, cuyo verdadero nombre era Mar\u00eda \u00c1frica Gracia Vidal, y que se destac\u00f3 en pel\u00edculas de aventuras como &#8220;Las mil y una noches&#8221; (1942), &#8220;La salvaje blanca&#8221; (1943), &#8220;La reina de cobra&#8221; (1944), y &#8220;Sud\u00e1n&#8221; (1945), entre otras.<\/p>\n<p>La exposici\u00f3n se realiza en el marco de la XV Feria Internacional del Libro de Santo Domingo, que inici\u00f3 el pasado 18 de abril en la Plaza de la Cultura de la capital dominicana, y forma parte de una serie de actividades que se organizan para conmemorar el centenario del nacimiento de la histri\u00f3n, hija de un diplom\u00e1tico espa\u00f1ol y una dominicana.<\/p>\n<p>A principios de junio, la citada muestra se trasladar\u00e1 a Barahona, en julio al Palacio Consistorial de Santiago (norte) y posteriormente a Nueva York, seg\u00fan el programa elaborado por dicho Ministerio y la Comisi\u00f3n para el Centenario de Mar\u00eda Montez<br \/>\nEl calendario incluye, adem\u00e1s, la celebraci\u00f3n del 1 al 9 de junio del montaje teatral &#8220;Mar\u00eda\u00a0Montez, la reina del Technicolor&#8221;, con la actriz dominicana residente en EE.UU. Dalia Davi, que se celebrar\u00e1 en el Teatro Nacional de Santo Domingo y en el Gran Teatro del Cibao, en la norte\u00f1a provincia de Santiago.<\/p>\n<p>El 6 de junio, aniversario del nacimiento de la actriz, se realizar\u00e1n simult\u00e1neamente dos oficios religiosos en Santo Domingo y Barahona, mientras que en la noche tendr\u00e1 lugar un concierto de gala de la Orquesta Sinf\u00f3nica Nacional en el auditorio del Centro Universitario Regional del Sur de su ciudad natal.<\/p>\n<p>El mismo d\u00eda, en Santo Domingo, se inaugurar\u00e1 la Gran Colectiva de Dise\u00f1adores en honor a\u00a0Montez\u00a0en la Galer\u00eda Nacional de Bellas Artes, la cual se extender\u00e1 hasta el 15 de agosto.<\/p>\n","protected":false},"excerpt":{"rendered":"<p>Una muestra fotogr\u00e1fica revive estos d\u00edas en la capital de la Rep\u00fablica Dominicana a la actriz local Mar\u00eda Montez, quien conquist\u00f3 Hollywood en la d\u00e9cada de los cuarenta.<\/p>\n","protected":false},"author":1,"featured_media":384318,"comment_status":"open","ping_status":"open","sticky":false,"template":"","format":"standard","meta":{"footnotes":""},"categories":[80,23],"tags":[2202,3132,3133,3091],"class_list":["post-384316","post","type-post","status-publish","format-standard","has-post-thumbnail","hentry","category-cine-2","category-latinoamerica","tag-cine-3","tag-dominicana","tag-montez","tag-republica"],"_links":{"self":[{"href":"https:\/\/diarioelpopular.com\/index.php\/wp-json\/wp\/v2\/posts\/384316","targetHints":{"allow":["GET"]}}],"collection":[{"href":"https:\/\/diarioelpopular.com\/index.php\/wp-json\/wp\/v2\/posts"}],"about":[{"href":"https:\/\/diarioelpopular.com\/index.php\/wp-json\/wp\/v2\/types\/post"}],"author":[{"embeddable":true,"href":"https:\/\/diarioelpopular.com\/index.php\/wp-json\/wp\/v2\/users\/1"}],"replies":[{"embeddable":true,"href":"https:\/\/diarioelpopular.com\/index.php\/wp-json\/wp\/v2\/comments?post=384316"}],"version-history":[{"count":0,"href":"https:\/\/diarioelpopular.com\/index.php\/wp-json\/wp\/v2\/posts\/384316\/revisions"}],"wp:featuredmedia":[{"embeddable":true,"href":"https:\/\/diarioelpopular.com\/index.php\/wp-json\/"}],"wp:attachment":[{"href":"https:\/\/diarioelpopular.com\/index.php\/wp-json\/wp\/v2\/media?parent=384316"}],"wp:term":[{"taxonomy":"category","embeddable":true,"href":"https:\/\/diarioelpopular.com\/index.php\/wp-json\/wp\/v2\/categories?post=384316"},{"taxonomy":"post_tag","embeddable":true,"href":"https:\/\/diarioelpopular.com\/index.php\/wp-json\/wp\/v2\/tags?post=384316"}],"curies":[{"name":"wp","href":"https:\/\/api.w.org\/{rel}","templated":true}]}}