{"id":384328,"date":"2012-05-01T23:08:54","date_gmt":"2012-05-02T03:08:54","guid":{"rendered":"http:\/\/diarioelpopular.com\/?p=384328"},"modified":"2012-05-01T23:08:54","modified_gmt":"2012-05-02T03:08:54","slug":"mourinho-anuncia-que-karanka-aumenta-a-cinco-su-familia","status":"publish","type":"post","link":"https:\/\/diarioelpopular.com\/index.php\/2012\/05\/01\/mourinho-anuncia-que-karanka-aumenta-a-cinco-su-familia\/","title":{"rendered":"Mourinho anuncia que Karanka aumenta a cinco su &#8220;familia&#8221;"},"content":{"rendered":"<div id=\"attachment_384330\" style=\"width: 715px\" class=\"wp-caption aligncenter\"><a href=\"https:\/\/diarioelpopular.com\/wp-content\/uploads\/2012\/05\/WEB.MOURINHO.jpg\"><img loading=\"lazy\" decoding=\"async\" aria-describedby=\"caption-attachment-384330\" class=\"size-full wp-image-384330\" title=\"WEB.MOURINHO\" src=\"https:\/\/diarioelpopular.com\/wp-content\/uploads\/2012\/05\/WEB.MOURINHO.jpg\" alt=\"\" width=\"705\" height=\"420\" \/><\/a><p id=\"caption-attachment-384330\" class=\"wp-caption-text\">MADRID.- El entrenador del Real Madrid, el portugu\u00e9s Jose Mourinho, durante la rueda de prensa ofrecida este martes en Valdebebas, en la v\u00edspera del partido de liga que les enfrenta al Athletic de Bilbao en San Mam\u00e9s.<\/p><\/div>\n<p><strong><em>Madrid.-<\/em><\/strong> Jos\u00e9 Mourinho, t\u00e9cnico del Real Madrid, desvel\u00f3 este martes que cuando se marche del club, Aitor Karanka, su segundo desde que lleg\u00f3 a la &#8220;casa blanca&#8221;, ser\u00e1 parte de su &#8220;familia&#8221; y se marchar\u00e1 donde \u00e9l vaya a entrenar.<\/p>\n<p>Mourinho mostr\u00f3 su agradecimiento en p\u00fablico a Karanka, admitiendo que si el Real Madrid no le quiere como entrenador, se marchar\u00e1 con \u00e9l, formando parte de su cuerpo t\u00e9cnico, cuando se marche.<\/p>\n<p>&#8220;Llegu\u00e9 aqu\u00ed con una familia de cuatro, que est\u00e1 junta desde hace muchos a\u00f1os, y ahora somos cinco porque Karanka es parte de esa familia. El futuro de \u00e9l el d\u00eda que yo salga es muy simple, si el Real Madrid quiere que contin\u00fae aqu\u00ed ser\u00e9 el primero en decirle qu\u00e9date porque es tu casa, pero si por alguna raz\u00f3n no pasara esta situaci\u00f3n continuar\u00e1 trabajando conmigo vaya donde yo vaya&#8221;, manifest\u00f3 en la sala de prensa.<\/p>\n<p>El t\u00e9cnico portugu\u00e9s asegur\u00f3 que su deseo es mantener todo como est\u00e1 en el Real Madrid para la pr\u00f3xima temporada. &#8220;Quiero mantener a todos&#8221;, asegur\u00f3.<\/p>\n<p>&#8220;La temporada que estamos haciendo es responsabilidad de todos. Cada uno ha aportado su granito, jugadores por un lado, entrenadores por otro, cada uno a lo suyo. Con el poder que me da mi responsabilidad de primer entrenador encantado de continuar con todos los que est\u00e1n trabajando conmigo, incluyendo jugadores a los que estoy agradecido por su contribuci\u00f3n. Al final de temporada les agradecer\u00e9 todo lo que est\u00e1n dando. Los queremos a todos&#8221;, a\u00f1adi\u00f3 descartando salidas de jugadores.<\/p>\n","protected":false},"excerpt":{"rendered":"<p>Madrid.- Jos\u00e9 Mourinho, t\u00e9cnico del Real Madrid, desvel\u00f3 este martes que cuando se marche del club, Aitor Karanka, su segundo desde que lleg\u00f3 a la&hellip;<\/p>\n","protected":false},"author":1,"featured_media":384330,"comment_status":"open","ping_status":"open","sticky":false,"template":"","format":"standard","meta":{"footnotes":""},"categories":[28],"tags":[1956,2534,2432],"class_list":["post-384328","post","type-post","status-publish","format-standard","has-post-thumbnail","hentry","category-deportes","tag-madrid","tag-mourinho","tag-real"],"_links":{"self":[{"href":"https:\/\/diarioelpopular.com\/index.php\/wp-json\/wp\/v2\/posts\/384328","targetHints":{"allow":["GET"]}}],"collection":[{"href":"https:\/\/diarioelpopular.com\/index.php\/wp-json\/wp\/v2\/posts"}],"about":[{"href":"https:\/\/diarioelpopular.com\/index.php\/wp-json\/wp\/v2\/types\/post"}],"author":[{"embeddable":true,"href":"https:\/\/diarioelpopular.com\/index.php\/wp-json\/wp\/v2\/users\/1"}],"replies":[{"embeddable":true,"href":"https:\/\/diarioelpopular.com\/index.php\/wp-json\/wp\/v2\/comments?post=384328"}],"version-history":[{"count":0,"href":"https:\/\/diarioelpopular.com\/index.php\/wp-json\/wp\/v2\/posts\/384328\/revisions"}],"wp:featuredmedia":[{"embeddable":true,"href":"https:\/\/diarioelpopular.com\/index.php\/wp-json\/"}],"wp:attachment":[{"href":"https:\/\/diarioelpopular.com\/index.php\/wp-json\/wp\/v2\/media?parent=384328"}],"wp:term":[{"taxonomy":"category","embeddable":true,"href":"https:\/\/diarioelpopular.com\/index.php\/wp-json\/wp\/v2\/categories?post=384328"},{"taxonomy":"post_tag","embeddable":true,"href":"https:\/\/diarioelpopular.com\/index.php\/wp-json\/wp\/v2\/tags?post=384328"}],"curies":[{"name":"wp","href":"https:\/\/api.w.org\/{rel}","templated":true}]}}