{"id":384900,"date":"2012-05-03T23:50:09","date_gmt":"2012-05-04T03:50:09","guid":{"rendered":"http:\/\/diarioelpopular.com\/?p=384900"},"modified":"2012-05-03T23:50:09","modified_gmt":"2012-05-04T03:50:09","slug":"premios-billboard-a-la-musica-latina-2012-y-los-grandes-ganadores","status":"publish","type":"post","link":"https:\/\/diarioelpopular.com\/index.php\/2012\/05\/03\/premios-billboard-a-la-musica-latina-2012-y-los-grandes-ganadores\/","title":{"rendered":"Premios Billboard a la M\u00fasica Latina 2012  Y los grandes ganadores"},"content":{"rendered":"<div id=\"attachment_384917\" style=\"width: 715px\" class=\"wp-caption aligncenter\"><a href=\"https:\/\/diarioelpopular.com\/wp-content\/uploads\/2012\/05\/web.Santa-Rosa-Tanon.jpg\"><img loading=\"lazy\" decoding=\"async\" aria-describedby=\"caption-attachment-384917\" class=\"size-full wp-image-384917\" title=\"web.Santa-Rosa-Tanon\" src=\"https:\/\/diarioelpopular.com\/wp-content\/uploads\/2012\/05\/web.Santa-Rosa-Tanon.jpg\" alt=\"\" width=\"705\" height=\"420\" \/><\/a><p id=\"caption-attachment-384917\" class=\"wp-caption-text\">Gilberto Santa Rosa - Marc Anthony - Olga Ta\u00f1\u00f3n<\/p><\/div>\n<p align=\"center\">Los Premios Billboard presentados por State Farm\u00ae se entregaron el pasado jueves 26 de Abril en el BankUnited Center de Miami, con una ceremonia que fue conducida por Ayl\u00edn Mujica y Daniel Sarcos, a quienes pudo not\u00e1rseles la buena qu\u00edmica durante el show.<\/p>\n<p>Don Omar y Prince Royce fueron los grandes ganadores al conseguir ocho galardones cada uno. El d\u00fao puertorrique\u00f1o de reggaet\u00f3n Wisin &amp; Yandel y el cantante portugu\u00e9s Lucenzo se llevaron para su casa\u00a0 tres cada uno, mientras que Cristian Castro, Gerardo Ortiz, Aventura y Los Bukis recibieron dos premios cada uno.<\/p>\n<p>Shakira se llevo cuatro galardones, Man\u00e1 recibi\u00f3 cinco premios,\u00a0 Enrique Iglesias no solo se llev\u00f3 el galard\u00f3n como artista del a\u00f1o,\u00a0 sino que fue nombrado ganador del \u2018Premio Tu Mundo\u2019 al recibir la mayor\u00eda de votos de los seguidores en la p\u00e1gina web de Telemundo.<\/p>\n<p>La actuaci\u00f3n de grandes artistas arranc\u00f3 interminables aplausos. El evento lo abri\u00f3 Pitbull interpretando algunos de sus \u00e9xitos, Paulina Rubio con su gran estreno en ingl\u00e9s de Boys Will Be Boys, mientras que Juanes cant\u00f3 dos temas: La se\u00f1al y Me enamora. Tambi\u00e9n cont\u00f3 la noche con actuaciones como la de Olga Ta\u00f1\u00f3n y Gilberto Santa Rosa\u00a0 quienes interpretaron dos de los grandes \u00e9xitos de su compatriota Marc Anthony quien subi\u00f3 al escenario y al final\u00a0 los tres cantaron juntos \u2018Que precio tiene el cielo\u2019, poniendo a bailar al p\u00fablico que los escuchaba de pie.<\/p>\n<p>Marc Anthony fue homenajeado con el Premio Billboard \u2018Sal\u00f3n de la Fama\u2019, que recibi\u00f3 de parte de Leila Cobo y Emilio Estefan. Marc muy emocionado, casi hasta las l\u00e1grimas, le agradeci\u00f3 a su p\u00fablico y a su equipo de trabajo.<\/p>\n<p>\u201cEsto no se hace solo. Tengo un equipo de trabajo incre\u00edble, es un momento s\u00faper especial. Imaginen los sue\u00f1os de un ni\u00f1o en las calles de Nueva York. Compartir este momento con mis colegas a trav\u00e9s de tantos a\u00f1os es algo muy especial. Todos los que estamos aqu\u00ed decimos que nos sacrificamos para poder tener una carrera, pero quiero reconocer a mis hijos y a mi familia, porque ellos tambi\u00e9n se han sacrificado. I love you too baby, le dijo a su novia Shannon. Estoy empezando, me falta mucho\u201d, concluy\u00f3 el cantautor, actor, productor y empresario.<\/p>\n<p>Y quien cerr\u00f3 la velada fue el \u00eddolo brasile\u00f1o Michel Tel\u00f3 interpretando su \u00e9xito mundial Ai Se Te Eu Pego, tema que ha tenido m\u00e1s de 300 millones de hits en YouTube.<\/p>\n<p>Muchas celebridades estuvieron en la noche de los Premios Billboard como el Se\u00f1or Joseph Jackson padre del artista musical m\u00e1s exitoso de todos los tiempos, Michael Jackson.<\/p>\n<p>Con muchos de los famosos que pasaron por la Alfombra Roja conversamos y estos son sus mensajes:<\/p>\n<p><strong>Prince Royce.<\/strong><\/p>\n<p>\u201cEstoy muy feliz y agradecido por tantas nominaciones, esta es la forma en donde los artistas sentimos que nuestro trabajo tiene un porqu\u00e9. De igual forma s\u00e9 que todos mis compa\u00f1eros con los cuales estamos compitiendo por estos importantes Premios Billboard, el solo tener la nominaci\u00f3n, todos somos ganadores\u201d.<\/p>\n<p><strong>Olga Ta\u00f1\u00f3n.<\/strong><\/p>\n<p>\u201cVengo vestida nada mas, ni nada menos, que de mi closet.com (risas). El traje si es de un dise\u00f1ador pero quien paga las cosas soy yo as\u00ed que no tengo por que darle publicidad, no me da la gana, lo pagu\u00e9 y no es prestado. De mi m\u00fasica tengo ya un tema pero el nombre ser\u00e1 hasta diciembre que lo sepan cuando este de promoci\u00f3n. Me siento muy feliz y ayer se lo dije a Marc, que es mi hermano del alma, muy merecido el Premio Billboard \u2018Sal\u00f3n de la Fama\u2019, por todo lo que ha hecho y no solo por su carrera art\u00edstica sino por su influencia como artista en m\u00faltiples campos\u201d.<\/p>\n<div id=\"attachment_384901\" style=\"width: 715px\" class=\"wp-caption aligncenter\"><a href=\"https:\/\/diarioelpopular.com\/wp-content\/uploads\/2012\/05\/web.168.jpg\"><img loading=\"lazy\" decoding=\"async\" aria-describedby=\"caption-attachment-384901\" class=\"size-full wp-image-384901\" title=\"web.168\" src=\"https:\/\/diarioelpopular.com\/wp-content\/uploads\/2012\/05\/web.168.jpg\" alt=\"\" width=\"705\" height=\"420\" \/><\/a><p id=\"caption-attachment-384901\" class=\"wp-caption-text\">A B Quintanilla<\/p><\/div>\n<p><strong>A B Quintanilla.<\/strong><\/p>\n<p>Despu\u00e9s de 17 a\u00f1os de la muerte de su hermana Selena, admite que ella sigue viva en su coraz\u00f3n.<\/p>\n<p>\u201cQuiero decirte que no fui el productor del disco de Selena \u2018Enamorada de ti\u2019, en donde hay duetos maravilloso que se lograron, lo que si te puedo comentar es que el favorito mio es \u2018Amor Prohibido\u2019, y estoy apoyando el proyecto ciento por ciento, es lo m\u00e1ximo para nosotros como familia ya que mi hermana luch\u00f3 mucho para llegar a donde lleg\u00f3 y es bonito que despu\u00e9s de 17 a\u00f1os estemos aun hablando de ella\u201d.<\/p>\n<div id=\"attachment_384902\" style=\"width: 715px\" class=\"wp-caption aligncenter\"><a href=\"https:\/\/diarioelpopular.com\/wp-content\/uploads\/2012\/05\/web.199.jpg\"><img loading=\"lazy\" decoding=\"async\" aria-describedby=\"caption-attachment-384902\" class=\"size-full wp-image-384902\" title=\"web.199\" src=\"https:\/\/diarioelpopular.com\/wp-content\/uploads\/2012\/05\/web.199.jpg\" alt=\"\" width=\"705\" height=\"420\" \/><\/a><p id=\"caption-attachment-384902\" class=\"wp-caption-text\">Chino &amp; Nacho<\/p><\/div>\n<p><strong>Chino &amp; Nacho.<\/strong><\/p>\n<p>\u201cMuy contentos y muy agradecidos de estar nuevamente en los Premios Billboard con una canci\u00f3n muy bonita. Son tres nominaciones y lo mas importante es el poder compartir con tantos compa\u00f1eros del gremio, es la oportunidad perfecta ya que de lo contrario nos mantenemos todos viajando de un lado para otro\u201d.<\/p>\n<div id=\"attachment_384903\" style=\"width: 715px\" class=\"wp-caption aligncenter\"><a href=\"https:\/\/diarioelpopular.com\/wp-content\/uploads\/2012\/05\/web.263.jpg\"><img loading=\"lazy\" decoding=\"async\" aria-describedby=\"caption-attachment-384903\" class=\"size-full wp-image-384903\" title=\"web.263\" src=\"https:\/\/diarioelpopular.com\/wp-content\/uploads\/2012\/05\/web.263.jpg\" alt=\"\" width=\"705\" height=\"420\" \/><\/a><p id=\"caption-attachment-384903\" class=\"wp-caption-text\">Ximena Duque<\/p><\/div>\n<p><strong>Ximena Duque.<\/strong><\/p>\n<p>\u201cMi vestido es de Rosita Hurtado, el color me encant\u00f3 y me arregl\u00f3 Jessica Mej\u00eda. Para quienes est\u00e1n siguiendo la novela Coraz\u00f3n Valiente, solo les digo que no se la pueden perder van a pasar muchas cosas y no les adelanto nada sino la magia se pierde. Carlos no vino conmigo, anda perdido en el espacio, si lo ves me dices\u201d, anot\u00f3 la estrella que realmente estaba deslumbrante.<\/p>\n<p><strong>Maritza Rodr\u00edguez.<\/strong><\/p>\n<p>\u201cEl vestido es de \u00c1ngel S\u00e1nchez, fui a New York ya que \u00c1ngel quer\u00eda vestirme y vengo arreglada por el estilista Leonardo Rocco. Ahora me estoy preparando para la nueva novela de Telemundo \u2018El Rostro de la venganza\u2019 que tambi\u00e9n esta llena de misterio. El que la escribe es un chileno, Sebasti\u00e1n y esta muy interesante, esta vez vengo de buena pero agarrasen\u201d.<\/p>\n<p><strong>Sonya Smith.<\/strong><\/p>\n<p>\u201cEl vestido es de Rosita Hurtado, los zapatos son de Nina y Emilio Uribe me maquill\u00f3 y fue quien le dio este nuevo look a mi cabello, aparte que me refresc\u00f3 mucho, pero no me lo he cortado, les quiero aclarar. Gabriel no vino conmigo ya que tenia unos compromisos pero les mando a todos mucho cari\u00f1o\u201d.<\/p>\n<p><strong>Ana Layevska.<\/strong><\/p>\n<p>\u201cEl vestido lo compr\u00e9 online, yo no me complico para nada. Ando trabajando much\u00edsimo, estamos grabando y a la gente le esta gustando mucho la novela. Han habido cambios y vienen muchos mas, y para mi ha sido una experiencia muy gratificante a nivel actoral, tengo que confesar que me siento muy tranquila y muy a gusto\u201d.<\/p>\n<p><strong>Adriana Fonseca.<\/strong><\/p>\n<p>\u201cVengo vestida de Ozcar G, es cubano, s\u00faper talentoso y me encanta por que su moda es muy ecl\u00e9ctica. El color es de mis favoritos aparte de que est\u00e1 en la temporada y las joyas son diamantes, rub\u00eds y esmeraldas de Jackie Abraham. En cuanto a la novela \u2018Coraz\u00f3n Valiente\u2019, est\u00e9n muy atentos que van a pasar muchas cosas, hasta a mi me tiene medio loca la escritora pero es una s\u00faper historia\u201d.<\/p>\n<p style=\"text-align: left\" align=\"center\"><strong>Y los grandes ganadores&#8230;<\/strong><\/p>\n<div id=\"attachment_384904\" style=\"width: 715px\" class=\"wp-caption aligncenter\"><a href=\"https:\/\/diarioelpopular.com\/wp-content\/uploads\/2012\/05\/web.crist_.castro.jpg\"><img loading=\"lazy\" decoding=\"async\" aria-describedby=\"caption-attachment-384904\" class=\"size-full wp-image-384904\" title=\"web.crist.castro\" src=\"https:\/\/diarioelpopular.com\/wp-content\/uploads\/2012\/05\/web.crist_.castro.jpg\" alt=\"\" width=\"705\" height=\"420\" \/><\/a><p id=\"caption-attachment-384904\" class=\"wp-caption-text\">Cristian Castro<\/p><\/div>\n<p align=\"center\"><strong>Cristian Castro<\/strong><\/p>\n<p>Los Premios Billboard presentados por State Farm\u00ae se entregaron el pasado jueves 26 de Abril en el BankUnited Center de Miami, con una ceremonia que fue conducida por Ayl\u00edn Mujica y Daniel Sarcos, a quienes pudo not\u00e1rseles la buena qu\u00edmica durante el show.<\/p>\n<p>Don Omar y Prince Royce fueron los grandes ganadores al conseguir ocho galardones cada uno. El d\u00fao puertorrique\u00f1o de reggaet\u00f3n Wisin &amp; Yandel y el cantante portugu\u00e9s Lucenzo se llevaron para su casa\u00a0 tres cada uno, mientras que Cristian Castro, Gerardo Ortiz, Aventura y Los Bukis recibieron dos premios cada uno.<\/p>\n<p>Shakira se llevo cuatro galardones, Man\u00e1 recibi\u00f3 cinco premios,\u00a0 Enrique Iglesias no solo se llev\u00f3 el galard\u00f3n como artista del a\u00f1o,\u00a0 sino que fue nombrado ganador del \u2018Premio Tu Mundo\u2019 al recibir la mayor\u00eda de votos de los seguidores en la p\u00e1gina web de Telemundo.<\/p>\n<p>La actuaci\u00f3n de grandes artistas arranc\u00f3 interminables aplausos. El evento lo abri\u00f3 Pitbull interpretando algunos de sus \u00e9xitos, Paulina Rubio con su gran estreno en ingl\u00e9s de Boys Will Be Boys, mientras que Juanes cant\u00f3 dos temas: La se\u00f1al y Me enamora. Tambi\u00e9n cont\u00f3 la noche con actuaciones como la de Olga Ta\u00f1\u00f3n y Gilberto Santa Rosa\u00a0 quienes interpretaron dos de los grandes \u00e9xitos de su compatriota Marc Anthony quien subi\u00f3 al escenario y al final\u00a0 los tres cantaron juntos \u2018Que precio tiene el cielo\u2019, poniendo a bailar al p\u00fablico que los escuchaba de pie.<\/p>\n<p>Marc Anthony fue homenajeado con el Premio Billboard \u2018Sal\u00f3n de la Fama\u2019, que recibi\u00f3 de parte de Leila Cobo y Emilio Estefan. Marc muy emocionado, casi hasta las l\u00e1grimas, le agradeci\u00f3 a su p\u00fablico y a su equipo de trabajo.<\/p>\n<p>\u201cEsto no se hace solo. Tengo un equipo de trabajo incre\u00edble, es un momento s\u00faper especial. Imaginen los sue\u00f1os de un ni\u00f1o en las calles de Nueva York. Compartir este momento con mis colegas a trav\u00e9s de tantos a\u00f1os es algo muy especial. Todos los que estamos aqu\u00ed decimos que nos sacrificamos para poder tener una carrera, pero quiero reconocer a mis hijos y a mi familia, porque ellos tambi\u00e9n se han sacrificado. I love you too baby, le dijo a su novia Shannon. Estoy empezando, me falta mucho\u201d, concluy\u00f3 el cantautor, actor, productor y empresario.<\/p>\n<p>Y quien cerr\u00f3 la velada fue el \u00eddolo brasile\u00f1o Michel Tel\u00f3 interpretando su \u00e9xito mundial Ai Se Te Eu Pego, tema que ha tenido m\u00e1s de 300 millones de hits en YouTube.<\/p>\n<p>Con muchos de los famosos que pasaron por la Alfombra Roja conversamos y estos son sus mensajes:<\/p>\n<div id=\"attachment_384905\" style=\"width: 715px\" class=\"wp-caption aligncenter\"><a href=\"https:\/\/diarioelpopular.com\/wp-content\/uploads\/2012\/05\/web.112.jpg\"><img loading=\"lazy\" decoding=\"async\" aria-describedby=\"caption-attachment-384905\" class=\"size-full wp-image-384905\" title=\"web.112\" src=\"https:\/\/diarioelpopular.com\/wp-content\/uploads\/2012\/05\/web.112.jpg\" alt=\"\" width=\"705\" height=\"420\" \/><\/a><p id=\"caption-attachment-384905\" class=\"wp-caption-text\">Daniel Sarcos<\/p><\/div>\n<p><strong>Daniel Sarcos.<\/strong><\/p>\n<p>\u201cMuchas gracias por abrirme la puerta de sus hogares, aqu\u00ed estamos creciendo y consolidando \u2018Lev\u00e1ntate\u2019 que ya cumple su primer aniversario y gracias a Dios todo ha salido muy bien. Cada vez que me llaman para animar los Billboard a la m\u00fasica Latina creo que es una equivocaci\u00f3n y antes de celebrar llamo para preguntar. No, pero hablando en serio, me siento muy agradecido de quienes toman la decisi\u00f3n, el \u00fanico problema que tengo es poder tener buena concentraci\u00f3n, imag\u00ednate estar mirando el cuerpo de Ayl\u00edn Mujica todo el tiempo y\u00a0 animar al mismo tiempo, dif\u00edcil \u00bfno?\u201d, risas.<\/p>\n<div id=\"attachment_384906\" style=\"width: 715px\" class=\"wp-caption aligncenter\"><a href=\"https:\/\/diarioelpopular.com\/wp-content\/uploads\/2012\/05\/web.215.emilio.jpg\"><img loading=\"lazy\" decoding=\"async\" aria-describedby=\"caption-attachment-384906\" class=\"size-full wp-image-384906\" title=\"web.215.emilio\" src=\"https:\/\/diarioelpopular.com\/wp-content\/uploads\/2012\/05\/web.215.emilio.jpg\" alt=\"\" width=\"705\" height=\"420\" \/><\/a><p id=\"caption-attachment-384906\" class=\"wp-caption-text\">Emilio Estefan<\/p><\/div>\n<p><strong>Emilio Estefan.<\/strong><\/p>\n<p>\u201cEstamos trabajando fuertemente para sacar nuevos talentos y para que la m\u00fasica latina siga creciendo d\u00eda con d\u00eda. Me siento muy contento de poder entregarle a Marc Anthony su premio ya que en realidad ha hecho mucho por la m\u00fasica y es un gran artista\u201d.<\/p>\n<div id=\"attachment_384907\" style=\"width: 715px\" class=\"wp-caption aligncenter\"><a href=\"https:\/\/diarioelpopular.com\/wp-content\/uploads\/2012\/05\/web.161.jpg\"><img loading=\"lazy\" decoding=\"async\" aria-describedby=\"caption-attachment-384907\" class=\"size-full wp-image-384907\" title=\"web.161\" src=\"https:\/\/diarioelpopular.com\/wp-content\/uploads\/2012\/05\/web.161.jpg\" alt=\"\" width=\"705\" height=\"420\" \/><\/a><p id=\"caption-attachment-384907\" class=\"wp-caption-text\">La Doctora Ana Mar\u00eda Polo<\/p><\/div>\n<p><strong>La Doctora Ana Mar\u00eda Polo.<\/strong><\/p>\n<p>\u201cMe siento muy halagada de poder entregar el premio \u2018Album del A\u00f1o\u2019, es algo muy importante porque recopilas ah\u00ed el trabajo del artista en un mundo complicado donde tenemos tanta accesibilidad a tanta m\u00fasica al instante. El traje es de la dise\u00f1adora Moni Clair y aunque no la conozco en persona nos llevamos muy bien porque me puedo dar el lujo de ir una semana antes a la tienda a probarme lo que me gusta y lo \u00fanico que tienen que hacer es hacerle el ruedo, adem\u00e1s puedo respirar, como dice Pen\u00e9lope Cruz\u201d.<\/p>\n<div id=\"attachment_384908\" style=\"width: 715px\" class=\"wp-caption aligncenter\"><a href=\"https:\/\/diarioelpopular.com\/wp-content\/uploads\/2012\/05\/web.o12.jpg\"><img loading=\"lazy\" decoding=\"async\" aria-describedby=\"caption-attachment-384908\" class=\"size-full wp-image-384908\" title=\"web.o12\" src=\"https:\/\/diarioelpopular.com\/wp-content\/uploads\/2012\/05\/web.o12.jpg\" alt=\"\" width=\"705\" height=\"420\" \/><\/a><p id=\"caption-attachment-384908\" class=\"wp-caption-text\">M\u00f3nica Noguera<\/p><\/div>\n<p><strong>M\u00f3nica Noguera.<\/strong><\/p>\n<p>\u201cAndo de gira art\u00edstica con Man\u00e1 pero me doy mi tiempo para estar en uno de los premios con m\u00e1s credibilidad que existen. Solo puedo decirles que la cancion que mas me gusta del grupo se llama \u2018Arr\u00e1ncame el coraz\u00f3n\u2019, no me dejan hablar nada mas, se los juro\u201d, dijo la ojiverde que anda muy enamorada de Fher y quien llego vestida de Monique Lhuillier.<\/p>\n<p><strong>Omar Germenos.<\/strong><\/p>\n<p>\u201cUna tarde maravillosa y vengo esta vez a bailar y a disfrutar. Estoy haciendo ahora obras de teatro, de hecho ya llevo un mes y este fin de semana se cierra la temporada de un evento que se llama \u2018Micro-teatro\u2019, en el Centro Cultural Espa\u00f1ol, ha tenido mucho \u00e9xito. Hoy vine vestido de Armani\u201d.<\/p>\n<p>Muchas celebridades estuvieron en la noche de los Premios Billboard como el Se\u00f1or Joseph Jackson padre del artista musical m\u00e1s exitoso de todos los tiempos, Michael Jackson.<\/p>\n<div id=\"attachment_384909\" style=\"width: 715px\" class=\"wp-caption aligncenter\"><a href=\"https:\/\/diarioelpopular.com\/wp-content\/uploads\/2012\/05\/web.277.jpg\"><img loading=\"lazy\" decoding=\"async\" aria-describedby=\"caption-attachment-384909\" class=\"size-full wp-image-384909\" title=\"web.277\" src=\"https:\/\/diarioelpopular.com\/wp-content\/uploads\/2012\/05\/web.277.jpg\" alt=\"\" width=\"705\" height=\"420\" \/><\/a><p id=\"caption-attachment-384909\" class=\"wp-caption-text\">Joseph JacksonFotos: Frank.<\/p><\/div>\n","protected":false},"excerpt":{"rendered":"<p>Los Premios Billboard presentados por State Farm\u00ae se entregaron el pasado jueves 26 de Abril en el BankUnited Center de Miami, con una ceremonia que fue conducida por Ayl\u00edn Mujica y Daniel Sarcos, a quienes pudo not\u00e1rseles la buena qu\u00edmica durante el show.<\/p>\n","protected":false},"author":1,"featured_media":384917,"comment_status":"open","ping_status":"open","sticky":false,"template":"","format":"standard","meta":{"footnotes":""},"categories":[80,24],"tags":[346,195,3168],"class_list":["post-384900","post","type-post","status-publish","format-standard","has-post-thumbnail","hentry","category-cine-2","category-mundo","tag-billboard","tag-musica","tag-premios"],"_links":{"self":[{"href":"https:\/\/diarioelpopular.com\/index.php\/wp-json\/wp\/v2\/posts\/384900","targetHints":{"allow":["GET"]}}],"collection":[{"href":"https:\/\/diarioelpopular.com\/index.php\/wp-json\/wp\/v2\/posts"}],"about":[{"href":"https:\/\/diarioelpopular.com\/index.php\/wp-json\/wp\/v2\/types\/post"}],"author":[{"embeddable":true,"href":"https:\/\/diarioelpopular.com\/index.php\/wp-json\/wp\/v2\/users\/1"}],"replies":[{"embeddable":true,"href":"https:\/\/diarioelpopular.com\/index.php\/wp-json\/wp\/v2\/comments?post=384900"}],"version-history":[{"count":0,"href":"https:\/\/diarioelpopular.com\/index.php\/wp-json\/wp\/v2\/posts\/384900\/revisions"}],"wp:featuredmedia":[{"embeddable":true,"href":"https:\/\/diarioelpopular.com\/index.php\/wp-json\/"}],"wp:attachment":[{"href":"https:\/\/diarioelpopular.com\/index.php\/wp-json\/wp\/v2\/media?parent=384900"}],"wp:term":[{"taxonomy":"category","embeddable":true,"href":"https:\/\/diarioelpopular.com\/index.php\/wp-json\/wp\/v2\/categories?post=384900"},{"taxonomy":"post_tag","embeddable":true,"href":"https:\/\/diarioelpopular.com\/index.php\/wp-json\/wp\/v2\/tags?post=384900"}],"curies":[{"name":"wp","href":"https:\/\/api.w.org\/{rel}","templated":true}]}}