{"id":386071,"date":"2012-05-08T23:14:31","date_gmt":"2012-05-09T03:14:31","guid":{"rendered":"http:\/\/diarioelpopular.com\/?p=386071"},"modified":"2012-05-08T23:14:31","modified_gmt":"2012-05-09T03:14:31","slug":"juanes-contagiado-por-su-mtv-unplugged-hara-una-gira-por-teatros","status":"publish","type":"post","link":"https:\/\/diarioelpopular.com\/index.php\/2012\/05\/08\/juanes-contagiado-por-su-mtv-unplugged-hara-una-gira-por-teatros\/","title":{"rendered":"Juanes, contagiado por su &#8220;MTV Unplugged&#8221;, har\u00e1 una gira por teatros"},"content":{"rendered":"<div id=\"attachment_386072\" style=\"width: 710px\" class=\"wp-caption aligncenter\"><a href=\"https:\/\/diarioelpopular.com\/wp-content\/uploads\/2012\/05\/web.juanes.jpg\"><img loading=\"lazy\" decoding=\"async\" aria-describedby=\"caption-attachment-386072\" class=\"size-full wp-image-386072\" title=\"web.juanes\" src=\"https:\/\/diarioelpopular.com\/wp-content\/uploads\/2012\/05\/web.juanes.jpg\" alt=\"\" width=\"700\" height=\"420\" \/><\/a><p id=\"caption-attachment-386072\" class=\"wp-caption-text\">MADRID.- El cantante colombiano Juanes posa con motivo de la salida al mercado de su primer disco grabado en vivo, &quot;Juanes MTV Unplugged&quot;.<\/p><\/div>\n<p>Javier Herrero<\/p>\n<p><strong><em>Madrid.-<\/em><\/strong> Recuperado del agotamiento al que lleg\u00f3 hace unos meses, el cantante Juanes ha puesto punto y final a su anunciado retiro temporal con su primer disco ac\u00fastico, &#8220;Juanes MTV Unplugged&#8221;, un trabajo \u00edntimo que ha prendido en el colombiano, pues anuncia que en breve iniciar\u00e1 una gira mundial por teatros.<\/p>\n<p>En principio, esta gira empezar\u00eda a finales de agosto en M\u00e9xico y, ya en octubre, pasar\u00eda por Espa\u00f1a y algunos pa\u00edses de Europa. Luego, seguir\u00eda hacia Colombia y el resto de Latinoam\u00e9rica.<\/p>\n<p>Presenta su \u00faltimo trabajo con un tema in\u00e9dito, uno de los tres que contiene, llamado &#8220;La se\u00f1al&#8221; y que, seg\u00fan cuenta su autor en Madrid, trata de la &#8220;b\u00fasqueda constante de respuestas&#8221;, que a menudo se hallan dentro de nosotros mismos.<\/p>\n<p>\u00c9l percibi\u00f3 una se\u00f1al &#8220;importante&#8221; hace relativamente poco, aunque en este caso fue una alerta de peligro. &#8220;Decid\u00ed hacer un peque\u00f1o stop y replantearme mi carrera, decidir qu\u00e9 quer\u00eda hacer&#8221;, cuenta.<\/p>\n<p>Ese ansiado par\u00f3n lleg\u00f3 tras su \u00faltima gira espa\u00f1ola, el pasado a\u00f1o. Disfrut\u00f3 de meses de tranquilidad en los que trabaj\u00f3 en casa, momento en que lleg\u00f3 la invitaci\u00f3n de MTV.<br \/>\n\u00c9sta cristaliz\u00f3 en un concierto grabado el pasado febrero en Miami, que se emitir\u00e1 el 27 de mayo en la red de canales de MTV en Latinoam\u00e9rica y el 2 de junio en Espa\u00f1a<br \/>\nEn \u00e9l dio forma adem\u00e1s a dos atesorados proyectos nacidos de encuentros en los meses previos con sendos grandes maestros: el dominicano Juan Luis Guerra, productor del concierto, y el espa\u00f1ol Joaqu\u00edn Sabina, junto al que compuso e interpreta el tema in\u00e9dito &#8220;Azul&#8221;<br \/>\n&#8220;Para m\u00ed ha sido una bendici\u00f3n contar con Juan Luis. Lleg\u00f3 con una energ\u00eda muy especial&#8221;, dice sobre el toque de Guerra en la producci\u00f3n y en la composici\u00f3n de los nuevos temas, aportando &#8220;mucha precisi\u00f3n, elegancia y tambi\u00e9n color del Caribe&#8221;.<br \/>\nJuanes, que se declara admirador de la &#8220;l\u00edrica espectacular&#8221; de Sabina, conoci\u00f3 al autor de &#8220;Princesa&#8221; en 2011 en Madrid y compartieron una larga noche de charla en la que tuvieron &#8220;muy buena onda&#8221;<br \/>\nLa oportunidad de grabar su primera canci\u00f3n conjunta la dio este proyecto y se concret\u00f3 durante la estancia reciente de Sabina en Miami. Guerra y Juanes crearon una melod\u00eda y se la enviaron al cantautor espa\u00f1ol para que le pusiera letra.<\/p>\n<p>&#8220;Sali\u00f3 algo espectacular, que es fruto en gran parte de la charla que tuvimos aquel d\u00eda, como una especia de ense\u00f1anza de alguien con mucha experiencia en la vida&#8221;, explica Juanes, quien opina que la m\u00e1s importante lecci\u00f3n recibida del espa\u00f1ol ha sido la de &#8220;escuchar al coraz\u00f3n&#8221;.<\/p>\n<p>Juanes define este disco como &#8220;una isla&#8221; entre su pasado de \u00e9xitos y su anunciada nueva etapa, que le ha permitido darse &#8220;el lujo&#8221; de probar el blues, el jazz, piezas m\u00e1s caribe\u00f1as o m\u00e1s cl\u00e1sicas y mezclarlas todas.<\/p>\n<p>&#8220;Me emociona mucho el formato. Me recuerda cuando siendo ni\u00f1o tocaba la guitarra en la sala de mi casa, de noche&#8221;, rememora Juanes, quien anuncia una gira por lugares peque\u00f1os, &#8220;para estar m\u00e1s cerca de los fans y darle vida a otras canciones que no est\u00e1n en este disco&#8221;.<\/p>\n<p>Paralelamente, grabar\u00e1 su nuevo \u00e1lbum de estudio, el sexto ya, en el que, escuchando a su coraz\u00f3n, buscar\u00e1 &#8220;nuevas alternativas en la m\u00fasica&#8221;, probablemente &#8220;dentro del rock&#8221;, con la guitarra como eje.<\/p>\n<p>&#8220;No quiero repetir lo que ya hice. Es el momento de arriesgar mucho m\u00e1s&#8221;, cuenta el artista, que tiene una canci\u00f3n casi lista escrita por Juan Gabriel, al que considera &#8220;uno de los mejores compositores que tiene M\u00e9xico, como un Elvis Presley mexicano&#8221;.<\/p>\n","protected":false},"excerpt":{"rendered":"<p>Recuperado del agotamiento al que lleg\u00f3 hace unos meses, el cantante Juanes ha puesto punto y final a su anunciado retiro temporal con su primer disco ac\u00fastico, &#8220;Juanes MTV Unplugged&#8221;.<\/p>\n","protected":false},"author":1,"featured_media":386072,"comment_status":"open","ping_status":"open","sticky":false,"template":"","format":"standard","meta":{"footnotes":""},"categories":[24],"tags":[3230,195],"class_list":["post-386071","post","type-post","status-publish","format-standard","has-post-thumbnail","hentry","category-mundo","tag-juanes","tag-musica"],"_links":{"self":[{"href":"https:\/\/diarioelpopular.com\/index.php\/wp-json\/wp\/v2\/posts\/386071","targetHints":{"allow":["GET"]}}],"collection":[{"href":"https:\/\/diarioelpopular.com\/index.php\/wp-json\/wp\/v2\/posts"}],"about":[{"href":"https:\/\/diarioelpopular.com\/index.php\/wp-json\/wp\/v2\/types\/post"}],"author":[{"embeddable":true,"href":"https:\/\/diarioelpopular.com\/index.php\/wp-json\/wp\/v2\/users\/1"}],"replies":[{"embeddable":true,"href":"https:\/\/diarioelpopular.com\/index.php\/wp-json\/wp\/v2\/comments?post=386071"}],"version-history":[{"count":0,"href":"https:\/\/diarioelpopular.com\/index.php\/wp-json\/wp\/v2\/posts\/386071\/revisions"}],"wp:featuredmedia":[{"embeddable":true,"href":"https:\/\/diarioelpopular.com\/index.php\/wp-json\/"}],"wp:attachment":[{"href":"https:\/\/diarioelpopular.com\/index.php\/wp-json\/wp\/v2\/media?parent=386071"}],"wp:term":[{"taxonomy":"category","embeddable":true,"href":"https:\/\/diarioelpopular.com\/index.php\/wp-json\/wp\/v2\/categories?post=386071"},{"taxonomy":"post_tag","embeddable":true,"href":"https:\/\/diarioelpopular.com\/index.php\/wp-json\/wp\/v2\/tags?post=386071"}],"curies":[{"name":"wp","href":"https:\/\/api.w.org\/{rel}","templated":true}]}}