{"id":386078,"date":"2012-05-08T23:13:04","date_gmt":"2012-05-09T03:13:04","guid":{"rendered":"http:\/\/diarioelpopular.com\/?p=386078"},"modified":"2012-05-08T23:13:04","modified_gmt":"2012-05-09T03:13:04","slug":"carles-puyol-seis-semanas-de-baja-no-jugara-la-final-de-copa","status":"publish","type":"post","link":"https:\/\/diarioelpopular.com\/index.php\/2012\/05\/08\/carles-puyol-seis-semanas-de-baja-no-jugara-la-final-de-copa\/","title":{"rendered":"Carles Puyol, seis semanas de baja, no jugar\u00e1 la final de Copa"},"content":{"rendered":"<div id=\"attachment_386079\" style=\"width: 710px\" class=\"wp-caption aligncenter\"><a href=\"https:\/\/diarioelpopular.com\/wp-content\/uploads\/2012\/05\/web.puyol_.jpg\"><img loading=\"lazy\" decoding=\"async\" aria-describedby=\"caption-attachment-386079\" class=\"size-full wp-image-386079\" title=\"web.puyol\" src=\"https:\/\/diarioelpopular.com\/wp-content\/uploads\/2012\/05\/web.puyol_.jpg\" alt=\"\" width=\"700\" height=\"420\" \/><\/a><p id=\"caption-attachment-386079\" class=\"wp-caption-text\">MADRID.- Fotograf\u00eda de archivo del capit\u00e1n del FC Barcelona, Carles Puyol, tras marcar un gol al M\u00e1laga en el partido de Liga. Puyol no podr\u00e1 jugar la final de Copa ante el Athletic del pr\u00f3ximo 25 de mayo a causa de unas molestias en la rodilla derecha que le obligar\u00e1n a ser intervenido y estar de baja durante seis semanas. Seg\u00fan han anunciado los servicios m\u00e9dicos del club catal\u00e1n,Puyol se quej\u00f3 de problemas f\u00edsicos tras el partido ante el Espanyol y despu\u00e9s de pasar una serie de pruebas, el jugador tendr\u00e1 que someterse a una artroscopia.<\/p><\/div>\n<p><strong><em>Barcelona.-<\/em><\/strong> El capit\u00e1n barcelonista Carles\u00a0Puyol\u00a0no podr\u00e1 jugar la final de Copa ante el Athletic del pr\u00f3ximo 25 de mayo a causa de unas molestias en la rodilla derecha que le obligar\u00e1n a ser intervenido y estar de baja durante seis semanas.<\/p>\n<p>Seg\u00fan han anunciado los servicios m\u00e9dicos del club catal\u00e1n,\u00a0Puyol\u00a0se quej\u00f3 de problemas f\u00edsicos tras el partido ante el Espanyol y despu\u00e9s de pasar una serie de pruebas, el jugador tendr\u00e1 que someterse a una artroscopia.<\/p>\n<p>&#8220;Despu\u00e9s de las pruebas complementarias realizadas, se decide someter al jugador a una artroscopia el pr\u00f3ximo s\u00e1bado 12 de mayo&#8221;, han asegurado los m\u00e9dicos barcelonistas.<br \/>\nLa intervenci\u00f3n quir\u00fargica correr\u00e1 a cargo del doctor Ramon Cugat. El tiempo aproximado de baja ser\u00e1 en torno a las seis semanas.<\/p>\n","protected":false},"excerpt":{"rendered":"<p>El capit\u00e1n barcelonista Carles Puyol no podr\u00e1 jugar la final de Copa ante el Athletic del pr\u00f3ximo 25 de mayo a causa de unas molestias en la rodilla derecha que le obligar\u00e1n a ser intervenido y estar de baja durante seis semanas.<\/p>\n","protected":false},"author":1,"featured_media":386079,"comment_status":"open","ping_status":"open","sticky":false,"template":"","format":"standard","meta":{"footnotes":""},"categories":[28],"tags":[3212,3234,2442,3235,3236,3237],"class_list":["post-386078","post","type-post","status-publish","format-standard","has-post-thumbnail","hentry","category-deportes","tag-baja","tag-charles","tag-de","tag-puyol","tag-seis","tag-semanas"],"_links":{"self":[{"href":"https:\/\/diarioelpopular.com\/index.php\/wp-json\/wp\/v2\/posts\/386078","targetHints":{"allow":["GET"]}}],"collection":[{"href":"https:\/\/diarioelpopular.com\/index.php\/wp-json\/wp\/v2\/posts"}],"about":[{"href":"https:\/\/diarioelpopular.com\/index.php\/wp-json\/wp\/v2\/types\/post"}],"author":[{"embeddable":true,"href":"https:\/\/diarioelpopular.com\/index.php\/wp-json\/wp\/v2\/users\/1"}],"replies":[{"embeddable":true,"href":"https:\/\/diarioelpopular.com\/index.php\/wp-json\/wp\/v2\/comments?post=386078"}],"version-history":[{"count":0,"href":"https:\/\/diarioelpopular.com\/index.php\/wp-json\/wp\/v2\/posts\/386078\/revisions"}],"wp:featuredmedia":[{"embeddable":true,"href":"https:\/\/diarioelpopular.com\/index.php\/wp-json\/"}],"wp:attachment":[{"href":"https:\/\/diarioelpopular.com\/index.php\/wp-json\/wp\/v2\/media?parent=386078"}],"wp:term":[{"taxonomy":"category","embeddable":true,"href":"https:\/\/diarioelpopular.com\/index.php\/wp-json\/wp\/v2\/categories?post=386078"},{"taxonomy":"post_tag","embeddable":true,"href":"https:\/\/diarioelpopular.com\/index.php\/wp-json\/wp\/v2\/tags?post=386078"}],"curies":[{"name":"wp","href":"https:\/\/api.w.org\/{rel}","templated":true}]}}